{"id":10089,"date":"2024-05-02T11:48:05","date_gmt":"2024-05-02T11:48:05","guid":{"rendered":"http:\/\/scootertime.ch\/?p=10089"},"modified":"2024-05-02T11:48:06","modified_gmt":"2024-05-02T11:48:06","slug":"neuer-polini-evolution-kit-fuer-vespa-125-2t-primavera-et3","status":"publish","type":"post","link":"https:\/\/scootertime.ch\/de\/neuer-polini-evolution-kit-fuer-vespa-125-2t-primavera-et3\/","title":{"rendered":"NEUER POLINI EVOLUTION KIT F\u00dcR VESPA 125 2T PRIMAVERA ET3"},"content":{"rendered":"\n<h4 class=\"wp-block-heading\"><strong>Polini Motori pr\u00e4sentiert den neuen Evolution-Kit mit Drehschiebereinlass f\u00fcr die Vespa 125 Primavera ET3 &#8211;<\/strong><\/h4>\n\n\n\n<p>Eine absolute Neuheit, die nicht nur auf dem Pr\u00fcfstand und in der Rennabteilung getestet wurde, sondern auch vom Polini Team anl\u00e4sslich der Endurance 500 km von Pomposa, das seine Zuverl\u00e4ssigkeit und Widerstandsf\u00e4higkeit unter hohen Stresssituationen best\u00e4tigt.<\/p>\n<p>Er hat sehr hohe Leistungseigenschaften unter allen Einsatzbedingungen und bei jeder Art von Rennen.<\/p>\n<p>Der Evolution-Kit mit Drehschiebereinlass passt auf alle Vespa 125 mit Kurbelwellen der gleichen Gr\u00f6\u00dfe wie das Original. Erh\u00e4ltlich ist auch eine Polini-Kurbelwelle, Code 210.0033, mit aus dem Block gefr\u00e4ster Pleuelstange, die vorverlegt und ausgewuchtet wurde, um sie unter Beibehaltung des Originalhubs von 51 mm einzubauen.<\/p>\n<p>Zus\u00e4tzlich zum Originalkr\u00fcmmer k\u00f6nnen je nach Kurbelgeh\u00e4use Polini-Kr\u00fcmmer mit 2 oder 3 L\u00f6chern montiert werden.<\/p>\n<p>Au\u00dferdem wurde speziell ein Kr\u00fcmmer entwickelt, der mit den Polini PWK-Vergasern kombiniert werden kann, die in den Gr\u00f6\u00dfen 24\/26\/28 erh\u00e4ltlich sind.<\/p>\n<p>Um die maximale Leistung zu erreichen, wird empfohlen, den Kr\u00fcmmer mit dem Schalld\u00e4mpfer Polini For Race, Artikel 200.0424, zu kombinieren.<\/p>\n<p>TECHNISCHE MERKMALE<\/p>\n<p>Der Zylinder aus Gusseisen hat eine Bohrung von 58 mm Durchmesser. Verteilungsdiagramm \u201eRacing\u201c. Sechs \u00dcbertragungs\u00f6ffnungen. Der im Schwerkraftverfahren gegossene Kolben aus Leichtmetall ist mit zwei verchromten Kolbenringen aus Gusseisen S10 ausgestattet. Der Zylinderkopf ist aus einem St\u00fcck gegossen und zur besseren W\u00e4rmeableitung wurden zus\u00e4tzliche Rippen unter der Zylinderkopfoberseite angebracht. Das Verdichtungsverh\u00e4ltnis wurde f\u00fcr maximale Leistung so ausgelegt.<\/p>\n<p>Artikel: 140.0050\/E<\/p>\n<p>\u00d6ffentlicher Preis \u20ac 315 + MwSt.<\/p>\n<p>100% in Italien hergestellt<\/p>\n","protected":false},"excerpt":{"rendered":"<p>Polini Motori pr\u00e4sentiert den neuen Evolution-Kit mit Drehschiebereinlass f\u00fcr die Vespa 125\u2026<\/p>\n","protected":false},"author":1,"featured_media":10087,"comment_status":"closed","ping_status":"closed","sticky":false,"template":"","format":"standard","meta":{"footnotes":""},"categories":[25,27],"tags":[],"class_list":["post-10089","post","type-post","status-publish","format-standard","has-post-thumbnail","hentry","category-bekleidung-accessoires","category-news-de"],"yoast_head":"<!-- This site is optimized with the Yoast SEO plugin v27.4 - https:\/\/yoast.com\/product\/yoast-seo-wordpress\/ -->\n<title>NEUER POLINI EVOLUTION KIT F\u00dcR VESPA 125 2T PRIMAVERA ET3 - Scootertime<\/title>\n<meta name=\"robots\" content=\"index, follow, max-snippet:-1, max-image-preview:large, max-video-preview:-1\" \/>\n<link rel=\"canonical\" href=\"https:\/\/scootertime.ch\/de\/neuer-polini-evolution-kit-fuer-vespa-125-2t-primavera-et3\/\" \/>\n<meta property=\"og:locale\" content=\"de_DE\" \/>\n<meta property=\"og:type\" content=\"article\" \/>\n<meta property=\"og:title\" content=\"NEUER POLINI EVOLUTION KIT F\u00dcR VESPA 125 2T PRIMAVERA ET3 - Scootertime\" \/>\n<meta property=\"og:description\" content=\"Polini Motori pr\u00e4sentiert den neuen Evolution-Kit mit Drehschiebereinlass f\u00fcr die Vespa 125\u2026\" \/>\n<meta property=\"og:url\" content=\"https:\/\/scootertime.ch\/de\/neuer-polini-evolution-kit-fuer-vespa-125-2t-primavera-et3\/\" \/>\n<meta property=\"og:site_name\" content=\"Scootertime\" \/>\n<meta property=\"article:published_time\" content=\"2024-05-02T11:48:05+00:00\" \/>\n<meta property=\"article:modified_time\" content=\"2024-05-02T11:48:06+00:00\" \/>\n<meta property=\"og:image\" content=\"https:\/\/scootertime.ch\/wp-content\/uploads\/2024\/05\/db474cd9-c3f3-bc2b-1fe4-54494890a9f6-1.jpg\" \/>\n\t<meta property=\"og:image:width\" content=\"538\" \/>\n\t<meta property=\"og:image:height\" content=\"400\" \/>\n\t<meta property=\"og:image:type\" content=\"image\/jpeg\" \/>\n<meta name=\"author\" content=\"Red. SCT\" \/>\n<meta name=\"twitter:card\" content=\"summary_large_image\" \/>\n<meta name=\"twitter:label1\" content=\"Verfasst von\" \/>\n\t<meta name=\"twitter:data1\" content=\"Red. SCT\" \/>\n\t<meta name=\"twitter:label2\" content=\"Gesch\u00e4tzte Lesezeit\" \/>\n\t<meta name=\"twitter:data2\" content=\"1\u00a0Minute\" \/>\n<script type=\"application\/ld+json\" class=\"yoast-schema-graph\">{\"@context\":\"https:\\\/\\\/schema.org\",\"@graph\":[{\"@type\":\"Article\",\"@id\":\"https:\\\/\\\/scootertime.ch\\\/de\\\/neuer-polini-evolution-kit-fuer-vespa-125-2t-primavera-et3\\\/#article\",\"isPartOf\":{\"@id\":\"https:\\\/\\\/scootertime.ch\\\/de\\\/neuer-polini-evolution-kit-fuer-vespa-125-2t-primavera-et3\\\/\"},\"author\":{\"name\":\"Red. SCT\",\"@id\":\"https:\\\/\\\/scootertime.ch\\\/#\\\/schema\\\/person\\\/7b982e4db7ec822a53954bf2b0df2537\"},\"headline\":\"NEUER POLINI EVOLUTION KIT F\u00dcR VESPA 125 2T PRIMAVERA ET3\",\"datePublished\":\"2024-05-02T11:48:05+00:00\",\"dateModified\":\"2024-05-02T11:48:06+00:00\",\"mainEntityOfPage\":{\"@id\":\"https:\\\/\\\/scootertime.ch\\\/de\\\/neuer-polini-evolution-kit-fuer-vespa-125-2t-primavera-et3\\\/\"},\"wordCount\":261,\"publisher\":{\"@id\":\"https:\\\/\\\/scootertime.ch\\\/#organization\"},\"image\":{\"@id\":\"https:\\\/\\\/scootertime.ch\\\/de\\\/neuer-polini-evolution-kit-fuer-vespa-125-2t-primavera-et3\\\/#primaryimage\"},\"thumbnailUrl\":\"https:\\\/\\\/scootertime.ch\\\/wp-content\\\/uploads\\\/2024\\\/05\\\/db474cd9-c3f3-bc2b-1fe4-54494890a9f6-1.jpg\",\"articleSection\":[\"Bekleidung &amp; Accessoires\",\"News\"],\"inLanguage\":\"de\"},{\"@type\":\"WebPage\",\"@id\":\"https:\\\/\\\/scootertime.ch\\\/de\\\/neuer-polini-evolution-kit-fuer-vespa-125-2t-primavera-et3\\\/\",\"url\":\"https:\\\/\\\/scootertime.ch\\\/de\\\/neuer-polini-evolution-kit-fuer-vespa-125-2t-primavera-et3\\\/\",\"name\":\"NEUER POLINI EVOLUTION KIT F\u00dcR VESPA 125 2T PRIMAVERA ET3 - Scootertime\",\"isPartOf\":{\"@id\":\"https:\\\/\\\/scootertime.ch\\\/#website\"},\"primaryImageOfPage\":{\"@id\":\"https:\\\/\\\/scootertime.ch\\\/de\\\/neuer-polini-evolution-kit-fuer-vespa-125-2t-primavera-et3\\\/#primaryimage\"},\"image\":{\"@id\":\"https:\\\/\\\/scootertime.ch\\\/de\\\/neuer-polini-evolution-kit-fuer-vespa-125-2t-primavera-et3\\\/#primaryimage\"},\"thumbnailUrl\":\"https:\\\/\\\/scootertime.ch\\\/wp-content\\\/uploads\\\/2024\\\/05\\\/db474cd9-c3f3-bc2b-1fe4-54494890a9f6-1.jpg\",\"datePublished\":\"2024-05-02T11:48:05+00:00\",\"dateModified\":\"2024-05-02T11:48:06+00:00\",\"breadcrumb\":{\"@id\":\"https:\\\/\\\/scootertime.ch\\\/de\\\/neuer-polini-evolution-kit-fuer-vespa-125-2t-primavera-et3\\\/#breadcrumb\"},\"inLanguage\":\"de\",\"potentialAction\":[{\"@type\":\"ReadAction\",\"target\":[\"https:\\\/\\\/scootertime.ch\\\/de\\\/neuer-polini-evolution-kit-fuer-vespa-125-2t-primavera-et3\\\/\"]}]},{\"@type\":\"ImageObject\",\"inLanguage\":\"de\",\"@id\":\"https:\\\/\\\/scootertime.ch\\\/de\\\/neuer-polini-evolution-kit-fuer-vespa-125-2t-primavera-et3\\\/#primaryimage\",\"url\":\"https:\\\/\\\/scootertime.ch\\\/wp-content\\\/uploads\\\/2024\\\/05\\\/db474cd9-c3f3-bc2b-1fe4-54494890a9f6-1.jpg\",\"contentUrl\":\"https:\\\/\\\/scootertime.ch\\\/wp-content\\\/uploads\\\/2024\\\/05\\\/db474cd9-c3f3-bc2b-1fe4-54494890a9f6-1.jpg\",\"width\":538,\"height\":400,\"caption\":\"db474cd9-c3f3-bc2b-1fe4-54494890a9f6\"},{\"@type\":\"BreadcrumbList\",\"@id\":\"https:\\\/\\\/scootertime.ch\\\/de\\\/neuer-polini-evolution-kit-fuer-vespa-125-2t-primavera-et3\\\/#breadcrumb\",\"itemListElement\":[{\"@type\":\"ListItem\",\"position\":1,\"name\":\"Home\",\"item\":\"https:\\\/\\\/scootertime.ch\\\/de\\\/\"},{\"@type\":\"ListItem\",\"position\":2,\"name\":\"NEUER POLINI EVOLUTION KIT F\u00dcR VESPA 125 2T PRIMAVERA ET3\"}]},{\"@type\":\"WebSite\",\"@id\":\"https:\\\/\\\/scootertime.ch\\\/#website\",\"url\":\"https:\\\/\\\/scootertime.ch\\\/\",\"name\":\"Scootertime\",\"description\":\"Das erste Schweizer Rollermagazin\",\"publisher\":{\"@id\":\"https:\\\/\\\/scootertime.ch\\\/#organization\"},\"potentialAction\":[{\"@type\":\"SearchAction\",\"target\":{\"@type\":\"EntryPoint\",\"urlTemplate\":\"https:\\\/\\\/scootertime.ch\\\/?s={search_term_string}\"},\"query-input\":{\"@type\":\"PropertyValueSpecification\",\"valueRequired\":true,\"valueName\":\"search_term_string\"}}],\"inLanguage\":\"de\"},{\"@type\":\"Organization\",\"@id\":\"https:\\\/\\\/scootertime.ch\\\/#organization\",\"name\":\"Scootertime\",\"url\":\"https:\\\/\\\/scootertime.ch\\\/\",\"logo\":{\"@type\":\"ImageObject\",\"inLanguage\":\"de\",\"@id\":\"https:\\\/\\\/scootertime.ch\\\/#\\\/schema\\\/logo\\\/image\\\/\",\"url\":\"https:\\\/\\\/scootertime.ch\\\/wp-content\\\/uploads\\\/2018\\\/04\\\/cropped-testata-fondo-nero.jpg\",\"contentUrl\":\"https:\\\/\\\/scootertime.ch\\\/wp-content\\\/uploads\\\/2018\\\/04\\\/cropped-testata-fondo-nero.jpg\",\"width\":280,\"height\":90,\"caption\":\"Scootertime\"},\"image\":{\"@id\":\"https:\\\/\\\/scootertime.ch\\\/#\\\/schema\\\/logo\\\/image\\\/\"}},{\"@type\":\"Person\",\"@id\":\"https:\\\/\\\/scootertime.ch\\\/#\\\/schema\\\/person\\\/7b982e4db7ec822a53954bf2b0df2537\",\"name\":\"Red. SCT\",\"image\":{\"@type\":\"ImageObject\",\"inLanguage\":\"de\",\"@id\":\"https:\\\/\\\/secure.gravatar.com\\\/avatar\\\/919071c8ee7b6d7474a8e74a8fb9c3b6d7b4606b6d24134ae156375f0b34bc19?s=96&d=mm&r=g\",\"url\":\"https:\\\/\\\/secure.gravatar.com\\\/avatar\\\/919071c8ee7b6d7474a8e74a8fb9c3b6d7b4606b6d24134ae156375f0b34bc19?s=96&d=mm&r=g\",\"contentUrl\":\"https:\\\/\\\/secure.gravatar.com\\\/avatar\\\/919071c8ee7b6d7474a8e74a8fb9c3b6d7b4606b6d24134ae156375f0b34bc19?s=96&d=mm&r=g\",\"caption\":\"Red. SCT\"},\"url\":\"https:\\\/\\\/scootertime.ch\\\/de\\\/author\\\/admin\\\/\"}]}<\/script>\n<!-- \/ Yoast SEO plugin. -->","yoast_head_json":{"title":"NEUER POLINI EVOLUTION KIT F\u00dcR VESPA 125 2T PRIMAVERA ET3 - Scootertime","robots":{"index":"index","follow":"follow","max-snippet":"max-snippet:-1","max-image-preview":"max-image-preview:large","max-video-preview":"max-video-preview:-1"},"canonical":"https:\/\/scootertime.ch\/de\/neuer-polini-evolution-kit-fuer-vespa-125-2t-primavera-et3\/","og_locale":"de_DE","og_type":"article","og_title":"NEUER POLINI EVOLUTION KIT F\u00dcR VESPA 125 2T PRIMAVERA ET3 - Scootertime","og_description":"Polini Motori pr\u00e4sentiert den neuen Evolution-Kit mit Drehschiebereinlass f\u00fcr die Vespa 125\u2026","og_url":"https:\/\/scootertime.ch\/de\/neuer-polini-evolution-kit-fuer-vespa-125-2t-primavera-et3\/","og_site_name":"Scootertime","article_published_time":"2024-05-02T11:48:05+00:00","article_modified_time":"2024-05-02T11:48:06+00:00","og_image":[{"width":538,"height":400,"url":"https:\/\/scootertime.ch\/wp-content\/uploads\/2024\/05\/db474cd9-c3f3-bc2b-1fe4-54494890a9f6-1.jpg","type":"image\/jpeg"}],"author":"Red. SCT","twitter_card":"summary_large_image","twitter_misc":{"Verfasst von":"Red. SCT","Gesch\u00e4tzte Lesezeit":"1\u00a0Minute"},"schema":{"@context":"https:\/\/schema.org","@graph":[{"@type":"Article","@id":"https:\/\/scootertime.ch\/de\/neuer-polini-evolution-kit-fuer-vespa-125-2t-primavera-et3\/#article","isPartOf":{"@id":"https:\/\/scootertime.ch\/de\/neuer-polini-evolution-kit-fuer-vespa-125-2t-primavera-et3\/"},"author":{"name":"Red. SCT","@id":"https:\/\/scootertime.ch\/#\/schema\/person\/7b982e4db7ec822a53954bf2b0df2537"},"headline":"NEUER POLINI EVOLUTION KIT F\u00dcR VESPA 125 2T PRIMAVERA ET3","datePublished":"2024-05-02T11:48:05+00:00","dateModified":"2024-05-02T11:48:06+00:00","mainEntityOfPage":{"@id":"https:\/\/scootertime.ch\/de\/neuer-polini-evolution-kit-fuer-vespa-125-2t-primavera-et3\/"},"wordCount":261,"publisher":{"@id":"https:\/\/scootertime.ch\/#organization"},"image":{"@id":"https:\/\/scootertime.ch\/de\/neuer-polini-evolution-kit-fuer-vespa-125-2t-primavera-et3\/#primaryimage"},"thumbnailUrl":"https:\/\/scootertime.ch\/wp-content\/uploads\/2024\/05\/db474cd9-c3f3-bc2b-1fe4-54494890a9f6-1.jpg","articleSection":["Bekleidung &amp; Accessoires","News"],"inLanguage":"de"},{"@type":"WebPage","@id":"https:\/\/scootertime.ch\/de\/neuer-polini-evolution-kit-fuer-vespa-125-2t-primavera-et3\/","url":"https:\/\/scootertime.ch\/de\/neuer-polini-evolution-kit-fuer-vespa-125-2t-primavera-et3\/","name":"NEUER POLINI EVOLUTION KIT F\u00dcR VESPA 125 2T PRIMAVERA ET3 - Scootertime","isPartOf":{"@id":"https:\/\/scootertime.ch\/#website"},"primaryImageOfPage":{"@id":"https:\/\/scootertime.ch\/de\/neuer-polini-evolution-kit-fuer-vespa-125-2t-primavera-et3\/#primaryimage"},"image":{"@id":"https:\/\/scootertime.ch\/de\/neuer-polini-evolution-kit-fuer-vespa-125-2t-primavera-et3\/#primaryimage"},"thumbnailUrl":"https:\/\/scootertime.ch\/wp-content\/uploads\/2024\/05\/db474cd9-c3f3-bc2b-1fe4-54494890a9f6-1.jpg","datePublished":"2024-05-02T11:48:05+00:00","dateModified":"2024-05-02T11:48:06+00:00","breadcrumb":{"@id":"https:\/\/scootertime.ch\/de\/neuer-polini-evolution-kit-fuer-vespa-125-2t-primavera-et3\/#breadcrumb"},"inLanguage":"de","potentialAction":[{"@type":"ReadAction","target":["https:\/\/scootertime.ch\/de\/neuer-polini-evolution-kit-fuer-vespa-125-2t-primavera-et3\/"]}]},{"@type":"ImageObject","inLanguage":"de","@id":"https:\/\/scootertime.ch\/de\/neuer-polini-evolution-kit-fuer-vespa-125-2t-primavera-et3\/#primaryimage","url":"https:\/\/scootertime.ch\/wp-content\/uploads\/2024\/05\/db474cd9-c3f3-bc2b-1fe4-54494890a9f6-1.jpg","contentUrl":"https:\/\/scootertime.ch\/wp-content\/uploads\/2024\/05\/db474cd9-c3f3-bc2b-1fe4-54494890a9f6-1.jpg","width":538,"height":400,"caption":"db474cd9-c3f3-bc2b-1fe4-54494890a9f6"},{"@type":"BreadcrumbList","@id":"https:\/\/scootertime.ch\/de\/neuer-polini-evolution-kit-fuer-vespa-125-2t-primavera-et3\/#breadcrumb","itemListElement":[{"@type":"ListItem","position":1,"name":"Home","item":"https:\/\/scootertime.ch\/de\/"},{"@type":"ListItem","position":2,"name":"NEUER POLINI EVOLUTION KIT F\u00dcR VESPA 125 2T PRIMAVERA ET3"}]},{"@type":"WebSite","@id":"https:\/\/scootertime.ch\/#website","url":"https:\/\/scootertime.ch\/","name":"Scootertime","description":"Das erste Schweizer Rollermagazin","publisher":{"@id":"https:\/\/scootertime.ch\/#organization"},"potentialAction":[{"@type":"SearchAction","target":{"@type":"EntryPoint","urlTemplate":"https:\/\/scootertime.ch\/?s={search_term_string}"},"query-input":{"@type":"PropertyValueSpecification","valueRequired":true,"valueName":"search_term_string"}}],"inLanguage":"de"},{"@type":"Organization","@id":"https:\/\/scootertime.ch\/#organization","name":"Scootertime","url":"https:\/\/scootertime.ch\/","logo":{"@type":"ImageObject","inLanguage":"de","@id":"https:\/\/scootertime.ch\/#\/schema\/logo\/image\/","url":"https:\/\/scootertime.ch\/wp-content\/uploads\/2018\/04\/cropped-testata-fondo-nero.jpg","contentUrl":"https:\/\/scootertime.ch\/wp-content\/uploads\/2018\/04\/cropped-testata-fondo-nero.jpg","width":280,"height":90,"caption":"Scootertime"},"image":{"@id":"https:\/\/scootertime.ch\/#\/schema\/logo\/image\/"}},{"@type":"Person","@id":"https:\/\/scootertime.ch\/#\/schema\/person\/7b982e4db7ec822a53954bf2b0df2537","name":"Red. SCT","image":{"@type":"ImageObject","inLanguage":"de","@id":"https:\/\/secure.gravatar.com\/avatar\/919071c8ee7b6d7474a8e74a8fb9c3b6d7b4606b6d24134ae156375f0b34bc19?s=96&d=mm&r=g","url":"https:\/\/secure.gravatar.com\/avatar\/919071c8ee7b6d7474a8e74a8fb9c3b6d7b4606b6d24134ae156375f0b34bc19?s=96&d=mm&r=g","contentUrl":"https:\/\/secure.gravatar.com\/avatar\/919071c8ee7b6d7474a8e74a8fb9c3b6d7b4606b6d24134ae156375f0b34bc19?s=96&d=mm&r=g","caption":"Red. SCT"},"url":"https:\/\/scootertime.ch\/de\/author\/admin\/"}]}},"_links":{"self":[{"href":"https:\/\/scootertime.ch\/de\/wp-json\/wp\/v2\/posts\/10089","targetHints":{"allow":["GET"]}}],"collection":[{"href":"https:\/\/scootertime.ch\/de\/wp-json\/wp\/v2\/posts"}],"about":[{"href":"https:\/\/scootertime.ch\/de\/wp-json\/wp\/v2\/types\/post"}],"author":[{"embeddable":true,"href":"https:\/\/scootertime.ch\/de\/wp-json\/wp\/v2\/users\/1"}],"replies":[{"embeddable":true,"href":"https:\/\/scootertime.ch\/de\/wp-json\/wp\/v2\/comments?post=10089"}],"version-history":[{"count":1,"href":"https:\/\/scootertime.ch\/de\/wp-json\/wp\/v2\/posts\/10089\/revisions"}],"predecessor-version":[{"id":10090,"href":"https:\/\/scootertime.ch\/de\/wp-json\/wp\/v2\/posts\/10089\/revisions\/10090"}],"wp:featuredmedia":[{"embeddable":true,"href":"https:\/\/scootertime.ch\/de\/wp-json\/wp\/v2\/media\/10087"}],"wp:attachment":[{"href":"https:\/\/scootertime.ch\/de\/wp-json\/wp\/v2\/media?parent=10089"}],"wp:term":[{"taxonomy":"category","embeddable":true,"href":"https:\/\/scootertime.ch\/de\/wp-json\/wp\/v2\/categories?post=10089"},{"taxonomy":"post_tag","embeddable":true,"href":"https:\/\/scootertime.ch\/de\/wp-json\/wp\/v2\/tags?post=10089"}],"curies":[{"name":"wp","href":"https:\/\/api.w.org\/{rel}","templated":true}]}}