{"id":16191,"date":"2026-04-28T18:19:23","date_gmt":"2026-04-28T17:19:23","guid":{"rendered":"https:\/\/scootertime.ch\/?p=16191"},"modified":"2026-04-28T18:35:28","modified_gmt":"2026-04-28T17:35:28","slug":"vespa-80-jahre-jubilaeum-rom","status":"publish","type":"post","link":"https:\/\/scootertime.ch\/de\/vespa-80-jahre-jubilaeum-rom\/","title":{"rendered":"VESPA \u2013 80 JAHRE EINE FORM, DIE GESCHICHTE GESCHRIEBEN HAT"},"content":{"rendered":"\n<h4 class=\"wp-block-heading\">Die Jubil\u00e4umsfeierlichkeiten gipfeln vom 25. bis 28. Juni in Rom &#8211;<\/h4>\n\n\n\n<figure class=\"wp-block-gallery has-nested-images columns-default is-cropped wp-block-gallery-1 is-layout-flex wp-block-gallery-is-layout-flex\">\n<figure class=\"wp-block-image size-full\"><img loading=\"lazy\" decoding=\"async\" width=\"533\" height=\"400\" data-id=\"16172\" src=\"https:\/\/scootertime.ch\/wp-content\/uploads\/2026\/04\/1962-vespa-personalizzata-da-salvador-dal-.jpg\" alt=\"1962-vespa-personalizzata-da-salvador-dal-\" class=\"wp-image-16172\" srcset=\"https:\/\/scootertime.ch\/wp-content\/uploads\/2026\/04\/1962-vespa-personalizzata-da-salvador-dal-.jpg 533w, https:\/\/scootertime.ch\/wp-content\/uploads\/2026\/04\/1962-vespa-personalizzata-da-salvador-dal--300x225.jpg 300w\" sizes=\"auto, (max-width: 533px) 100vw, 533px\" \/><figcaption class=\"wp-element-caption\">1962 &#8211; Vespa personalizzata da Salvador Dal\u00ec \/\/ Vespa personalisierte von Salvador Dal\u00ed- (Credit: Vespa)<\/figcaption><\/figure>\n\n\n\n<figure class=\"wp-block-image size-large\"><img loading=\"lazy\" decoding=\"async\" width=\"479\" height=\"400\" data-id=\"16167\" src=\"https:\/\/scootertime.ch\/wp-content\/uploads\/2026\/04\/1946-vespa-98-modello.jpg\" alt=\"1946-vespa-98-modello\" class=\"wp-image-16167\" srcset=\"https:\/\/scootertime.ch\/wp-content\/uploads\/2026\/04\/1946-vespa-98-modello.jpg 479w, https:\/\/scootertime.ch\/wp-content\/uploads\/2026\/04\/1946-vespa-98-modello-300x251.jpg 300w\" sizes=\"auto, (max-width: 479px) 100vw, 479px\" \/><figcaption class=\"wp-element-caption\">1946 &#8211; Vespa 98 &#8211; (Credit: Vespa)<\/figcaption><\/figure>\n<\/figure>\n\n\n\n<p><\/p>\n\n\n\n<p>Am 23. April 1946 entstand die Vespa \u2013 ein einfaches, aber wegweisendes Projekt, das Italien nach dem Krieg wieder mobil machen sollte. Achtzig Jahre sp\u00e4ter ist der kompakte Roller zu einem globalen Symbol f\u00fcr Mobilit\u00e4t, Stil und Popkultur geworden.<\/p>\n\n\n\n<p>Von Beginn an f\u00fcr alle gedacht, pr\u00e4gte die Vespa die moderne urbane Mobilit\u00e4t und er\u00f6ffnete neue M\u00f6glichkeiten auch f\u00fcr die weibliche Mobilit\u00e4t. Ihr Design ist weltweit erkennbar: klare Linien, glatte Fl\u00e4chen und ein ausgewogenes Verh\u00e4ltnis zwischen Funktion und \u00c4sthetik.<\/p>\n\n\n\n<figure class=\"wp-block-gallery has-nested-images columns-default is-cropped wp-block-gallery-2 is-layout-flex wp-block-gallery-is-layout-flex\">\n<figure class=\"wp-block-image size-large\"><img loading=\"lazy\" decoding=\"async\" width=\"711\" height=\"400\" data-id=\"16185\" src=\"https:\/\/scootertime.ch\/wp-content\/uploads\/2026\/04\/vespa-primavera-80th.jpg\" alt=\"vespa-primavera-80th\" class=\"wp-image-16185\" srcset=\"https:\/\/scootertime.ch\/wp-content\/uploads\/2026\/04\/vespa-primavera-80th.jpg 711w, https:\/\/scootertime.ch\/wp-content\/uploads\/2026\/04\/vespa-primavera-80th-300x169.jpg 300w\" sizes=\"auto, (max-width: 711px) 100vw, 711px\" \/><figcaption class=\"wp-element-caption\">Vespa Primavera 80th &#8211; (Credit: Vespa)<\/figcaption><\/figure>\n\n\n\n<figure class=\"wp-block-image size-large\"><img loading=\"lazy\" decoding=\"async\" width=\"711\" height=\"400\" data-id=\"16179\" src=\"https:\/\/scootertime.ch\/wp-content\/uploads\/2026\/04\/vespa-gts-80th.jpg\" alt=\"vespa-gts-80th\" class=\"wp-image-16179\" srcset=\"https:\/\/scootertime.ch\/wp-content\/uploads\/2026\/04\/vespa-gts-80th.jpg 711w, https:\/\/scootertime.ch\/wp-content\/uploads\/2026\/04\/vespa-gts-80th-300x169.jpg 300w\" sizes=\"auto, (max-width: 711px) 100vw, 711px\" \/><figcaption class=\"wp-element-caption\">Vespa GTS 80th &#8211; (Credit: Vespa)<\/figcaption><\/figure>\n<\/figure>\n\n\n\n<p><\/p>\n\n\n\n<p>In der zeitgen\u00f6ssischen Kultur ist Vespa allgegenw\u00e4rtig: Film, Musik, Kunst, Fotografie und Mode haben sie zu einer Ikone gemacht. \u00dcber 160 Modelle entstanden im Laufe der Jahrzehnte \u2013 stets treu zu einer klaren Identit\u00e4t.<\/p>\n\n\n\n<p>Zahlreiche K\u00fcnstler und Designer haben die Vespa neu interpretiert: von Salvador Dal\u00ed \u00fcber Giorgio Armani bis zu Sean Wotherspoon, Dior, Justin Bieber, Urs Fischer und Frank Gehry. Unterschiedliche Handschriften, aber immer dieselbe Form.<\/p>\n\n\n\n<p>Zum 80\u2011j\u00e4hrigen Jubil\u00e4um organisiert Vespa mehrere Initiativen, die <strong>vom 25. bis 28. Juni in Rom<\/strong> ihren H\u00f6hepunkt finden.<\/p>\n\n\n<div class=\"wp-block-image\">\n<figure class=\"alignright size-full is-resized\"><img loading=\"lazy\" decoding=\"async\" width=\"337\" height=\"400\" src=\"https:\/\/scootertime.ch\/wp-content\/uploads\/2026\/04\/vespa-drop-80th-anniversary-8l0232m0blu-back-jersey-t-shirt.jpg\" alt=\"vespa-drop-80th-anniversary-8l0232m0blu-back-jersey-t-shirt\" class=\"wp-image-16176\" style=\"aspect-ratio:0.8425247278161246;width:155px;height:auto\" srcset=\"https:\/\/scootertime.ch\/wp-content\/uploads\/2026\/04\/vespa-drop-80th-anniversary-8l0232m0blu-back-jersey-t-shirt.jpg 337w, https:\/\/scootertime.ch\/wp-content\/uploads\/2026\/04\/vespa-drop-80th-anniversary-8l0232m0blu-back-jersey-t-shirt-253x300.jpg 253w\" sizes=\"auto, (max-width: 337px) 100vw, 337px\" \/><figcaption class=\"wp-element-caption\">Vespa drop 80th anniversary &#8211; blu-back jersey t-shirt &#8211; (Credit: Vespa)<\/figcaption><\/figure>\n<\/div>\n\n\n<p><strong>Die neuen Vespa Primavera 80th und GTS 80th<\/strong><br>Die Sonderedition 80th, erh\u00e4ltlich als Primavera und GTS, bringt das Pastellgr\u00fcn der ersten Vespa von 1946 zur\u00fcck \u2013 modern umgesetzt mit neuen Details, satinierten und gl\u00e4nzenden Oberfl\u00e4chen sowie historischen Anleihen bei Felgen und Emblemen.<\/p>\n\n\n\n<p><strong>Der Drop \u201c80TH ANNIVERSARY\u201d<\/strong><br>Parallel dazu pr\u00e4sentiert Vespa den Drop \u201c80TH ANNIVERSARY\u201d: eine Kollektion mit klarer, urbaner Grafik. Jacken, Shirts, Accessoires und ein passender Jethelm bilden eine Linie f\u00fcr alle, die Vespa als Teil ihres pers\u00f6nlichen Stils leben.<\/p>\n\n\n\n<p><\/p>\n\n\n\n<p class=\"has-text-align-center has-accent-color has-base-background-color has-text-color has-background has-link-color has-small-font-size wp-elements-45a942ee6d1fc1951120924e79496152\"><em>\u2014 Red. SCT<br>Scootertime \u2013 Leichte Mobilit\u00e4t, urbane Kultur, Freiheit auf zwei R\u00e4dern.<\/em><\/p>\n","protected":false},"excerpt":{"rendered":"<p>Vespa feiert 80 Jahre mit Sondermodellen, einer neuen Kollektion und einem gro\u00dfen\u2026<\/p>\n","protected":false},"author":1,"featured_media":16199,"comment_status":"closed","ping_status":"closed","sticky":false,"template":"","format":"standard","meta":{"footnotes":""},"categories":[27],"tags":[568,565,561,563,562,567,566,564],"class_list":["post-16191","post","type-post","status-publish","format-standard","has-post-thumbnail","hentry","category-news-de","tag-80-jahre","tag-design","tag-gts-80th","tag-jubilaeum","tag-lifestyle","tag-piaggio","tag-primavera-80th","tag-vespa"],"yoast_head":"<!-- This site is optimized with the Yoast SEO plugin v27.4 - https:\/\/yoast.com\/product\/yoast-seo-wordpress\/ -->\n<title>80 Jahre Vespa: Geschichte, Sondermodelle und Jubil\u00e4umsevent- Scootertime<\/title>\n<meta name=\"description\" content=\"Vespa feiert 80 Jahre und pr\u00e4sentiert Sondereditionen, eine neue Kollektion und ein gro\u00dfes Jubil\u00e4umsevent in Rom vom 25. bis 28. Juni.\" \/>\n<meta name=\"robots\" content=\"index, follow, max-snippet:-1, max-image-preview:large, max-video-preview:-1\" \/>\n<link rel=\"canonical\" href=\"https:\/\/scootertime.ch\/de\/vespa-80-jahre-jubilaeum-rom\/\" \/>\n<meta property=\"og:locale\" content=\"de_DE\" \/>\n<meta property=\"og:type\" content=\"article\" \/>\n<meta property=\"og:title\" content=\"80 Jahre Vespa: Geschichte, Sondermodelle und Jubil\u00e4umsevent- Scootertime\" \/>\n<meta property=\"og:description\" content=\"Vespa feiert 80 Jahre und pr\u00e4sentiert Sondereditionen, eine neue Kollektion und ein gro\u00dfes Jubil\u00e4umsevent in Rom vom 25. bis 28. Juni.\" \/>\n<meta property=\"og:url\" content=\"https:\/\/scootertime.ch\/de\/vespa-80-jahre-jubilaeum-rom\/\" \/>\n<meta property=\"og:site_name\" content=\"Scootertime\" \/>\n<meta property=\"article:published_time\" content=\"2026-04-28T17:19:23+00:00\" \/>\n<meta property=\"article:modified_time\" content=\"2026-04-28T17:35:28+00:00\" \/>\n<meta property=\"og:image\" content=\"https:\/\/scootertime.ch\/wp-content\/uploads\/2026\/04\/shot-15-1185-eip-d-4-5__-e1777397644597.jpg\" \/>\n\t<meta property=\"og:image:width\" content=\"600\" \/>\n\t<meta property=\"og:image:height\" content=\"750\" \/>\n\t<meta property=\"og:image:type\" content=\"image\/jpeg\" \/>\n<meta name=\"author\" content=\"Red. SCT\" \/>\n<meta name=\"twitter:card\" content=\"summary_large_image\" \/>\n<meta name=\"twitter:label1\" content=\"Verfasst von\" \/>\n\t<meta name=\"twitter:data1\" content=\"Red. SCT\" \/>\n\t<meta name=\"twitter:label2\" content=\"Gesch\u00e4tzte Lesezeit\" \/>\n\t<meta name=\"twitter:data2\" content=\"6\u00a0Minuten\" \/>\n<script type=\"application\/ld+json\" class=\"yoast-schema-graph\">{\"@context\":\"https:\\\/\\\/schema.org\",\"@graph\":[{\"@type\":\"Article\",\"@id\":\"https:\\\/\\\/scootertime.ch\\\/de\\\/vespa-80-jahre-jubilaeum-rom\\\/#article\",\"isPartOf\":{\"@id\":\"https:\\\/\\\/scootertime.ch\\\/de\\\/vespa-80-jahre-jubilaeum-rom\\\/\"},\"author\":{\"name\":\"Red. SCT\",\"@id\":\"https:\\\/\\\/scootertime.ch\\\/#\\\/schema\\\/person\\\/7b982e4db7ec822a53954bf2b0df2537\"},\"headline\":\"VESPA \u2013 80 JAHRE EINE FORM, DIE GESCHICHTE GESCHRIEBEN HAT\",\"datePublished\":\"2026-04-28T17:19:23+00:00\",\"dateModified\":\"2026-04-28T17:35:28+00:00\",\"mainEntityOfPage\":{\"@id\":\"https:\\\/\\\/scootertime.ch\\\/de\\\/vespa-80-jahre-jubilaeum-rom\\\/\"},\"wordCount\":321,\"publisher\":{\"@id\":\"https:\\\/\\\/scootertime.ch\\\/#organization\"},\"image\":{\"@id\":\"https:\\\/\\\/scootertime.ch\\\/de\\\/vespa-80-jahre-jubilaeum-rom\\\/#primaryimage\"},\"thumbnailUrl\":\"https:\\\/\\\/scootertime.ch\\\/wp-content\\\/uploads\\\/2026\\\/04\\\/shot-15-1185-eip-d-4-5__-e1777397644597.jpg\",\"keywords\":[\"80 jahre\",\"design\",\"gts 80th\",\"jubil\u00e4um\",\"lifestyle\",\"piaggio\",\"primavera 80th\",\"vespa\"],\"articleSection\":[\"News\"],\"inLanguage\":\"de\"},{\"@type\":\"WebPage\",\"@id\":\"https:\\\/\\\/scootertime.ch\\\/de\\\/vespa-80-jahre-jubilaeum-rom\\\/\",\"url\":\"https:\\\/\\\/scootertime.ch\\\/de\\\/vespa-80-jahre-jubilaeum-rom\\\/\",\"name\":\"80 Jahre Vespa: Geschichte, Sondermodelle und Jubil\u00e4umsevent- Scootertime\",\"isPartOf\":{\"@id\":\"https:\\\/\\\/scootertime.ch\\\/#website\"},\"primaryImageOfPage\":{\"@id\":\"https:\\\/\\\/scootertime.ch\\\/de\\\/vespa-80-jahre-jubilaeum-rom\\\/#primaryimage\"},\"image\":{\"@id\":\"https:\\\/\\\/scootertime.ch\\\/de\\\/vespa-80-jahre-jubilaeum-rom\\\/#primaryimage\"},\"thumbnailUrl\":\"https:\\\/\\\/scootertime.ch\\\/wp-content\\\/uploads\\\/2026\\\/04\\\/shot-15-1185-eip-d-4-5__-e1777397644597.jpg\",\"datePublished\":\"2026-04-28T17:19:23+00:00\",\"dateModified\":\"2026-04-28T17:35:28+00:00\",\"description\":\"Vespa feiert 80 Jahre und pr\u00e4sentiert Sondereditionen, eine neue Kollektion und ein gro\u00dfes Jubil\u00e4umsevent in Rom vom 25. bis 28. Juni.\",\"breadcrumb\":{\"@id\":\"https:\\\/\\\/scootertime.ch\\\/de\\\/vespa-80-jahre-jubilaeum-rom\\\/#breadcrumb\"},\"inLanguage\":\"de\",\"potentialAction\":[{\"@type\":\"ReadAction\",\"target\":[\"https:\\\/\\\/scootertime.ch\\\/de\\\/vespa-80-jahre-jubilaeum-rom\\\/\"]}]},{\"@type\":\"ImageObject\",\"inLanguage\":\"de\",\"@id\":\"https:\\\/\\\/scootertime.ch\\\/de\\\/vespa-80-jahre-jubilaeum-rom\\\/#primaryimage\",\"url\":\"https:\\\/\\\/scootertime.ch\\\/wp-content\\\/uploads\\\/2026\\\/04\\\/shot-15-1185-eip-d-4-5__-e1777397644597.jpg\",\"contentUrl\":\"https:\\\/\\\/scootertime.ch\\\/wp-content\\\/uploads\\\/2026\\\/04\\\/shot-15-1185-eip-d-4-5__-e1777397644597.jpg\",\"width\":600,\"height\":750,\"caption\":\"(Credit: Vespa)\"},{\"@type\":\"BreadcrumbList\",\"@id\":\"https:\\\/\\\/scootertime.ch\\\/de\\\/vespa-80-jahre-jubilaeum-rom\\\/#breadcrumb\",\"itemListElement\":[{\"@type\":\"ListItem\",\"position\":1,\"name\":\"Home\",\"item\":\"https:\\\/\\\/scootertime.ch\\\/de\\\/\"},{\"@type\":\"ListItem\",\"position\":2,\"name\":\"VESPA \u2013 80 JAHRE EINE FORM, DIE GESCHICHTE GESCHRIEBEN HAT\"}]},{\"@type\":\"WebSite\",\"@id\":\"https:\\\/\\\/scootertime.ch\\\/#website\",\"url\":\"https:\\\/\\\/scootertime.ch\\\/\",\"name\":\"Scootertime\",\"description\":\"Das erste Schweizer Rollermagazin\",\"publisher\":{\"@id\":\"https:\\\/\\\/scootertime.ch\\\/#organization\"},\"potentialAction\":[{\"@type\":\"SearchAction\",\"target\":{\"@type\":\"EntryPoint\",\"urlTemplate\":\"https:\\\/\\\/scootertime.ch\\\/?s={search_term_string}\"},\"query-input\":{\"@type\":\"PropertyValueSpecification\",\"valueRequired\":true,\"valueName\":\"search_term_string\"}}],\"inLanguage\":\"de\"},{\"@type\":\"Organization\",\"@id\":\"https:\\\/\\\/scootertime.ch\\\/#organization\",\"name\":\"Scootertime\",\"url\":\"https:\\\/\\\/scootertime.ch\\\/\",\"logo\":{\"@type\":\"ImageObject\",\"inLanguage\":\"de\",\"@id\":\"https:\\\/\\\/scootertime.ch\\\/#\\\/schema\\\/logo\\\/image\\\/\",\"url\":\"https:\\\/\\\/scootertime.ch\\\/wp-content\\\/uploads\\\/2018\\\/04\\\/cropped-testata-fondo-nero.jpg\",\"contentUrl\":\"https:\\\/\\\/scootertime.ch\\\/wp-content\\\/uploads\\\/2018\\\/04\\\/cropped-testata-fondo-nero.jpg\",\"width\":280,\"height\":90,\"caption\":\"Scootertime\"},\"image\":{\"@id\":\"https:\\\/\\\/scootertime.ch\\\/#\\\/schema\\\/logo\\\/image\\\/\"}},{\"@type\":\"Person\",\"@id\":\"https:\\\/\\\/scootertime.ch\\\/#\\\/schema\\\/person\\\/7b982e4db7ec822a53954bf2b0df2537\",\"name\":\"Red. SCT\",\"image\":{\"@type\":\"ImageObject\",\"inLanguage\":\"de\",\"@id\":\"https:\\\/\\\/secure.gravatar.com\\\/avatar\\\/919071c8ee7b6d7474a8e74a8fb9c3b6d7b4606b6d24134ae156375f0b34bc19?s=96&d=mm&r=g\",\"url\":\"https:\\\/\\\/secure.gravatar.com\\\/avatar\\\/919071c8ee7b6d7474a8e74a8fb9c3b6d7b4606b6d24134ae156375f0b34bc19?s=96&d=mm&r=g\",\"contentUrl\":\"https:\\\/\\\/secure.gravatar.com\\\/avatar\\\/919071c8ee7b6d7474a8e74a8fb9c3b6d7b4606b6d24134ae156375f0b34bc19?s=96&d=mm&r=g\",\"caption\":\"Red. SCT\"},\"url\":\"https:\\\/\\\/scootertime.ch\\\/de\\\/author\\\/admin\\\/\"}]}<\/script>\n<!-- \/ Yoast SEO plugin. -->","yoast_head_json":{"title":"80 Jahre Vespa: Geschichte, Sondermodelle und Jubil\u00e4umsevent- Scootertime","description":"Vespa feiert 80 Jahre und pr\u00e4sentiert Sondereditionen, eine neue Kollektion und ein gro\u00dfes Jubil\u00e4umsevent in Rom vom 25. bis 28. Juni.","robots":{"index":"index","follow":"follow","max-snippet":"max-snippet:-1","max-image-preview":"max-image-preview:large","max-video-preview":"max-video-preview:-1"},"canonical":"https:\/\/scootertime.ch\/de\/vespa-80-jahre-jubilaeum-rom\/","og_locale":"de_DE","og_type":"article","og_title":"80 Jahre Vespa: Geschichte, Sondermodelle und Jubil\u00e4umsevent- Scootertime","og_description":"Vespa feiert 80 Jahre und pr\u00e4sentiert Sondereditionen, eine neue Kollektion und ein gro\u00dfes Jubil\u00e4umsevent in Rom vom 25. bis 28. Juni.","og_url":"https:\/\/scootertime.ch\/de\/vespa-80-jahre-jubilaeum-rom\/","og_site_name":"Scootertime","article_published_time":"2026-04-28T17:19:23+00:00","article_modified_time":"2026-04-28T17:35:28+00:00","og_image":[{"width":600,"height":750,"url":"https:\/\/scootertime.ch\/wp-content\/uploads\/2026\/04\/shot-15-1185-eip-d-4-5__-e1777397644597.jpg","type":"image\/jpeg"}],"author":"Red. SCT","twitter_card":"summary_large_image","twitter_misc":{"Verfasst von":"Red. SCT","Gesch\u00e4tzte Lesezeit":"6\u00a0Minuten"},"schema":{"@context":"https:\/\/schema.org","@graph":[{"@type":"Article","@id":"https:\/\/scootertime.ch\/de\/vespa-80-jahre-jubilaeum-rom\/#article","isPartOf":{"@id":"https:\/\/scootertime.ch\/de\/vespa-80-jahre-jubilaeum-rom\/"},"author":{"name":"Red. SCT","@id":"https:\/\/scootertime.ch\/#\/schema\/person\/7b982e4db7ec822a53954bf2b0df2537"},"headline":"VESPA \u2013 80 JAHRE EINE FORM, DIE GESCHICHTE GESCHRIEBEN HAT","datePublished":"2026-04-28T17:19:23+00:00","dateModified":"2026-04-28T17:35:28+00:00","mainEntityOfPage":{"@id":"https:\/\/scootertime.ch\/de\/vespa-80-jahre-jubilaeum-rom\/"},"wordCount":321,"publisher":{"@id":"https:\/\/scootertime.ch\/#organization"},"image":{"@id":"https:\/\/scootertime.ch\/de\/vespa-80-jahre-jubilaeum-rom\/#primaryimage"},"thumbnailUrl":"https:\/\/scootertime.ch\/wp-content\/uploads\/2026\/04\/shot-15-1185-eip-d-4-5__-e1777397644597.jpg","keywords":["80 jahre","design","gts 80th","jubil\u00e4um","lifestyle","piaggio","primavera 80th","vespa"],"articleSection":["News"],"inLanguage":"de"},{"@type":"WebPage","@id":"https:\/\/scootertime.ch\/de\/vespa-80-jahre-jubilaeum-rom\/","url":"https:\/\/scootertime.ch\/de\/vespa-80-jahre-jubilaeum-rom\/","name":"80 Jahre Vespa: Geschichte, Sondermodelle und Jubil\u00e4umsevent- Scootertime","isPartOf":{"@id":"https:\/\/scootertime.ch\/#website"},"primaryImageOfPage":{"@id":"https:\/\/scootertime.ch\/de\/vespa-80-jahre-jubilaeum-rom\/#primaryimage"},"image":{"@id":"https:\/\/scootertime.ch\/de\/vespa-80-jahre-jubilaeum-rom\/#primaryimage"},"thumbnailUrl":"https:\/\/scootertime.ch\/wp-content\/uploads\/2026\/04\/shot-15-1185-eip-d-4-5__-e1777397644597.jpg","datePublished":"2026-04-28T17:19:23+00:00","dateModified":"2026-04-28T17:35:28+00:00","description":"Vespa feiert 80 Jahre und pr\u00e4sentiert Sondereditionen, eine neue Kollektion und ein gro\u00dfes Jubil\u00e4umsevent in Rom vom 25. bis 28. Juni.","breadcrumb":{"@id":"https:\/\/scootertime.ch\/de\/vespa-80-jahre-jubilaeum-rom\/#breadcrumb"},"inLanguage":"de","potentialAction":[{"@type":"ReadAction","target":["https:\/\/scootertime.ch\/de\/vespa-80-jahre-jubilaeum-rom\/"]}]},{"@type":"ImageObject","inLanguage":"de","@id":"https:\/\/scootertime.ch\/de\/vespa-80-jahre-jubilaeum-rom\/#primaryimage","url":"https:\/\/scootertime.ch\/wp-content\/uploads\/2026\/04\/shot-15-1185-eip-d-4-5__-e1777397644597.jpg","contentUrl":"https:\/\/scootertime.ch\/wp-content\/uploads\/2026\/04\/shot-15-1185-eip-d-4-5__-e1777397644597.jpg","width":600,"height":750,"caption":"(Credit: Vespa)"},{"@type":"BreadcrumbList","@id":"https:\/\/scootertime.ch\/de\/vespa-80-jahre-jubilaeum-rom\/#breadcrumb","itemListElement":[{"@type":"ListItem","position":1,"name":"Home","item":"https:\/\/scootertime.ch\/de\/"},{"@type":"ListItem","position":2,"name":"VESPA \u2013 80 JAHRE EINE FORM, DIE GESCHICHTE GESCHRIEBEN HAT"}]},{"@type":"WebSite","@id":"https:\/\/scootertime.ch\/#website","url":"https:\/\/scootertime.ch\/","name":"Scootertime","description":"Das erste Schweizer Rollermagazin","publisher":{"@id":"https:\/\/scootertime.ch\/#organization"},"potentialAction":[{"@type":"SearchAction","target":{"@type":"EntryPoint","urlTemplate":"https:\/\/scootertime.ch\/?s={search_term_string}"},"query-input":{"@type":"PropertyValueSpecification","valueRequired":true,"valueName":"search_term_string"}}],"inLanguage":"de"},{"@type":"Organization","@id":"https:\/\/scootertime.ch\/#organization","name":"Scootertime","url":"https:\/\/scootertime.ch\/","logo":{"@type":"ImageObject","inLanguage":"de","@id":"https:\/\/scootertime.ch\/#\/schema\/logo\/image\/","url":"https:\/\/scootertime.ch\/wp-content\/uploads\/2018\/04\/cropped-testata-fondo-nero.jpg","contentUrl":"https:\/\/scootertime.ch\/wp-content\/uploads\/2018\/04\/cropped-testata-fondo-nero.jpg","width":280,"height":90,"caption":"Scootertime"},"image":{"@id":"https:\/\/scootertime.ch\/#\/schema\/logo\/image\/"}},{"@type":"Person","@id":"https:\/\/scootertime.ch\/#\/schema\/person\/7b982e4db7ec822a53954bf2b0df2537","name":"Red. SCT","image":{"@type":"ImageObject","inLanguage":"de","@id":"https:\/\/secure.gravatar.com\/avatar\/919071c8ee7b6d7474a8e74a8fb9c3b6d7b4606b6d24134ae156375f0b34bc19?s=96&d=mm&r=g","url":"https:\/\/secure.gravatar.com\/avatar\/919071c8ee7b6d7474a8e74a8fb9c3b6d7b4606b6d24134ae156375f0b34bc19?s=96&d=mm&r=g","contentUrl":"https:\/\/secure.gravatar.com\/avatar\/919071c8ee7b6d7474a8e74a8fb9c3b6d7b4606b6d24134ae156375f0b34bc19?s=96&d=mm&r=g","caption":"Red. SCT"},"url":"https:\/\/scootertime.ch\/de\/author\/admin\/"}]}},"_links":{"self":[{"href":"https:\/\/scootertime.ch\/de\/wp-json\/wp\/v2\/posts\/16191","targetHints":{"allow":["GET"]}}],"collection":[{"href":"https:\/\/scootertime.ch\/de\/wp-json\/wp\/v2\/posts"}],"about":[{"href":"https:\/\/scootertime.ch\/de\/wp-json\/wp\/v2\/types\/post"}],"author":[{"embeddable":true,"href":"https:\/\/scootertime.ch\/de\/wp-json\/wp\/v2\/users\/1"}],"replies":[{"embeddable":true,"href":"https:\/\/scootertime.ch\/de\/wp-json\/wp\/v2\/comments?post=16191"}],"version-history":[{"count":2,"href":"https:\/\/scootertime.ch\/de\/wp-json\/wp\/v2\/posts\/16191\/revisions"}],"predecessor-version":[{"id":16193,"href":"https:\/\/scootertime.ch\/de\/wp-json\/wp\/v2\/posts\/16191\/revisions\/16193"}],"wp:featuredmedia":[{"embeddable":true,"href":"https:\/\/scootertime.ch\/de\/wp-json\/wp\/v2\/media\/16199"}],"wp:attachment":[{"href":"https:\/\/scootertime.ch\/de\/wp-json\/wp\/v2\/media?parent=16191"}],"wp:term":[{"taxonomy":"category","embeddable":true,"href":"https:\/\/scootertime.ch\/de\/wp-json\/wp\/v2\/categories?post=16191"},{"taxonomy":"post_tag","embeddable":true,"href":"https:\/\/scootertime.ch\/de\/wp-json\/wp\/v2\/tags?post=16191"}],"curies":[{"name":"wp","href":"https:\/\/api.w.org\/{rel}","templated":true}]}}