{"id":1637,"date":"2018-07-19T07:49:26","date_gmt":"2018-07-19T07:49:26","guid":{"rendered":"https:\/\/scootertime.ch\/?p=1637"},"modified":"2018-10-03T13:16:59","modified_gmt":"2018-10-03T13:16:59","slug":"intermot-koeln-2018-parcours-und-eventflaechen-besser-integriert","status":"publish","type":"post","link":"https:\/\/scootertime.ch\/de\/intermot-koeln-2018-parcours-und-eventflaechen-besser-integriert\/","title":{"rendered":"Intermot K\u00f6ln 2018 &#8211; Parcours und Eventfl\u00e4chen besser integriert"},"content":{"rendered":"<h3><strong>Die E-Scooter k\u00f6nnen sich nun endlich mit den Benzinern in Halle 7 messen<\/strong><\/h3>\n<p>Vom 3. bis 7. Oktober 2018 pilgern die Motorradfans wieder nach K\u00f6ln. Mit rund 1.000 Ausstellern ist die INTERMOT K\u00f6ln weltweit eine der wichtigsten Messen zu den Themen Motorrad, Roller und E-Bikes. In diesem Jahr pr\u00e4sentiert sich die Veranstaltung noch besucherfreundlicher und umfassender, denn die strukturelle Aufplanung der INTERMOT wird optimiert.<\/p>\n<div id='gallery-1' class='gallery galleryid-1637 gallery-columns-4 gallery-size-large'><figure class='gallery-item'>\n\t\t\t<div class='gallery-icon landscape'>\n\t\t\t\t<a href='https:\/\/scootertime.ch\/de\/intermot-vom-3-bis-7-oktober-2018\/e-scooter-parcours-aussengelaende-halle-5\/#main'><img loading=\"lazy\" decoding=\"async\" width=\"1024\" height=\"683\" src=\"https:\/\/scootertime.ch\/wp-content\/uploads\/2018\/06\/intermot_16_050_004-1024x683.jpg\" class=\"attachment-large size-large\" alt=\"E-Scooter Parcours, Aussengel\u00e4nde, Intermot 2016\" aria-describedby=\"gallery-1-1544\" srcset=\"https:\/\/scootertime.ch\/wp-content\/uploads\/2018\/06\/intermot_16_050_004-1024x683.jpg 1024w, https:\/\/scootertime.ch\/wp-content\/uploads\/2018\/06\/intermot_16_050_004-300x200.jpg 300w, https:\/\/scootertime.ch\/wp-content\/uploads\/2018\/06\/intermot_16_050_004-768x512.jpg 768w, https:\/\/scootertime.ch\/wp-content\/uploads\/2018\/06\/intermot_16_050_004-435x290.jpg 435w, https:\/\/scootertime.ch\/wp-content\/uploads\/2018\/06\/intermot_16_050_004-150x100.jpg 150w, https:\/\/scootertime.ch\/wp-content\/uploads\/2018\/06\/intermot_16_050_004-370x247.jpg 370w, https:\/\/scootertime.ch\/wp-content\/uploads\/2018\/06\/intermot_16_050_004.jpg 1800w\" sizes=\"auto, (max-width: 1024px) 100vw, 1024px\" \/><\/a>\n\t\t\t<\/div>\n\t\t\t\t<figcaption class='wp-caption-text gallery-caption' id='gallery-1-1544'>\n\t\t\t\tE-Scooter Parcours, Aussengel\u00e4nde, Intermot 2016\n\t\t\t\t<\/figcaption><\/figure><figure class='gallery-item'>\n\t\t\t<div class='gallery-icon landscape'>\n\t\t\t\t<a href='https:\/\/scootertime.ch\/de\/intermot-vom-3-bis-7-oktober-2018\/e-scooter-parcours-aussengelaende-halle-5-2\/#main'><img loading=\"lazy\" decoding=\"async\" width=\"1024\" height=\"683\" src=\"https:\/\/scootertime.ch\/wp-content\/uploads\/2018\/06\/intermot_16_050_013-1024x683.jpg\" class=\"attachment-large size-large\" alt=\"\" srcset=\"https:\/\/scootertime.ch\/wp-content\/uploads\/2018\/06\/intermot_16_050_013-1024x683.jpg 1024w, https:\/\/scootertime.ch\/wp-content\/uploads\/2018\/06\/intermot_16_050_013-300x200.jpg 300w, https:\/\/scootertime.ch\/wp-content\/uploads\/2018\/06\/intermot_16_050_013-768x512.jpg 768w, https:\/\/scootertime.ch\/wp-content\/uploads\/2018\/06\/intermot_16_050_013-435x290.jpg 435w, https:\/\/scootertime.ch\/wp-content\/uploads\/2018\/06\/intermot_16_050_013-150x100.jpg 150w, https:\/\/scootertime.ch\/wp-content\/uploads\/2018\/06\/intermot_16_050_013-370x247.jpg 370w, https:\/\/scootertime.ch\/wp-content\/uploads\/2018\/06\/intermot_16_050_013.jpg 1800w\" sizes=\"auto, (max-width: 1024px) 100vw, 1024px\" \/><\/a>\n\t\t\t<\/div><\/figure><figure class='gallery-item'>\n\t\t\t<div class='gallery-icon landscape'>\n\t\t\t\t<a href='https:\/\/scootertime.ch\/de\/intermot-vom-3-bis-7-oktober-2018\/stand-piaggio-group-halle-7\/#main'><img loading=\"lazy\" decoding=\"async\" width=\"1024\" height=\"683\" src=\"https:\/\/scootertime.ch\/wp-content\/uploads\/2018\/06\/intermot_16_039_015-1024x683.jpg\" class=\"attachment-large size-large\" alt=\"\" srcset=\"https:\/\/scootertime.ch\/wp-content\/uploads\/2018\/06\/intermot_16_039_015-1024x683.jpg 1024w, https:\/\/scootertime.ch\/wp-content\/uploads\/2018\/06\/intermot_16_039_015-300x200.jpg 300w, https:\/\/scootertime.ch\/wp-content\/uploads\/2018\/06\/intermot_16_039_015-768x512.jpg 768w, https:\/\/scootertime.ch\/wp-content\/uploads\/2018\/06\/intermot_16_039_015-435x290.jpg 435w, https:\/\/scootertime.ch\/wp-content\/uploads\/2018\/06\/intermot_16_039_015-150x100.jpg 150w, https:\/\/scootertime.ch\/wp-content\/uploads\/2018\/06\/intermot_16_039_015-370x247.jpg 370w, https:\/\/scootertime.ch\/wp-content\/uploads\/2018\/06\/intermot_16_039_015.jpg 1800w\" sizes=\"auto, (max-width: 1024px) 100vw, 1024px\" \/><\/a>\n\t\t\t<\/div><\/figure><figure class='gallery-item'>\n\t\t\t<div class='gallery-icon landscape'>\n\t\t\t\t<a href='https:\/\/scootertime.ch\/de\/intermot-koeln-2018-parcours-und-eventflaechen-besser-integriert\/unbenannt04\/#main'><img loading=\"lazy\" decoding=\"async\" width=\"800\" height=\"534\" src=\"https:\/\/scootertime.ch\/wp-content\/uploads\/2018\/07\/Unbenannt04.png\" class=\"attachment-large size-large\" alt=\"\" srcset=\"https:\/\/scootertime.ch\/wp-content\/uploads\/2018\/07\/Unbenannt04.png 800w, https:\/\/scootertime.ch\/wp-content\/uploads\/2018\/07\/Unbenannt04-300x200.png 300w, https:\/\/scootertime.ch\/wp-content\/uploads\/2018\/07\/Unbenannt04-768x513.png 768w, https:\/\/scootertime.ch\/wp-content\/uploads\/2018\/07\/Unbenannt04-435x290.png 435w, https:\/\/scootertime.ch\/wp-content\/uploads\/2018\/07\/Unbenannt04-150x100.png 150w, https:\/\/scootertime.ch\/wp-content\/uploads\/2018\/07\/Unbenannt04-370x247.png 370w\" sizes=\"auto, (max-width: 800px) 100vw, 800px\" \/><\/a>\n\t\t\t<\/div><\/figure><figure class='gallery-item'>\n\t\t\t<div class='gallery-icon portrait'>\n\t\t\t\t<a href='https:\/\/scootertime.ch\/de\/intermot-vom-3-bis-7-oktober-2018\/stand-customized-your-head-halle-10-1\/#main'><img loading=\"lazy\" decoding=\"async\" width=\"683\" height=\"1024\" src=\"https:\/\/scootertime.ch\/wp-content\/uploads\/2018\/06\/intermot_16_026_073-683x1024.jpg\" class=\"attachment-large size-large\" alt=\"\" srcset=\"https:\/\/scootertime.ch\/wp-content\/uploads\/2018\/06\/intermot_16_026_073-683x1024.jpg 683w, https:\/\/scootertime.ch\/wp-content\/uploads\/2018\/06\/intermot_16_026_073-200x300.jpg 200w, https:\/\/scootertime.ch\/wp-content\/uploads\/2018\/06\/intermot_16_026_073-768x1152.jpg 768w, https:\/\/scootertime.ch\/wp-content\/uploads\/2018\/06\/intermot_16_026_073.jpg 1200w\" sizes=\"auto, (max-width: 683px) 100vw, 683px\" \/><\/a>\n\t\t\t<\/div><\/figure><figure class='gallery-item'>\n\t\t\t<div class='gallery-icon landscape'>\n\t\t\t\t<a href='https:\/\/scootertime.ch\/de\/intermot-koeln-2018-parcours-und-eventflaechen-besser-integriert\/intermot-parcours\/#main'><img loading=\"lazy\" decoding=\"async\" width=\"800\" height=\"534\" src=\"https:\/\/scootertime.ch\/wp-content\/uploads\/2018\/07\/Intermot-Parcours.jpg\" class=\"attachment-large size-large\" alt=\"\" srcset=\"https:\/\/scootertime.ch\/wp-content\/uploads\/2018\/07\/Intermot-Parcours.jpg 800w, https:\/\/scootertime.ch\/wp-content\/uploads\/2018\/07\/Intermot-Parcours-300x200.jpg 300w, https:\/\/scootertime.ch\/wp-content\/uploads\/2018\/07\/Intermot-Parcours-768x513.jpg 768w, https:\/\/scootertime.ch\/wp-content\/uploads\/2018\/07\/Intermot-Parcours-435x290.jpg 435w, https:\/\/scootertime.ch\/wp-content\/uploads\/2018\/07\/Intermot-Parcours-150x100.jpg 150w, https:\/\/scootertime.ch\/wp-content\/uploads\/2018\/07\/Intermot-Parcours-370x247.jpg 370w\" sizes=\"auto, (max-width: 800px) 100vw, 800px\" \/><\/a>\n\t\t\t<\/div><\/figure><figure class='gallery-item'>\n\t\t\t<div class='gallery-icon portrait'>\n\t\t\t\t<a href='https:\/\/scootertime.ch\/de\/intermot-vom-3-bis-7-oktober-2018\/eingang-nord\/#main'><img loading=\"lazy\" decoding=\"async\" width=\"722\" height=\"1024\" src=\"https:\/\/scootertime.ch\/wp-content\/uploads\/2018\/06\/intermot_16_033_011-722x1024.jpg\" class=\"attachment-large size-large\" alt=\"\" srcset=\"https:\/\/scootertime.ch\/wp-content\/uploads\/2018\/06\/intermot_16_033_011-722x1024.jpg 722w, https:\/\/scootertime.ch\/wp-content\/uploads\/2018\/06\/intermot_16_033_011-212x300.jpg 212w, https:\/\/scootertime.ch\/wp-content\/uploads\/2018\/06\/intermot_16_033_011-768x1089.jpg 768w, https:\/\/scootertime.ch\/wp-content\/uploads\/2018\/06\/intermot_16_033_011.jpg 1270w\" sizes=\"auto, (max-width: 722px) 100vw, 722px\" \/><\/a>\n\t\t\t<\/div><\/figure><figure class='gallery-item'>\n\t\t\t<div class='gallery-icon landscape'>\n\t\t\t\t<a href='https:\/\/scootertime.ch\/de\/intermot-koeln-2018-parcours-und-eventflaechen-besser-integriert\/unbenannt05\/#main'><img loading=\"lazy\" decoding=\"async\" width=\"800\" height=\"531\" src=\"https:\/\/scootertime.ch\/wp-content\/uploads\/2018\/07\/Unbenannt05.png\" class=\"attachment-large size-large\" alt=\"\" srcset=\"https:\/\/scootertime.ch\/wp-content\/uploads\/2018\/07\/Unbenannt05.png 800w, https:\/\/scootertime.ch\/wp-content\/uploads\/2018\/07\/Unbenannt05-300x199.png 300w, https:\/\/scootertime.ch\/wp-content\/uploads\/2018\/07\/Unbenannt05-768x510.png 768w, https:\/\/scootertime.ch\/wp-content\/uploads\/2018\/07\/Unbenannt05-435x290.png 435w, https:\/\/scootertime.ch\/wp-content\/uploads\/2018\/07\/Unbenannt05-150x100.png 150w, https:\/\/scootertime.ch\/wp-content\/uploads\/2018\/07\/Unbenannt05-370x247.png 370w\" sizes=\"auto, (max-width: 800px) 100vw, 800px\" \/><\/a>\n\t\t\t<\/div><\/figure>\n\t\t<\/div>\n\n<p><span style=\"display: inline !important; float: none; background-color: transparent; color: #63636a; cursor: text; font-family: 'Roboto',Arial,serif; font-size: 14px; font-style: normal; font-variant: normal; font-weight: 400; letter-spacing: normal; orphans: 2; text-align: left; text-decoration: none; text-indent: 0px; text-transform: none; -webkit-text-stroke-width: 0px; white-space: normal; word-spacing: 0px;\">Die INTERMOT belegt die Hallen 6 bis 10 des K\u00f6lner Messegel\u00e4ndes mit einer Gesamtbruttofl\u00e4che von 100.000 Quadratmetern. Dabei wird das erfolgreiche Konzept, die Marktf\u00fchrer auf alle Hallen zu verteilen, fortgef\u00fchrt, um einen kontinuierlichen Besucherfluss in alle Bereiche und Segmente zu gew\u00e4hrleisten.<\/span><\/p>\n<p>In K\u00f6ln am Start sind unter anderen BMW Motorrad, Harley-Davidson, Honda, Ducati, Kawasaki, KTM, Kymco, die Piaggio-Gruppe mit den Marken Aprilia, Moto Guzzi und Vespa, sowie Triumph und Yamaha. Daneben sind auch Marken wie Indian, die noch einmal deutlich vergr\u00f6\u00dfert haben, Royal Enfield und Horex mit eigenen Pr\u00e4sentationen dabei. Auch die Marke Benelli ist wieder in K\u00f6ln zu sehen.\u00a0<span style=\"display: inline !important; float: none; background-color: transparent; color: #63636a; cursor: text; font-family: 'Roboto',Arial,serif; font-size: 14px; font-style: normal; font-variant: normal; font-weight: 400; letter-spacing: normal; orphans: 2; text-align: left; text-decoration: none; text-indent: 0px; text-transform: none; -webkit-text-stroke-width: 0px; white-space: normal; word-spacing: 0px;\">Im Bekleidungsbereich ist besonders die R\u00fcckkehr des bekannten italienischen Herstellers Dainese zu nennen, der zudem die renommierte Helmmarke AGV mit nach K\u00f6ln bringt.<\/span><\/p>\n<p><strong>Neue Marken aus E-Roller Segment<\/strong><br \/>\nZudem setzen neue Marken aus dem E-Motorrad und E-Roller Segment, wie beispielsweise Energica, Zero, emco oder Kumpan, in K\u00f6ln Impulse.<\/p>\n<p><strong>Parcours und Eventfl\u00e4chen noch zentraler in Veranstaltung integriert<\/strong><br \/>\nDie Eventfl\u00e4chen mit den Stuntshows und Probefahrparcours werden unmittelbar auf den Freifl\u00e4chen um die INTERMOT-Hallen angebunden. So ist der gro\u00dfe Probefahrparcours auf der Freifl\u00e4che vor der Halle 10, direkt vom Messeboulevard erreichbar. Die Streckenf\u00fchrung folgt der Rampe zum Parkdeck der Halle 10. In neuer Atmosph\u00e4re und neuer Konzeption startet auch die INTERMOT e-motion: Elektro-Motorr\u00e4der, Elektroroller- sowie -fahrr\u00e4der mit allem Zubeh\u00f6r sind jetzt Bestandteil der Hallen 7 und 8.<\/p>\n<p><strong>Die E-Scooter k\u00f6nnen sich nun endlich mit den Benzinern in Halle 7 messen<\/strong><br \/>\nHier stehen beispielsweise Energica, Kumpan electrics, emco electroroller, NITO, NIU, Vmoto, Citycoco oder Walberg. Der E-Scooter-Parcours startet nun auf der gro\u00dfen Eventfl\u00e4che hinter der Halle 8, wo sich au\u00dferdem die Stunt- und Freestyle-Show-Area und der Parcours \u201eFahren ohne F\u00fchrerschein\u201c befindet. Hier kann man Roller und 125ccm-Bikes testen und so erste Erfahrungen auf einem motorisierten Zweirad sammeln. Die E-Bikes finden sich ab sofort in Halle 8 wieder \u2013 hier kann ebenfalls getestet werden. Der gro\u00dfe und bekannte E-Bike Parcours bleibt dabei selbstverst\u00e4ndlich erhalten. Als \u201eE-Bike City\u201c bietet er den Besuchern die M\u00f6glichkeit, im nachgestellten Stra\u00dfenverkehr die R\u00e4der im Alltag zu testen.<\/p>\n<p>Der Business-District mit der Dealer\u00b4s Lounge wird ebenfalls zentral in die INTERMOT eingebunden. Neuer Standort der Lounge ist der Konrad-Adenauer-Saal im Congress-Centrum Nord, unmittelbar angebunden an den Eingang Nord und die Hallen 7 und 8. Industrie und Handel k\u00f6nnen sich hier, abseits des hektischen Messegeschehens, in exklusiver Atmosph\u00e4re dem gesch\u00e4ftlichen Austausch widmen. Auf der INTERMOT ausstellende Unternehmen erhalten hier au\u00dferdem die M\u00f6glichkeit, innerhalb des Business District\u2018s ihre Produkte auf einer eigenen Fl\u00e4che exklusiv dem Fachhandel pr\u00e4sentieren.<\/p>\n<p><strong>\u00dcber die INTERMOT K\u00f6ln<\/strong><br \/>\nVom 3. bis 7. Oktober 2018 werden auf dem Gel\u00e4nde der Koelnmesse die neuesten Motorr\u00e4der, Roller, Elektrofahrr\u00e4der sowie die wichtigsten Neuheiten aus den Bereichen Elektromobilit\u00e4t, Zubeh\u00f6r, Bekleidung, Teile, Customizing, Reisen und Werkstattausr\u00fcstung vorgestellt. Dabei belegt die INTERMOT K\u00f6ln eine Ausstellungsfl\u00e4che von rund 100.000 m\u00b2 sowie das Freigel\u00e4nde mit rd. 60.000 m\u00b2.<\/p>\n","protected":false},"excerpt":{"rendered":"<p>Die E-Scooter k\u00f6nnen sich nun endlich mit den Benzinern in Halle 7\u2026<\/p>\n","protected":false},"author":1,"featured_media":1544,"comment_status":"open","ping_status":"open","sticky":false,"template":"","format":"image","meta":{"footnotes":""},"categories":[27],"tags":[],"class_list":["post-1637","post","type-post","status-publish","format-image","has-post-thumbnail","hentry","category-news-de","post_format-post-format-image"],"yoast_head":"<!-- This site is optimized with the Yoast SEO plugin v27.4 - https:\/\/yoast.com\/product\/yoast-seo-wordpress\/ -->\n<title>Intermot K\u00f6ln 2018 - Parcours und Eventfl\u00e4chen besser integriert - Scootertime<\/title>\n<meta name=\"robots\" content=\"index, follow, max-snippet:-1, max-image-preview:large, max-video-preview:-1\" \/>\n<link rel=\"canonical\" href=\"https:\/\/scootertime.ch\/de\/intermot-koeln-2018-parcours-und-eventflaechen-besser-integriert\/\" \/>\n<meta property=\"og:locale\" content=\"de_DE\" \/>\n<meta property=\"og:type\" content=\"article\" \/>\n<meta property=\"og:title\" content=\"Intermot K\u00f6ln 2018 - Parcours und Eventfl\u00e4chen besser integriert - Scootertime\" \/>\n<meta property=\"og:description\" content=\"Die E-Scooter k\u00f6nnen sich nun endlich mit den Benzinern in Halle 7\u2026\" \/>\n<meta property=\"og:url\" content=\"https:\/\/scootertime.ch\/de\/intermot-koeln-2018-parcours-und-eventflaechen-besser-integriert\/\" \/>\n<meta property=\"og:site_name\" content=\"Scootertime\" \/>\n<meta property=\"article:published_time\" content=\"2018-07-19T07:49:26+00:00\" \/>\n<meta property=\"article:modified_time\" content=\"2018-10-03T13:16:59+00:00\" \/>\n<meta property=\"og:image\" content=\"https:\/\/scootertime.ch\/wp-content\/uploads\/2018\/06\/intermot_16_050_004.jpg\" \/>\n\t<meta property=\"og:image:width\" content=\"1800\" \/>\n\t<meta property=\"og:image:height\" content=\"1200\" \/>\n\t<meta property=\"og:image:type\" content=\"image\/jpeg\" \/>\n<meta name=\"author\" content=\"Red. SCT\" \/>\n<meta name=\"twitter:card\" content=\"summary_large_image\" \/>\n<meta name=\"twitter:label1\" content=\"Verfasst von\" \/>\n\t<meta name=\"twitter:data1\" content=\"Red. SCT\" \/>\n\t<meta name=\"twitter:label2\" content=\"Gesch\u00e4tzte Lesezeit\" \/>\n\t<meta name=\"twitter:data2\" content=\"3\u00a0Minuten\" \/>\n<script type=\"application\/ld+json\" class=\"yoast-schema-graph\">{\"@context\":\"https:\\\/\\\/schema.org\",\"@graph\":[{\"@type\":\"Article\",\"@id\":\"https:\\\/\\\/scootertime.ch\\\/de\\\/intermot-koeln-2018-parcours-und-eventflaechen-besser-integriert\\\/#article\",\"isPartOf\":{\"@id\":\"https:\\\/\\\/scootertime.ch\\\/de\\\/intermot-koeln-2018-parcours-und-eventflaechen-besser-integriert\\\/\"},\"author\":{\"name\":\"Red. SCT\",\"@id\":\"https:\\\/\\\/scootertime.ch\\\/#\\\/schema\\\/person\\\/7b982e4db7ec822a53954bf2b0df2537\"},\"headline\":\"Intermot K\u00f6ln 2018 &#8211; Parcours und Eventfl\u00e4chen besser integriert\",\"datePublished\":\"2018-07-19T07:49:26+00:00\",\"dateModified\":\"2018-10-03T13:16:59+00:00\",\"mainEntityOfPage\":{\"@id\":\"https:\\\/\\\/scootertime.ch\\\/de\\\/intermot-koeln-2018-parcours-und-eventflaechen-besser-integriert\\\/\"},\"wordCount\":580,\"commentCount\":0,\"publisher\":{\"@id\":\"https:\\\/\\\/scootertime.ch\\\/#organization\"},\"image\":{\"@id\":\"https:\\\/\\\/scootertime.ch\\\/de\\\/intermot-koeln-2018-parcours-und-eventflaechen-besser-integriert\\\/#primaryimage\"},\"thumbnailUrl\":\"https:\\\/\\\/scootertime.ch\\\/wp-content\\\/uploads\\\/2018\\\/06\\\/intermot_16_050_004.jpg\",\"articleSection\":[\"News\"],\"inLanguage\":\"de\"},{\"@type\":\"WebPage\",\"@id\":\"https:\\\/\\\/scootertime.ch\\\/de\\\/intermot-koeln-2018-parcours-und-eventflaechen-besser-integriert\\\/\",\"url\":\"https:\\\/\\\/scootertime.ch\\\/de\\\/intermot-koeln-2018-parcours-und-eventflaechen-besser-integriert\\\/\",\"name\":\"Intermot K\u00f6ln 2018 - Parcours und Eventfl\u00e4chen besser integriert - Scootertime\",\"isPartOf\":{\"@id\":\"https:\\\/\\\/scootertime.ch\\\/#website\"},\"primaryImageOfPage\":{\"@id\":\"https:\\\/\\\/scootertime.ch\\\/de\\\/intermot-koeln-2018-parcours-und-eventflaechen-besser-integriert\\\/#primaryimage\"},\"image\":{\"@id\":\"https:\\\/\\\/scootertime.ch\\\/de\\\/intermot-koeln-2018-parcours-und-eventflaechen-besser-integriert\\\/#primaryimage\"},\"thumbnailUrl\":\"https:\\\/\\\/scootertime.ch\\\/wp-content\\\/uploads\\\/2018\\\/06\\\/intermot_16_050_004.jpg\",\"datePublished\":\"2018-07-19T07:49:26+00:00\",\"dateModified\":\"2018-10-03T13:16:59+00:00\",\"breadcrumb\":{\"@id\":\"https:\\\/\\\/scootertime.ch\\\/de\\\/intermot-koeln-2018-parcours-und-eventflaechen-besser-integriert\\\/#breadcrumb\"},\"inLanguage\":\"de\",\"potentialAction\":[{\"@type\":\"ReadAction\",\"target\":[\"https:\\\/\\\/scootertime.ch\\\/de\\\/intermot-koeln-2018-parcours-und-eventflaechen-besser-integriert\\\/\"]}]},{\"@type\":\"ImageObject\",\"inLanguage\":\"de\",\"@id\":\"https:\\\/\\\/scootertime.ch\\\/de\\\/intermot-koeln-2018-parcours-und-eventflaechen-besser-integriert\\\/#primaryimage\",\"url\":\"https:\\\/\\\/scootertime.ch\\\/wp-content\\\/uploads\\\/2018\\\/06\\\/intermot_16_050_004.jpg\",\"contentUrl\":\"https:\\\/\\\/scootertime.ch\\\/wp-content\\\/uploads\\\/2018\\\/06\\\/intermot_16_050_004.jpg\",\"width\":1800,\"height\":1200,\"caption\":\"E-Scooter Parcours, Aussengel\u00e4nde, Intermot 2016\"},{\"@type\":\"BreadcrumbList\",\"@id\":\"https:\\\/\\\/scootertime.ch\\\/de\\\/intermot-koeln-2018-parcours-und-eventflaechen-besser-integriert\\\/#breadcrumb\",\"itemListElement\":[{\"@type\":\"ListItem\",\"position\":1,\"name\":\"Home\",\"item\":\"https:\\\/\\\/scootertime.ch\\\/de\\\/\"},{\"@type\":\"ListItem\",\"position\":2,\"name\":\"Intermot K\u00f6ln 2018 &#8211; Parcours und Eventfl\u00e4chen besser integriert\"}]},{\"@type\":\"WebSite\",\"@id\":\"https:\\\/\\\/scootertime.ch\\\/#website\",\"url\":\"https:\\\/\\\/scootertime.ch\\\/\",\"name\":\"Scootertime\",\"description\":\"Das erste Schweizer Rollermagazin\",\"publisher\":{\"@id\":\"https:\\\/\\\/scootertime.ch\\\/#organization\"},\"potentialAction\":[{\"@type\":\"SearchAction\",\"target\":{\"@type\":\"EntryPoint\",\"urlTemplate\":\"https:\\\/\\\/scootertime.ch\\\/?s={search_term_string}\"},\"query-input\":{\"@type\":\"PropertyValueSpecification\",\"valueRequired\":true,\"valueName\":\"search_term_string\"}}],\"inLanguage\":\"de\"},{\"@type\":\"Organization\",\"@id\":\"https:\\\/\\\/scootertime.ch\\\/#organization\",\"name\":\"Scootertime\",\"url\":\"https:\\\/\\\/scootertime.ch\\\/\",\"logo\":{\"@type\":\"ImageObject\",\"inLanguage\":\"de\",\"@id\":\"https:\\\/\\\/scootertime.ch\\\/#\\\/schema\\\/logo\\\/image\\\/\",\"url\":\"https:\\\/\\\/scootertime.ch\\\/wp-content\\\/uploads\\\/2018\\\/04\\\/cropped-testata-fondo-nero.jpg\",\"contentUrl\":\"https:\\\/\\\/scootertime.ch\\\/wp-content\\\/uploads\\\/2018\\\/04\\\/cropped-testata-fondo-nero.jpg\",\"width\":280,\"height\":90,\"caption\":\"Scootertime\"},\"image\":{\"@id\":\"https:\\\/\\\/scootertime.ch\\\/#\\\/schema\\\/logo\\\/image\\\/\"}},{\"@type\":\"Person\",\"@id\":\"https:\\\/\\\/scootertime.ch\\\/#\\\/schema\\\/person\\\/7b982e4db7ec822a53954bf2b0df2537\",\"name\":\"Red. SCT\",\"image\":{\"@type\":\"ImageObject\",\"inLanguage\":\"de\",\"@id\":\"https:\\\/\\\/secure.gravatar.com\\\/avatar\\\/919071c8ee7b6d7474a8e74a8fb9c3b6d7b4606b6d24134ae156375f0b34bc19?s=96&d=mm&r=g\",\"url\":\"https:\\\/\\\/secure.gravatar.com\\\/avatar\\\/919071c8ee7b6d7474a8e74a8fb9c3b6d7b4606b6d24134ae156375f0b34bc19?s=96&d=mm&r=g\",\"contentUrl\":\"https:\\\/\\\/secure.gravatar.com\\\/avatar\\\/919071c8ee7b6d7474a8e74a8fb9c3b6d7b4606b6d24134ae156375f0b34bc19?s=96&d=mm&r=g\",\"caption\":\"Red. SCT\"},\"url\":\"https:\\\/\\\/scootertime.ch\\\/de\\\/author\\\/admin\\\/\"}]}<\/script>\n<!-- \/ Yoast SEO plugin. -->","yoast_head_json":{"title":"Intermot K\u00f6ln 2018 - Parcours und Eventfl\u00e4chen besser integriert - Scootertime","robots":{"index":"index","follow":"follow","max-snippet":"max-snippet:-1","max-image-preview":"max-image-preview:large","max-video-preview":"max-video-preview:-1"},"canonical":"https:\/\/scootertime.ch\/de\/intermot-koeln-2018-parcours-und-eventflaechen-besser-integriert\/","og_locale":"de_DE","og_type":"article","og_title":"Intermot K\u00f6ln 2018 - Parcours und Eventfl\u00e4chen besser integriert - Scootertime","og_description":"Die E-Scooter k\u00f6nnen sich nun endlich mit den Benzinern in Halle 7\u2026","og_url":"https:\/\/scootertime.ch\/de\/intermot-koeln-2018-parcours-und-eventflaechen-besser-integriert\/","og_site_name":"Scootertime","article_published_time":"2018-07-19T07:49:26+00:00","article_modified_time":"2018-10-03T13:16:59+00:00","og_image":[{"width":1800,"height":1200,"url":"https:\/\/scootertime.ch\/wp-content\/uploads\/2018\/06\/intermot_16_050_004.jpg","type":"image\/jpeg"}],"author":"Red. SCT","twitter_card":"summary_large_image","twitter_misc":{"Verfasst von":"Red. SCT","Gesch\u00e4tzte Lesezeit":"3\u00a0Minuten"},"schema":{"@context":"https:\/\/schema.org","@graph":[{"@type":"Article","@id":"https:\/\/scootertime.ch\/de\/intermot-koeln-2018-parcours-und-eventflaechen-besser-integriert\/#article","isPartOf":{"@id":"https:\/\/scootertime.ch\/de\/intermot-koeln-2018-parcours-und-eventflaechen-besser-integriert\/"},"author":{"name":"Red. SCT","@id":"https:\/\/scootertime.ch\/#\/schema\/person\/7b982e4db7ec822a53954bf2b0df2537"},"headline":"Intermot K\u00f6ln 2018 &#8211; Parcours und Eventfl\u00e4chen besser integriert","datePublished":"2018-07-19T07:49:26+00:00","dateModified":"2018-10-03T13:16:59+00:00","mainEntityOfPage":{"@id":"https:\/\/scootertime.ch\/de\/intermot-koeln-2018-parcours-und-eventflaechen-besser-integriert\/"},"wordCount":580,"commentCount":0,"publisher":{"@id":"https:\/\/scootertime.ch\/#organization"},"image":{"@id":"https:\/\/scootertime.ch\/de\/intermot-koeln-2018-parcours-und-eventflaechen-besser-integriert\/#primaryimage"},"thumbnailUrl":"https:\/\/scootertime.ch\/wp-content\/uploads\/2018\/06\/intermot_16_050_004.jpg","articleSection":["News"],"inLanguage":"de"},{"@type":"WebPage","@id":"https:\/\/scootertime.ch\/de\/intermot-koeln-2018-parcours-und-eventflaechen-besser-integriert\/","url":"https:\/\/scootertime.ch\/de\/intermot-koeln-2018-parcours-und-eventflaechen-besser-integriert\/","name":"Intermot K\u00f6ln 2018 - Parcours und Eventfl\u00e4chen besser integriert - Scootertime","isPartOf":{"@id":"https:\/\/scootertime.ch\/#website"},"primaryImageOfPage":{"@id":"https:\/\/scootertime.ch\/de\/intermot-koeln-2018-parcours-und-eventflaechen-besser-integriert\/#primaryimage"},"image":{"@id":"https:\/\/scootertime.ch\/de\/intermot-koeln-2018-parcours-und-eventflaechen-besser-integriert\/#primaryimage"},"thumbnailUrl":"https:\/\/scootertime.ch\/wp-content\/uploads\/2018\/06\/intermot_16_050_004.jpg","datePublished":"2018-07-19T07:49:26+00:00","dateModified":"2018-10-03T13:16:59+00:00","breadcrumb":{"@id":"https:\/\/scootertime.ch\/de\/intermot-koeln-2018-parcours-und-eventflaechen-besser-integriert\/#breadcrumb"},"inLanguage":"de","potentialAction":[{"@type":"ReadAction","target":["https:\/\/scootertime.ch\/de\/intermot-koeln-2018-parcours-und-eventflaechen-besser-integriert\/"]}]},{"@type":"ImageObject","inLanguage":"de","@id":"https:\/\/scootertime.ch\/de\/intermot-koeln-2018-parcours-und-eventflaechen-besser-integriert\/#primaryimage","url":"https:\/\/scootertime.ch\/wp-content\/uploads\/2018\/06\/intermot_16_050_004.jpg","contentUrl":"https:\/\/scootertime.ch\/wp-content\/uploads\/2018\/06\/intermot_16_050_004.jpg","width":1800,"height":1200,"caption":"E-Scooter Parcours, Aussengel\u00e4nde, Intermot 2016"},{"@type":"BreadcrumbList","@id":"https:\/\/scootertime.ch\/de\/intermot-koeln-2018-parcours-und-eventflaechen-besser-integriert\/#breadcrumb","itemListElement":[{"@type":"ListItem","position":1,"name":"Home","item":"https:\/\/scootertime.ch\/de\/"},{"@type":"ListItem","position":2,"name":"Intermot K\u00f6ln 2018 &#8211; Parcours und Eventfl\u00e4chen besser integriert"}]},{"@type":"WebSite","@id":"https:\/\/scootertime.ch\/#website","url":"https:\/\/scootertime.ch\/","name":"Scootertime","description":"Das erste Schweizer Rollermagazin","publisher":{"@id":"https:\/\/scootertime.ch\/#organization"},"potentialAction":[{"@type":"SearchAction","target":{"@type":"EntryPoint","urlTemplate":"https:\/\/scootertime.ch\/?s={search_term_string}"},"query-input":{"@type":"PropertyValueSpecification","valueRequired":true,"valueName":"search_term_string"}}],"inLanguage":"de"},{"@type":"Organization","@id":"https:\/\/scootertime.ch\/#organization","name":"Scootertime","url":"https:\/\/scootertime.ch\/","logo":{"@type":"ImageObject","inLanguage":"de","@id":"https:\/\/scootertime.ch\/#\/schema\/logo\/image\/","url":"https:\/\/scootertime.ch\/wp-content\/uploads\/2018\/04\/cropped-testata-fondo-nero.jpg","contentUrl":"https:\/\/scootertime.ch\/wp-content\/uploads\/2018\/04\/cropped-testata-fondo-nero.jpg","width":280,"height":90,"caption":"Scootertime"},"image":{"@id":"https:\/\/scootertime.ch\/#\/schema\/logo\/image\/"}},{"@type":"Person","@id":"https:\/\/scootertime.ch\/#\/schema\/person\/7b982e4db7ec822a53954bf2b0df2537","name":"Red. SCT","image":{"@type":"ImageObject","inLanguage":"de","@id":"https:\/\/secure.gravatar.com\/avatar\/919071c8ee7b6d7474a8e74a8fb9c3b6d7b4606b6d24134ae156375f0b34bc19?s=96&d=mm&r=g","url":"https:\/\/secure.gravatar.com\/avatar\/919071c8ee7b6d7474a8e74a8fb9c3b6d7b4606b6d24134ae156375f0b34bc19?s=96&d=mm&r=g","contentUrl":"https:\/\/secure.gravatar.com\/avatar\/919071c8ee7b6d7474a8e74a8fb9c3b6d7b4606b6d24134ae156375f0b34bc19?s=96&d=mm&r=g","caption":"Red. SCT"},"url":"https:\/\/scootertime.ch\/de\/author\/admin\/"}]}},"_links":{"self":[{"href":"https:\/\/scootertime.ch\/de\/wp-json\/wp\/v2\/posts\/1637","targetHints":{"allow":["GET"]}}],"collection":[{"href":"https:\/\/scootertime.ch\/de\/wp-json\/wp\/v2\/posts"}],"about":[{"href":"https:\/\/scootertime.ch\/de\/wp-json\/wp\/v2\/types\/post"}],"author":[{"embeddable":true,"href":"https:\/\/scootertime.ch\/de\/wp-json\/wp\/v2\/users\/1"}],"replies":[{"embeddable":true,"href":"https:\/\/scootertime.ch\/de\/wp-json\/wp\/v2\/comments?post=1637"}],"version-history":[{"count":3,"href":"https:\/\/scootertime.ch\/de\/wp-json\/wp\/v2\/posts\/1637\/revisions"}],"predecessor-version":[{"id":1695,"href":"https:\/\/scootertime.ch\/de\/wp-json\/wp\/v2\/posts\/1637\/revisions\/1695"}],"wp:featuredmedia":[{"embeddable":true,"href":"https:\/\/scootertime.ch\/de\/wp-json\/wp\/v2\/media\/1544"}],"wp:attachment":[{"href":"https:\/\/scootertime.ch\/de\/wp-json\/wp\/v2\/media?parent=1637"}],"wp:term":[{"taxonomy":"category","embeddable":true,"href":"https:\/\/scootertime.ch\/de\/wp-json\/wp\/v2\/categories?post=1637"},{"taxonomy":"post_tag","embeddable":true,"href":"https:\/\/scootertime.ch\/de\/wp-json\/wp\/v2\/tags?post=1637"}],"curies":[{"name":"wp","href":"https:\/\/api.w.org\/{rel}","templated":true}]}}