{"id":3925,"date":"2019-11-11T19:24:37","date_gmt":"2019-11-11T19:24:37","guid":{"rendered":"https:\/\/scootertime.ch\/?p=3925"},"modified":"2019-11-11T19:24:37","modified_gmt":"2019-11-11T19:24:37","slug":"eicma-2019-yamaha-tmax-legt-noch-einmal-zu","status":"publish","type":"post","link":"https:\/\/scootertime.ch\/de\/eicma-2019-yamaha-tmax-legt-noch-einmal-zu\/","title":{"rendered":"EICMA 2019 \u2013 Yamaha TMAX legt noch einmal zu"},"content":{"rendered":"<h3><span>2001 STIESS MIT DEM T-MAX DAS TOR ZU MOTORRAD\u00c4HNLICHEN KRAFTROLLERN AUF: AUF DER MAIL\u00c4NDER ZWEIRADMESSE EICMA 2019 STELLTEN DIE JAPANER DIE SECHSTE GENERATION IHRES POTENTEN MAXI-SCOOTERS VOR &#8211;<br \/>\n<\/span><\/h3>\n<p><span>Er bekommt 30 Kubikzentimeter mehr Hubraum und hei\u00dft k\u00fcnftig folgerichtig T-Max 560. Die Leistung steigt leicht auf 48 PS (35 kW) bei 7500 Umdrehungen in der Minute, das maximale Drehmoment von nun 56 Newtonmetern ist bei 5250 Touren erreicht. <a href=\"https:\/\/scootertime.ch\/de\/mdp4037-2\/\"><img loading=\"lazy\" decoding=\"async\" class=\"aligncenter size-full wp-image-3917\" src=\"https:\/\/scootertime.ch\/wp-content\/uploads\/2019\/11\/mdp4037.jpg\" alt=\"\" width=\"720\" height=\"480\" srcset=\"https:\/\/scootertime.ch\/wp-content\/uploads\/2019\/11\/mdp4037.jpg 720w, https:\/\/scootertime.ch\/wp-content\/uploads\/2019\/11\/mdp4037-300x200.jpg 300w, https:\/\/scootertime.ch\/wp-content\/uploads\/2019\/11\/mdp4037-435x290.jpg 435w, https:\/\/scootertime.ch\/wp-content\/uploads\/2019\/11\/mdp4037-150x100.jpg 150w, https:\/\/scootertime.ch\/wp-content\/uploads\/2019\/11\/mdp4037-370x247.jpg 370w\" sizes=\"auto, (max-width: 720px) 100vw, 720px\" \/><\/a><\/span><\/p>\n<p>&nbsp;<\/p>\n<p><span>Der zweistufige Fahrmodus beinhaltet eine Sport-Einstellung, w\u00e4hrend in der Stadt die Leistungsabgabe sanfter erfolgt.<br \/>\nDas Heck wurde zugunsten des Soziuskomforts neugestaltet, ein neuer Keilriemen soll die Kraft\u00fcbertragung verbessern. Dazu kommen unter anderem ein ge\u00e4ndertes K\u00fchlsystem und an die Leistung angepasste Federlemente.<br \/>\nDie Verkleidung des T-Max wurde verschlankt. Eine Neuheit ist der an das Smartkey-System gekoppelte Hauptst\u00e4nder, dieser kann als Diebstahlschutz verriegelt werden.<br \/>\n<\/span><\/p>\n<div id='gallery-1' class='gallery galleryid-3925 gallery-columns-2 gallery-size-full'><figure class='gallery-item'>\n\t\t\t<div class='gallery-icon landscape'>\n\t\t\t\t<a href='https:\/\/scootertime.ch\/de\/mdp4018-2\/'><img loading=\"lazy\" decoding=\"async\" width=\"720\" height=\"480\" src=\"https:\/\/scootertime.ch\/wp-content\/uploads\/2019\/11\/mdp4018.jpg\" class=\"attachment-full size-full\" alt=\"\" srcset=\"https:\/\/scootertime.ch\/wp-content\/uploads\/2019\/11\/mdp4018.jpg 720w, https:\/\/scootertime.ch\/wp-content\/uploads\/2019\/11\/mdp4018-300x200.jpg 300w, https:\/\/scootertime.ch\/wp-content\/uploads\/2019\/11\/mdp4018-435x290.jpg 435w, https:\/\/scootertime.ch\/wp-content\/uploads\/2019\/11\/mdp4018-150x100.jpg 150w, https:\/\/scootertime.ch\/wp-content\/uploads\/2019\/11\/mdp4018-370x247.jpg 370w\" sizes=\"auto, (max-width: 720px) 100vw, 720px\" \/><\/a>\n\t\t\t<\/div><\/figure><figure class='gallery-item'>\n\t\t\t<div class='gallery-icon landscape'>\n\t\t\t\t<a href='https:\/\/scootertime.ch\/de\/ah2v0083-2\/'><img loading=\"lazy\" decoding=\"async\" width=\"720\" height=\"480\" src=\"https:\/\/scootertime.ch\/wp-content\/uploads\/2019\/11\/ah2v0083.jpg\" class=\"attachment-full size-full\" alt=\"\" srcset=\"https:\/\/scootertime.ch\/wp-content\/uploads\/2019\/11\/ah2v0083.jpg 720w, https:\/\/scootertime.ch\/wp-content\/uploads\/2019\/11\/ah2v0083-300x200.jpg 300w, https:\/\/scootertime.ch\/wp-content\/uploads\/2019\/11\/ah2v0083-435x290.jpg 435w, https:\/\/scootertime.ch\/wp-content\/uploads\/2019\/11\/ah2v0083-150x100.jpg 150w, https:\/\/scootertime.ch\/wp-content\/uploads\/2019\/11\/ah2v0083-370x247.jpg 370w\" sizes=\"auto, (max-width: 720px) 100vw, 720px\" \/><\/a>\n\t\t\t<\/div><\/figure>\n\t\t<\/div>\n\n<p><span>In der zweiten Ausstattungsstufe Tech Max bietet der Yamaha T-Max 560 unter anderem serienm\u00e4\u00dfig ein elektrisch verstellbares Windschild, eine Sitzbankheizung, eine verstellbare Hinterradfederung, beheizbare Griffe und eine Geschwindigkeitsregelanlage. Die Markteinf\u00fchrung des neuen Modells erfolgt p\u00fcnktlich zum Saisonstart im Lauf des ersten Quartals 2020. (ampnet)<br \/>\n<\/span><\/p>\n","protected":false},"excerpt":{"rendered":"<p>2001 STIESS MIT DEM T-MAX DAS TOR ZU MOTORRAD\u00c4HNLICHEN KRAFTROLLERN AUF: AUF\u2026<\/p>\n","protected":false},"author":1,"featured_media":3923,"comment_status":"open","ping_status":"open","sticky":false,"template":"","format":"image","meta":{"footnotes":""},"categories":[27],"tags":[],"class_list":["post-3925","post","type-post","status-publish","format-image","has-post-thumbnail","hentry","category-news-de","post_format-post-format-image"],"yoast_head":"<!-- This site is optimized with the Yoast SEO plugin v27.4 - https:\/\/yoast.com\/product\/yoast-seo-wordpress\/ -->\n<title>EICMA 2019 \u2013 Yamaha TMAX legt noch einmal zu - Scootertime<\/title>\n<meta name=\"robots\" content=\"index, follow, max-snippet:-1, max-image-preview:large, max-video-preview:-1\" \/>\n<link rel=\"canonical\" href=\"https:\/\/scootertime.ch\/de\/eicma-2019-yamaha-tmax-legt-noch-einmal-zu\/\" \/>\n<meta property=\"og:locale\" content=\"de_DE\" \/>\n<meta property=\"og:type\" content=\"article\" \/>\n<meta property=\"og:title\" content=\"EICMA 2019 \u2013 Yamaha TMAX legt noch einmal zu - Scootertime\" \/>\n<meta property=\"og:description\" content=\"2001 STIESS MIT DEM T-MAX DAS TOR ZU MOTORRAD\u00c4HNLICHEN KRAFTROLLERN AUF: AUF\u2026\" \/>\n<meta property=\"og:url\" content=\"https:\/\/scootertime.ch\/de\/eicma-2019-yamaha-tmax-legt-noch-einmal-zu\/\" \/>\n<meta property=\"og:site_name\" content=\"Scootertime\" \/>\n<meta property=\"article:published_time\" content=\"2019-11-11T19:24:37+00:00\" \/>\n<meta property=\"og:image\" content=\"https:\/\/scootertime.ch\/wp-content\/uploads\/2019\/11\/mdp4044.jpg\" \/>\n\t<meta property=\"og:image:width\" content=\"720\" \/>\n\t<meta property=\"og:image:height\" content=\"480\" \/>\n\t<meta property=\"og:image:type\" content=\"image\/jpeg\" \/>\n<meta name=\"author\" content=\"Red. SCT\" \/>\n<meta name=\"twitter:card\" content=\"summary_large_image\" \/>\n<meta name=\"twitter:label1\" content=\"Verfasst von\" \/>\n\t<meta name=\"twitter:data1\" content=\"Red. SCT\" \/>\n\t<meta name=\"twitter:label2\" content=\"Gesch\u00e4tzte Lesezeit\" \/>\n\t<meta name=\"twitter:data2\" content=\"1\u00a0Minute\" \/>\n<script type=\"application\/ld+json\" class=\"yoast-schema-graph\">{\"@context\":\"https:\\\/\\\/schema.org\",\"@graph\":[{\"@type\":\"Article\",\"@id\":\"https:\\\/\\\/scootertime.ch\\\/de\\\/eicma-2019-yamaha-tmax-legt-noch-einmal-zu\\\/#article\",\"isPartOf\":{\"@id\":\"https:\\\/\\\/scootertime.ch\\\/de\\\/eicma-2019-yamaha-tmax-legt-noch-einmal-zu\\\/\"},\"author\":{\"name\":\"Red. SCT\",\"@id\":\"https:\\\/\\\/scootertime.ch\\\/#\\\/schema\\\/person\\\/7b982e4db7ec822a53954bf2b0df2537\"},\"headline\":\"EICMA 2019 \u2013 Yamaha TMAX legt noch einmal zu\",\"datePublished\":\"2019-11-11T19:24:37+00:00\",\"mainEntityOfPage\":{\"@id\":\"https:\\\/\\\/scootertime.ch\\\/de\\\/eicma-2019-yamaha-tmax-legt-noch-einmal-zu\\\/\"},\"wordCount\":187,\"commentCount\":0,\"publisher\":{\"@id\":\"https:\\\/\\\/scootertime.ch\\\/#organization\"},\"image\":{\"@id\":\"https:\\\/\\\/scootertime.ch\\\/de\\\/eicma-2019-yamaha-tmax-legt-noch-einmal-zu\\\/#primaryimage\"},\"thumbnailUrl\":\"https:\\\/\\\/scootertime.ch\\\/wp-content\\\/uploads\\\/2019\\\/11\\\/mdp4044.jpg\",\"articleSection\":[\"News\"],\"inLanguage\":\"de\"},{\"@type\":\"WebPage\",\"@id\":\"https:\\\/\\\/scootertime.ch\\\/de\\\/eicma-2019-yamaha-tmax-legt-noch-einmal-zu\\\/\",\"url\":\"https:\\\/\\\/scootertime.ch\\\/de\\\/eicma-2019-yamaha-tmax-legt-noch-einmal-zu\\\/\",\"name\":\"EICMA 2019 \u2013 Yamaha TMAX legt noch einmal zu - Scootertime\",\"isPartOf\":{\"@id\":\"https:\\\/\\\/scootertime.ch\\\/#website\"},\"primaryImageOfPage\":{\"@id\":\"https:\\\/\\\/scootertime.ch\\\/de\\\/eicma-2019-yamaha-tmax-legt-noch-einmal-zu\\\/#primaryimage\"},\"image\":{\"@id\":\"https:\\\/\\\/scootertime.ch\\\/de\\\/eicma-2019-yamaha-tmax-legt-noch-einmal-zu\\\/#primaryimage\"},\"thumbnailUrl\":\"https:\\\/\\\/scootertime.ch\\\/wp-content\\\/uploads\\\/2019\\\/11\\\/mdp4044.jpg\",\"datePublished\":\"2019-11-11T19:24:37+00:00\",\"breadcrumb\":{\"@id\":\"https:\\\/\\\/scootertime.ch\\\/de\\\/eicma-2019-yamaha-tmax-legt-noch-einmal-zu\\\/#breadcrumb\"},\"inLanguage\":\"de\",\"potentialAction\":[{\"@type\":\"ReadAction\",\"target\":[\"https:\\\/\\\/scootertime.ch\\\/de\\\/eicma-2019-yamaha-tmax-legt-noch-einmal-zu\\\/\"]}]},{\"@type\":\"ImageObject\",\"inLanguage\":\"de\",\"@id\":\"https:\\\/\\\/scootertime.ch\\\/de\\\/eicma-2019-yamaha-tmax-legt-noch-einmal-zu\\\/#primaryimage\",\"url\":\"https:\\\/\\\/scootertime.ch\\\/wp-content\\\/uploads\\\/2019\\\/11\\\/mdp4044.jpg\",\"contentUrl\":\"https:\\\/\\\/scootertime.ch\\\/wp-content\\\/uploads\\\/2019\\\/11\\\/mdp4044.jpg\",\"width\":720,\"height\":480},{\"@type\":\"BreadcrumbList\",\"@id\":\"https:\\\/\\\/scootertime.ch\\\/de\\\/eicma-2019-yamaha-tmax-legt-noch-einmal-zu\\\/#breadcrumb\",\"itemListElement\":[{\"@type\":\"ListItem\",\"position\":1,\"name\":\"Home\",\"item\":\"https:\\\/\\\/scootertime.ch\\\/de\\\/\"},{\"@type\":\"ListItem\",\"position\":2,\"name\":\"EICMA 2019 \u2013 Yamaha TMAX legt noch einmal zu\"}]},{\"@type\":\"WebSite\",\"@id\":\"https:\\\/\\\/scootertime.ch\\\/#website\",\"url\":\"https:\\\/\\\/scootertime.ch\\\/\",\"name\":\"Scootertime\",\"description\":\"Das erste Schweizer Rollermagazin\",\"publisher\":{\"@id\":\"https:\\\/\\\/scootertime.ch\\\/#organization\"},\"potentialAction\":[{\"@type\":\"SearchAction\",\"target\":{\"@type\":\"EntryPoint\",\"urlTemplate\":\"https:\\\/\\\/scootertime.ch\\\/?s={search_term_string}\"},\"query-input\":{\"@type\":\"PropertyValueSpecification\",\"valueRequired\":true,\"valueName\":\"search_term_string\"}}],\"inLanguage\":\"de\"},{\"@type\":\"Organization\",\"@id\":\"https:\\\/\\\/scootertime.ch\\\/#organization\",\"name\":\"Scootertime\",\"url\":\"https:\\\/\\\/scootertime.ch\\\/\",\"logo\":{\"@type\":\"ImageObject\",\"inLanguage\":\"de\",\"@id\":\"https:\\\/\\\/scootertime.ch\\\/#\\\/schema\\\/logo\\\/image\\\/\",\"url\":\"https:\\\/\\\/scootertime.ch\\\/wp-content\\\/uploads\\\/2018\\\/04\\\/cropped-testata-fondo-nero.jpg\",\"contentUrl\":\"https:\\\/\\\/scootertime.ch\\\/wp-content\\\/uploads\\\/2018\\\/04\\\/cropped-testata-fondo-nero.jpg\",\"width\":280,\"height\":90,\"caption\":\"Scootertime\"},\"image\":{\"@id\":\"https:\\\/\\\/scootertime.ch\\\/#\\\/schema\\\/logo\\\/image\\\/\"}},{\"@type\":\"Person\",\"@id\":\"https:\\\/\\\/scootertime.ch\\\/#\\\/schema\\\/person\\\/7b982e4db7ec822a53954bf2b0df2537\",\"name\":\"Red. SCT\",\"image\":{\"@type\":\"ImageObject\",\"inLanguage\":\"de\",\"@id\":\"https:\\\/\\\/secure.gravatar.com\\\/avatar\\\/919071c8ee7b6d7474a8e74a8fb9c3b6d7b4606b6d24134ae156375f0b34bc19?s=96&d=mm&r=g\",\"url\":\"https:\\\/\\\/secure.gravatar.com\\\/avatar\\\/919071c8ee7b6d7474a8e74a8fb9c3b6d7b4606b6d24134ae156375f0b34bc19?s=96&d=mm&r=g\",\"contentUrl\":\"https:\\\/\\\/secure.gravatar.com\\\/avatar\\\/919071c8ee7b6d7474a8e74a8fb9c3b6d7b4606b6d24134ae156375f0b34bc19?s=96&d=mm&r=g\",\"caption\":\"Red. SCT\"},\"url\":\"https:\\\/\\\/scootertime.ch\\\/de\\\/author\\\/admin\\\/\"}]}<\/script>\n<!-- \/ Yoast SEO plugin. -->","yoast_head_json":{"title":"EICMA 2019 \u2013 Yamaha TMAX legt noch einmal zu - Scootertime","robots":{"index":"index","follow":"follow","max-snippet":"max-snippet:-1","max-image-preview":"max-image-preview:large","max-video-preview":"max-video-preview:-1"},"canonical":"https:\/\/scootertime.ch\/de\/eicma-2019-yamaha-tmax-legt-noch-einmal-zu\/","og_locale":"de_DE","og_type":"article","og_title":"EICMA 2019 \u2013 Yamaha TMAX legt noch einmal zu - Scootertime","og_description":"2001 STIESS MIT DEM T-MAX DAS TOR ZU MOTORRAD\u00c4HNLICHEN KRAFTROLLERN AUF: AUF\u2026","og_url":"https:\/\/scootertime.ch\/de\/eicma-2019-yamaha-tmax-legt-noch-einmal-zu\/","og_site_name":"Scootertime","article_published_time":"2019-11-11T19:24:37+00:00","og_image":[{"width":720,"height":480,"url":"https:\/\/scootertime.ch\/wp-content\/uploads\/2019\/11\/mdp4044.jpg","type":"image\/jpeg"}],"author":"Red. SCT","twitter_card":"summary_large_image","twitter_misc":{"Verfasst von":"Red. SCT","Gesch\u00e4tzte Lesezeit":"1\u00a0Minute"},"schema":{"@context":"https:\/\/schema.org","@graph":[{"@type":"Article","@id":"https:\/\/scootertime.ch\/de\/eicma-2019-yamaha-tmax-legt-noch-einmal-zu\/#article","isPartOf":{"@id":"https:\/\/scootertime.ch\/de\/eicma-2019-yamaha-tmax-legt-noch-einmal-zu\/"},"author":{"name":"Red. SCT","@id":"https:\/\/scootertime.ch\/#\/schema\/person\/7b982e4db7ec822a53954bf2b0df2537"},"headline":"EICMA 2019 \u2013 Yamaha TMAX legt noch einmal zu","datePublished":"2019-11-11T19:24:37+00:00","mainEntityOfPage":{"@id":"https:\/\/scootertime.ch\/de\/eicma-2019-yamaha-tmax-legt-noch-einmal-zu\/"},"wordCount":187,"commentCount":0,"publisher":{"@id":"https:\/\/scootertime.ch\/#organization"},"image":{"@id":"https:\/\/scootertime.ch\/de\/eicma-2019-yamaha-tmax-legt-noch-einmal-zu\/#primaryimage"},"thumbnailUrl":"https:\/\/scootertime.ch\/wp-content\/uploads\/2019\/11\/mdp4044.jpg","articleSection":["News"],"inLanguage":"de"},{"@type":"WebPage","@id":"https:\/\/scootertime.ch\/de\/eicma-2019-yamaha-tmax-legt-noch-einmal-zu\/","url":"https:\/\/scootertime.ch\/de\/eicma-2019-yamaha-tmax-legt-noch-einmal-zu\/","name":"EICMA 2019 \u2013 Yamaha TMAX legt noch einmal zu - Scootertime","isPartOf":{"@id":"https:\/\/scootertime.ch\/#website"},"primaryImageOfPage":{"@id":"https:\/\/scootertime.ch\/de\/eicma-2019-yamaha-tmax-legt-noch-einmal-zu\/#primaryimage"},"image":{"@id":"https:\/\/scootertime.ch\/de\/eicma-2019-yamaha-tmax-legt-noch-einmal-zu\/#primaryimage"},"thumbnailUrl":"https:\/\/scootertime.ch\/wp-content\/uploads\/2019\/11\/mdp4044.jpg","datePublished":"2019-11-11T19:24:37+00:00","breadcrumb":{"@id":"https:\/\/scootertime.ch\/de\/eicma-2019-yamaha-tmax-legt-noch-einmal-zu\/#breadcrumb"},"inLanguage":"de","potentialAction":[{"@type":"ReadAction","target":["https:\/\/scootertime.ch\/de\/eicma-2019-yamaha-tmax-legt-noch-einmal-zu\/"]}]},{"@type":"ImageObject","inLanguage":"de","@id":"https:\/\/scootertime.ch\/de\/eicma-2019-yamaha-tmax-legt-noch-einmal-zu\/#primaryimage","url":"https:\/\/scootertime.ch\/wp-content\/uploads\/2019\/11\/mdp4044.jpg","contentUrl":"https:\/\/scootertime.ch\/wp-content\/uploads\/2019\/11\/mdp4044.jpg","width":720,"height":480},{"@type":"BreadcrumbList","@id":"https:\/\/scootertime.ch\/de\/eicma-2019-yamaha-tmax-legt-noch-einmal-zu\/#breadcrumb","itemListElement":[{"@type":"ListItem","position":1,"name":"Home","item":"https:\/\/scootertime.ch\/de\/"},{"@type":"ListItem","position":2,"name":"EICMA 2019 \u2013 Yamaha TMAX legt noch einmal zu"}]},{"@type":"WebSite","@id":"https:\/\/scootertime.ch\/#website","url":"https:\/\/scootertime.ch\/","name":"Scootertime","description":"Das erste Schweizer Rollermagazin","publisher":{"@id":"https:\/\/scootertime.ch\/#organization"},"potentialAction":[{"@type":"SearchAction","target":{"@type":"EntryPoint","urlTemplate":"https:\/\/scootertime.ch\/?s={search_term_string}"},"query-input":{"@type":"PropertyValueSpecification","valueRequired":true,"valueName":"search_term_string"}}],"inLanguage":"de"},{"@type":"Organization","@id":"https:\/\/scootertime.ch\/#organization","name":"Scootertime","url":"https:\/\/scootertime.ch\/","logo":{"@type":"ImageObject","inLanguage":"de","@id":"https:\/\/scootertime.ch\/#\/schema\/logo\/image\/","url":"https:\/\/scootertime.ch\/wp-content\/uploads\/2018\/04\/cropped-testata-fondo-nero.jpg","contentUrl":"https:\/\/scootertime.ch\/wp-content\/uploads\/2018\/04\/cropped-testata-fondo-nero.jpg","width":280,"height":90,"caption":"Scootertime"},"image":{"@id":"https:\/\/scootertime.ch\/#\/schema\/logo\/image\/"}},{"@type":"Person","@id":"https:\/\/scootertime.ch\/#\/schema\/person\/7b982e4db7ec822a53954bf2b0df2537","name":"Red. SCT","image":{"@type":"ImageObject","inLanguage":"de","@id":"https:\/\/secure.gravatar.com\/avatar\/919071c8ee7b6d7474a8e74a8fb9c3b6d7b4606b6d24134ae156375f0b34bc19?s=96&d=mm&r=g","url":"https:\/\/secure.gravatar.com\/avatar\/919071c8ee7b6d7474a8e74a8fb9c3b6d7b4606b6d24134ae156375f0b34bc19?s=96&d=mm&r=g","contentUrl":"https:\/\/secure.gravatar.com\/avatar\/919071c8ee7b6d7474a8e74a8fb9c3b6d7b4606b6d24134ae156375f0b34bc19?s=96&d=mm&r=g","caption":"Red. SCT"},"url":"https:\/\/scootertime.ch\/de\/author\/admin\/"}]}},"_links":{"self":[{"href":"https:\/\/scootertime.ch\/de\/wp-json\/wp\/v2\/posts\/3925","targetHints":{"allow":["GET"]}}],"collection":[{"href":"https:\/\/scootertime.ch\/de\/wp-json\/wp\/v2\/posts"}],"about":[{"href":"https:\/\/scootertime.ch\/de\/wp-json\/wp\/v2\/types\/post"}],"author":[{"embeddable":true,"href":"https:\/\/scootertime.ch\/de\/wp-json\/wp\/v2\/users\/1"}],"replies":[{"embeddable":true,"href":"https:\/\/scootertime.ch\/de\/wp-json\/wp\/v2\/comments?post=3925"}],"version-history":[{"count":1,"href":"https:\/\/scootertime.ch\/de\/wp-json\/wp\/v2\/posts\/3925\/revisions"}],"predecessor-version":[{"id":3926,"href":"https:\/\/scootertime.ch\/de\/wp-json\/wp\/v2\/posts\/3925\/revisions\/3926"}],"wp:featuredmedia":[{"embeddable":true,"href":"https:\/\/scootertime.ch\/de\/wp-json\/wp\/v2\/media\/3923"}],"wp:attachment":[{"href":"https:\/\/scootertime.ch\/de\/wp-json\/wp\/v2\/media?parent=3925"}],"wp:term":[{"taxonomy":"category","embeddable":true,"href":"https:\/\/scootertime.ch\/de\/wp-json\/wp\/v2\/categories?post=3925"},{"taxonomy":"post_tag","embeddable":true,"href":"https:\/\/scootertime.ch\/de\/wp-json\/wp\/v2\/tags?post=3925"}],"curies":[{"name":"wp","href":"https:\/\/api.w.org\/{rel}","templated":true}]}}