{"id":4027,"date":"2019-12-07T18:19:47","date_gmt":"2019-12-07T18:19:47","guid":{"rendered":"https:\/\/scootertime.ch\/?p=4027"},"modified":"2019-12-07T18:19:47","modified_gmt":"2019-12-07T18:19:47","slug":"tom-petertil-neuer-coo-der-hostettler-group","status":"publish","type":"post","link":"https:\/\/scootertime.ch\/de\/tom-petertil-neuer-coo-der-hostettler-group\/","title":{"rendered":"Tom Petertil neuer COO der hostettler group"},"content":{"rendered":"<p>Sursee, Dezember 2019 \u2013 Das Management der hostettler group wurde verst\u00e4rkt: Tom Petertil \u00fcbernahm per 1. Dezember die Position des Chief Operating Officer (COO) mit dem Ziel, den Mitinhaber Peter Hostettler zu unterst\u00fctzen.<\/p>\n<p>Tom Petertil (49) ist seit \u00fcber 30 Jahren in der Auto- und Motorradbranche t\u00e4tig. Seit 1. Dezember bringt er sein Know-how als COO der hostettler group in Sursee (LU) ein.<\/p>\n<p>Tom Petertil verantwortet bereichs\u00fcbergreifend die Entwicklung und Transformation der Gesch\u00e4ftsfelder und Unternehmensprozesse der hostettler group und berichtet direkt an den Miteigent\u00fcmer Peter Hostettler.<\/p>\n<p>Dieser meint dazu stolz: \u00abWir freuen uns sehr, mit Tom Petertil einen ausgewiesenen Experten in der hostettler group begr\u00fcssen zu d\u00fcrfen, der \u00fcber ein grosses Know-how in der Automobil- und Motorrad-Industrie verf\u00fcgt, kombiniert mit Erfahrung im Whole- und Retail-Sales-Business.\u00bb<\/p>\n<p>Tom Petertil geh\u00f6rt in seiner Funktion als COO der Gesch\u00e4ftsleitung der hostettler group an.<\/p>\n","protected":false},"excerpt":{"rendered":"<p>Sursee, Dezember 2019 \u2013 Das Management der hostettler group wurde verst\u00e4rkt: Tom\u2026<\/p>\n","protected":false},"author":1,"featured_media":4023,"comment_status":"open","ping_status":"open","sticky":false,"template":"","format":"image","meta":{"footnotes":""},"categories":[27],"tags":[],"class_list":["post-4027","post","type-post","status-publish","format-image","has-post-thumbnail","hentry","category-news-de","post_format-post-format-image"],"yoast_head":"<!-- This site is optimized with the Yoast SEO plugin v27.4 - https:\/\/yoast.com\/product\/yoast-seo-wordpress\/ -->\n<title>Tom Petertil neuer COO der hostettler group - Scootertime<\/title>\n<meta name=\"robots\" content=\"index, follow, max-snippet:-1, max-image-preview:large, max-video-preview:-1\" \/>\n<link rel=\"canonical\" href=\"https:\/\/scootertime.ch\/de\/tom-petertil-neuer-coo-der-hostettler-group\/\" \/>\n<meta property=\"og:locale\" content=\"de_DE\" \/>\n<meta property=\"og:type\" content=\"article\" \/>\n<meta property=\"og:title\" content=\"Tom Petertil neuer COO der hostettler group - Scootertime\" \/>\n<meta property=\"og:description\" content=\"Sursee, Dezember 2019 \u2013 Das Management der hostettler group wurde verst\u00e4rkt: Tom\u2026\" \/>\n<meta property=\"og:url\" content=\"https:\/\/scootertime.ch\/de\/tom-petertil-neuer-coo-der-hostettler-group\/\" \/>\n<meta property=\"og:site_name\" content=\"Scootertime\" \/>\n<meta property=\"article:published_time\" content=\"2019-12-07T18:19:47+00:00\" \/>\n<meta property=\"og:image\" content=\"https:\/\/scootertime.ch\/wp-content\/uploads\/2019\/12\/hostettler-group_Tom-Petertil_COO_01-12-2019.jpg\" \/>\n\t<meta property=\"og:image:width\" content=\"768\" \/>\n\t<meta property=\"og:image:height\" content=\"512\" \/>\n\t<meta property=\"og:image:type\" content=\"image\/jpeg\" \/>\n<meta name=\"author\" content=\"Red. SCT\" \/>\n<meta name=\"twitter:card\" content=\"summary_large_image\" \/>\n<meta name=\"twitter:label1\" content=\"Verfasst von\" \/>\n\t<meta name=\"twitter:data1\" content=\"Red. SCT\" \/>\n\t<meta name=\"twitter:label2\" content=\"Gesch\u00e4tzte Lesezeit\" \/>\n\t<meta name=\"twitter:data2\" content=\"1\u00a0Minute\" \/>\n<script type=\"application\/ld+json\" class=\"yoast-schema-graph\">{\"@context\":\"https:\\\/\\\/schema.org\",\"@graph\":[{\"@type\":\"Article\",\"@id\":\"https:\\\/\\\/scootertime.ch\\\/de\\\/tom-petertil-neuer-coo-der-hostettler-group\\\/#article\",\"isPartOf\":{\"@id\":\"https:\\\/\\\/scootertime.ch\\\/de\\\/tom-petertil-neuer-coo-der-hostettler-group\\\/\"},\"author\":{\"name\":\"Red. SCT\",\"@id\":\"https:\\\/\\\/scootertime.ch\\\/#\\\/schema\\\/person\\\/7b982e4db7ec822a53954bf2b0df2537\"},\"headline\":\"Tom Petertil neuer COO der hostettler group\",\"datePublished\":\"2019-12-07T18:19:47+00:00\",\"mainEntityOfPage\":{\"@id\":\"https:\\\/\\\/scootertime.ch\\\/de\\\/tom-petertil-neuer-coo-der-hostettler-group\\\/\"},\"wordCount\":151,\"commentCount\":0,\"publisher\":{\"@id\":\"https:\\\/\\\/scootertime.ch\\\/#organization\"},\"image\":{\"@id\":\"https:\\\/\\\/scootertime.ch\\\/de\\\/tom-petertil-neuer-coo-der-hostettler-group\\\/#primaryimage\"},\"thumbnailUrl\":\"https:\\\/\\\/scootertime.ch\\\/wp-content\\\/uploads\\\/2019\\\/12\\\/hostettler-group_Tom-Petertil_COO_01-12-2019.jpg\",\"articleSection\":[\"News\"],\"inLanguage\":\"de\"},{\"@type\":\"WebPage\",\"@id\":\"https:\\\/\\\/scootertime.ch\\\/de\\\/tom-petertil-neuer-coo-der-hostettler-group\\\/\",\"url\":\"https:\\\/\\\/scootertime.ch\\\/de\\\/tom-petertil-neuer-coo-der-hostettler-group\\\/\",\"name\":\"Tom Petertil neuer COO der hostettler group - Scootertime\",\"isPartOf\":{\"@id\":\"https:\\\/\\\/scootertime.ch\\\/#website\"},\"primaryImageOfPage\":{\"@id\":\"https:\\\/\\\/scootertime.ch\\\/de\\\/tom-petertil-neuer-coo-der-hostettler-group\\\/#primaryimage\"},\"image\":{\"@id\":\"https:\\\/\\\/scootertime.ch\\\/de\\\/tom-petertil-neuer-coo-der-hostettler-group\\\/#primaryimage\"},\"thumbnailUrl\":\"https:\\\/\\\/scootertime.ch\\\/wp-content\\\/uploads\\\/2019\\\/12\\\/hostettler-group_Tom-Petertil_COO_01-12-2019.jpg\",\"datePublished\":\"2019-12-07T18:19:47+00:00\",\"breadcrumb\":{\"@id\":\"https:\\\/\\\/scootertime.ch\\\/de\\\/tom-petertil-neuer-coo-der-hostettler-group\\\/#breadcrumb\"},\"inLanguage\":\"de\",\"potentialAction\":[{\"@type\":\"ReadAction\",\"target\":[\"https:\\\/\\\/scootertime.ch\\\/de\\\/tom-petertil-neuer-coo-der-hostettler-group\\\/\"]}]},{\"@type\":\"ImageObject\",\"inLanguage\":\"de\",\"@id\":\"https:\\\/\\\/scootertime.ch\\\/de\\\/tom-petertil-neuer-coo-der-hostettler-group\\\/#primaryimage\",\"url\":\"https:\\\/\\\/scootertime.ch\\\/wp-content\\\/uploads\\\/2019\\\/12\\\/hostettler-group_Tom-Petertil_COO_01-12-2019.jpg\",\"contentUrl\":\"https:\\\/\\\/scootertime.ch\\\/wp-content\\\/uploads\\\/2019\\\/12\\\/hostettler-group_Tom-Petertil_COO_01-12-2019.jpg\",\"width\":768,\"height\":512,\"caption\":\"Dazu Tom Petertil, COO der hostettler group\"},{\"@type\":\"BreadcrumbList\",\"@id\":\"https:\\\/\\\/scootertime.ch\\\/de\\\/tom-petertil-neuer-coo-der-hostettler-group\\\/#breadcrumb\",\"itemListElement\":[{\"@type\":\"ListItem\",\"position\":1,\"name\":\"Home\",\"item\":\"https:\\\/\\\/scootertime.ch\\\/de\\\/\"},{\"@type\":\"ListItem\",\"position\":2,\"name\":\"Tom Petertil neuer COO der hostettler group\"}]},{\"@type\":\"WebSite\",\"@id\":\"https:\\\/\\\/scootertime.ch\\\/#website\",\"url\":\"https:\\\/\\\/scootertime.ch\\\/\",\"name\":\"Scootertime\",\"description\":\"Das erste Schweizer Rollermagazin\",\"publisher\":{\"@id\":\"https:\\\/\\\/scootertime.ch\\\/#organization\"},\"potentialAction\":[{\"@type\":\"SearchAction\",\"target\":{\"@type\":\"EntryPoint\",\"urlTemplate\":\"https:\\\/\\\/scootertime.ch\\\/?s={search_term_string}\"},\"query-input\":{\"@type\":\"PropertyValueSpecification\",\"valueRequired\":true,\"valueName\":\"search_term_string\"}}],\"inLanguage\":\"de\"},{\"@type\":\"Organization\",\"@id\":\"https:\\\/\\\/scootertime.ch\\\/#organization\",\"name\":\"Scootertime\",\"url\":\"https:\\\/\\\/scootertime.ch\\\/\",\"logo\":{\"@type\":\"ImageObject\",\"inLanguage\":\"de\",\"@id\":\"https:\\\/\\\/scootertime.ch\\\/#\\\/schema\\\/logo\\\/image\\\/\",\"url\":\"https:\\\/\\\/scootertime.ch\\\/wp-content\\\/uploads\\\/2018\\\/04\\\/cropped-testata-fondo-nero.jpg\",\"contentUrl\":\"https:\\\/\\\/scootertime.ch\\\/wp-content\\\/uploads\\\/2018\\\/04\\\/cropped-testata-fondo-nero.jpg\",\"width\":280,\"height\":90,\"caption\":\"Scootertime\"},\"image\":{\"@id\":\"https:\\\/\\\/scootertime.ch\\\/#\\\/schema\\\/logo\\\/image\\\/\"}},{\"@type\":\"Person\",\"@id\":\"https:\\\/\\\/scootertime.ch\\\/#\\\/schema\\\/person\\\/7b982e4db7ec822a53954bf2b0df2537\",\"name\":\"Red. SCT\",\"image\":{\"@type\":\"ImageObject\",\"inLanguage\":\"de\",\"@id\":\"https:\\\/\\\/secure.gravatar.com\\\/avatar\\\/919071c8ee7b6d7474a8e74a8fb9c3b6d7b4606b6d24134ae156375f0b34bc19?s=96&d=mm&r=g\",\"url\":\"https:\\\/\\\/secure.gravatar.com\\\/avatar\\\/919071c8ee7b6d7474a8e74a8fb9c3b6d7b4606b6d24134ae156375f0b34bc19?s=96&d=mm&r=g\",\"contentUrl\":\"https:\\\/\\\/secure.gravatar.com\\\/avatar\\\/919071c8ee7b6d7474a8e74a8fb9c3b6d7b4606b6d24134ae156375f0b34bc19?s=96&d=mm&r=g\",\"caption\":\"Red. SCT\"},\"url\":\"https:\\\/\\\/scootertime.ch\\\/de\\\/author\\\/admin\\\/\"}]}<\/script>\n<!-- \/ Yoast SEO plugin. -->","yoast_head_json":{"title":"Tom Petertil neuer COO der hostettler group - Scootertime","robots":{"index":"index","follow":"follow","max-snippet":"max-snippet:-1","max-image-preview":"max-image-preview:large","max-video-preview":"max-video-preview:-1"},"canonical":"https:\/\/scootertime.ch\/de\/tom-petertil-neuer-coo-der-hostettler-group\/","og_locale":"de_DE","og_type":"article","og_title":"Tom Petertil neuer COO der hostettler group - Scootertime","og_description":"Sursee, Dezember 2019 \u2013 Das Management der hostettler group wurde verst\u00e4rkt: Tom\u2026","og_url":"https:\/\/scootertime.ch\/de\/tom-petertil-neuer-coo-der-hostettler-group\/","og_site_name":"Scootertime","article_published_time":"2019-12-07T18:19:47+00:00","og_image":[{"width":768,"height":512,"url":"https:\/\/scootertime.ch\/wp-content\/uploads\/2019\/12\/hostettler-group_Tom-Petertil_COO_01-12-2019.jpg","type":"image\/jpeg"}],"author":"Red. SCT","twitter_card":"summary_large_image","twitter_misc":{"Verfasst von":"Red. SCT","Gesch\u00e4tzte Lesezeit":"1\u00a0Minute"},"schema":{"@context":"https:\/\/schema.org","@graph":[{"@type":"Article","@id":"https:\/\/scootertime.ch\/de\/tom-petertil-neuer-coo-der-hostettler-group\/#article","isPartOf":{"@id":"https:\/\/scootertime.ch\/de\/tom-petertil-neuer-coo-der-hostettler-group\/"},"author":{"name":"Red. SCT","@id":"https:\/\/scootertime.ch\/#\/schema\/person\/7b982e4db7ec822a53954bf2b0df2537"},"headline":"Tom Petertil neuer COO der hostettler group","datePublished":"2019-12-07T18:19:47+00:00","mainEntityOfPage":{"@id":"https:\/\/scootertime.ch\/de\/tom-petertil-neuer-coo-der-hostettler-group\/"},"wordCount":151,"commentCount":0,"publisher":{"@id":"https:\/\/scootertime.ch\/#organization"},"image":{"@id":"https:\/\/scootertime.ch\/de\/tom-petertil-neuer-coo-der-hostettler-group\/#primaryimage"},"thumbnailUrl":"https:\/\/scootertime.ch\/wp-content\/uploads\/2019\/12\/hostettler-group_Tom-Petertil_COO_01-12-2019.jpg","articleSection":["News"],"inLanguage":"de"},{"@type":"WebPage","@id":"https:\/\/scootertime.ch\/de\/tom-petertil-neuer-coo-der-hostettler-group\/","url":"https:\/\/scootertime.ch\/de\/tom-petertil-neuer-coo-der-hostettler-group\/","name":"Tom Petertil neuer COO der hostettler group - Scootertime","isPartOf":{"@id":"https:\/\/scootertime.ch\/#website"},"primaryImageOfPage":{"@id":"https:\/\/scootertime.ch\/de\/tom-petertil-neuer-coo-der-hostettler-group\/#primaryimage"},"image":{"@id":"https:\/\/scootertime.ch\/de\/tom-petertil-neuer-coo-der-hostettler-group\/#primaryimage"},"thumbnailUrl":"https:\/\/scootertime.ch\/wp-content\/uploads\/2019\/12\/hostettler-group_Tom-Petertil_COO_01-12-2019.jpg","datePublished":"2019-12-07T18:19:47+00:00","breadcrumb":{"@id":"https:\/\/scootertime.ch\/de\/tom-petertil-neuer-coo-der-hostettler-group\/#breadcrumb"},"inLanguage":"de","potentialAction":[{"@type":"ReadAction","target":["https:\/\/scootertime.ch\/de\/tom-petertil-neuer-coo-der-hostettler-group\/"]}]},{"@type":"ImageObject","inLanguage":"de","@id":"https:\/\/scootertime.ch\/de\/tom-petertil-neuer-coo-der-hostettler-group\/#primaryimage","url":"https:\/\/scootertime.ch\/wp-content\/uploads\/2019\/12\/hostettler-group_Tom-Petertil_COO_01-12-2019.jpg","contentUrl":"https:\/\/scootertime.ch\/wp-content\/uploads\/2019\/12\/hostettler-group_Tom-Petertil_COO_01-12-2019.jpg","width":768,"height":512,"caption":"Dazu Tom Petertil, COO der hostettler group"},{"@type":"BreadcrumbList","@id":"https:\/\/scootertime.ch\/de\/tom-petertil-neuer-coo-der-hostettler-group\/#breadcrumb","itemListElement":[{"@type":"ListItem","position":1,"name":"Home","item":"https:\/\/scootertime.ch\/de\/"},{"@type":"ListItem","position":2,"name":"Tom Petertil neuer COO der hostettler group"}]},{"@type":"WebSite","@id":"https:\/\/scootertime.ch\/#website","url":"https:\/\/scootertime.ch\/","name":"Scootertime","description":"Das erste Schweizer Rollermagazin","publisher":{"@id":"https:\/\/scootertime.ch\/#organization"},"potentialAction":[{"@type":"SearchAction","target":{"@type":"EntryPoint","urlTemplate":"https:\/\/scootertime.ch\/?s={search_term_string}"},"query-input":{"@type":"PropertyValueSpecification","valueRequired":true,"valueName":"search_term_string"}}],"inLanguage":"de"},{"@type":"Organization","@id":"https:\/\/scootertime.ch\/#organization","name":"Scootertime","url":"https:\/\/scootertime.ch\/","logo":{"@type":"ImageObject","inLanguage":"de","@id":"https:\/\/scootertime.ch\/#\/schema\/logo\/image\/","url":"https:\/\/scootertime.ch\/wp-content\/uploads\/2018\/04\/cropped-testata-fondo-nero.jpg","contentUrl":"https:\/\/scootertime.ch\/wp-content\/uploads\/2018\/04\/cropped-testata-fondo-nero.jpg","width":280,"height":90,"caption":"Scootertime"},"image":{"@id":"https:\/\/scootertime.ch\/#\/schema\/logo\/image\/"}},{"@type":"Person","@id":"https:\/\/scootertime.ch\/#\/schema\/person\/7b982e4db7ec822a53954bf2b0df2537","name":"Red. SCT","image":{"@type":"ImageObject","inLanguage":"de","@id":"https:\/\/secure.gravatar.com\/avatar\/919071c8ee7b6d7474a8e74a8fb9c3b6d7b4606b6d24134ae156375f0b34bc19?s=96&d=mm&r=g","url":"https:\/\/secure.gravatar.com\/avatar\/919071c8ee7b6d7474a8e74a8fb9c3b6d7b4606b6d24134ae156375f0b34bc19?s=96&d=mm&r=g","contentUrl":"https:\/\/secure.gravatar.com\/avatar\/919071c8ee7b6d7474a8e74a8fb9c3b6d7b4606b6d24134ae156375f0b34bc19?s=96&d=mm&r=g","caption":"Red. SCT"},"url":"https:\/\/scootertime.ch\/de\/author\/admin\/"}]}},"_links":{"self":[{"href":"https:\/\/scootertime.ch\/de\/wp-json\/wp\/v2\/posts\/4027","targetHints":{"allow":["GET"]}}],"collection":[{"href":"https:\/\/scootertime.ch\/de\/wp-json\/wp\/v2\/posts"}],"about":[{"href":"https:\/\/scootertime.ch\/de\/wp-json\/wp\/v2\/types\/post"}],"author":[{"embeddable":true,"href":"https:\/\/scootertime.ch\/de\/wp-json\/wp\/v2\/users\/1"}],"replies":[{"embeddable":true,"href":"https:\/\/scootertime.ch\/de\/wp-json\/wp\/v2\/comments?post=4027"}],"version-history":[{"count":1,"href":"https:\/\/scootertime.ch\/de\/wp-json\/wp\/v2\/posts\/4027\/revisions"}],"predecessor-version":[{"id":4028,"href":"https:\/\/scootertime.ch\/de\/wp-json\/wp\/v2\/posts\/4027\/revisions\/4028"}],"wp:featuredmedia":[{"embeddable":true,"href":"https:\/\/scootertime.ch\/de\/wp-json\/wp\/v2\/media\/4023"}],"wp:attachment":[{"href":"https:\/\/scootertime.ch\/de\/wp-json\/wp\/v2\/media?parent=4027"}],"wp:term":[{"taxonomy":"category","embeddable":true,"href":"https:\/\/scootertime.ch\/de\/wp-json\/wp\/v2\/categories?post=4027"},{"taxonomy":"post_tag","embeddable":true,"href":"https:\/\/scootertime.ch\/de\/wp-json\/wp\/v2\/tags?post=4027"}],"curies":[{"name":"wp","href":"https:\/\/api.w.org\/{rel}","templated":true}]}}