{"id":4374,"date":"2020-03-17T16:53:00","date_gmt":"2020-03-17T16:53:00","guid":{"rendered":"https:\/\/scootertime.ch\/?p=4374"},"modified":"2020-03-17T16:53:01","modified_gmt":"2020-03-17T16:53:01","slug":"roller-und-motorrad-werkstaetten-bleiben-offen","status":"publish","type":"post","link":"https:\/\/scootertime.ch\/de\/roller-und-motorrad-werkstaetten-bleiben-offen\/","title":{"rendered":"Roller- und Motorrad-Werkst\u00e4tten bleiben offen!"},"content":{"rendered":"\n<h2 class=\"wp-block-heading\">Corona-Virus: Schweizer \u00abLockdown\u00bb<\/h2>\n\n\n\n<p><span style=\"display: inline !important; float: none; background-color: #ffffff; color: #191e23; cursor: text; font-family: 'Noto Serif'; font-size: 16px; font-style: normal; font-variant: normal; font-weight: 400; letter-spacing: normal; orphans: 2; text-align: left; text-decoration: none; text-indent: 0px; text-transform: none; -webkit-text-stroke-width: 0px; white-space: normal; word-spacing: 0px;\">(SFMR) <\/span>&#8211; Roller, Motorr\u00e4der und Motorfahrr\u00e4der stellen insbesondere im urbanen Bereich eine unverzichtbare Form der Mobilit\u00e4t f\u00fcr grosse Teile der Bev\u00f6lkerung dar. Deshalb bleiben die Zweirad-Werkst\u00e4tten trotz der rigorosen Massnahmen des Bundesrats gegen die Ausbreitung des CoronaVirus weiterhin ge\u00f6ffnet.\u00a0<\/p>\n<p>Der vom Bundesrat am Montag, den 16. M\u00e4rz, beschlossene\u00a0 \u00abLockdown\u00bb f\u00fcr die gesamte Schweiz wegen der Ausbreitung des Corona-Virus beinhaltet die sofortige Schliessung von rund 700 Verkaufslokalit\u00e4ten der Roller- und Motorradbranche. Die Reparatur-Abteilungen bleiben jedoch offen, damit die Mobilit\u00e4t der Bev\u00f6lkerung sichergestellt werden kann!<\/p>\n<p><strong> Unverzichtbarer Beitrag zur Mobilit\u00e4t der Bev\u00f6lkerung<\/strong><\/p>\n<p>Roland M\u00fcntener, Pr\u00e4sident des Importeursverband motosuisse, sagt unmissverst\u00e4ndlich: \u00abViele Schweizerinnen und Schweizer verzichten heute aus Angst, mit dem Corona-Virus angesteckt zu werden oder aus R\u00fccksicht, andere mit dem Virus anzustecken, auf die Benutzung der \u00f6ffentlichen Verkehrsmittel. Sie weichen auf private Alternativen aus. Insbesondere im urbanen Bereich kommt dabei dem motorisierten Zweirad eine enorme Bedeutung zu. Der Branchenverband motosuisse weist deshalb nachdr\u00fccklich darauf hin, wie wichtig es ist, dass sich die 700&#8217;000 in der Schweiz eingel\u00f6sten motorisierten Zweiradfahrzeuge technisch in einwandfreiem Zustand befinden. Deshalb muss bei n\u00f6tigen Reparaturen auch aus Sicherheitsgr\u00fcnden umgehend und ungehindert eine Werkstatt aufgesucht werden k\u00f6nnen. Wir sind froh, dass der Bundesrat in der am 16. M\u00e4rz in Kraft gesetzten Verordnung die Zweirad-Werkst\u00e4tten vom Verbot ausgenommen hat.\u00bb<\/p>\n<p><strong>Reparieren ja, Verkaufen vorerst nein<\/strong><\/p>\n<p>Anders sieht es bei den Verkaufsaktivit\u00e4ten aus. Als \u00ab\u00f6ffentlich zug\u00e4ngliche Einrichtungen\u00bb sind sie f\u00fcr das Publikum geschlossen. motosuisse-Verbandspr\u00e4sident Roland M\u00fcntener r\u00e4t der Branche: \u00abFachhandelsgesch\u00e4fte sind mit den Werkst\u00e4tten r\u00e4umlich oft so eng verbunden, dass sie nicht geschlossen werden k\u00f6nnen. Dennoch raten wir von Verkaufsaktivit\u00e4ten ab, zumal die Strafandrohung mit Freiheitsstrafe bis zu drei Jahren oder hohen Geldstrafen drakonisch sind.\u00bb<\/p>\n","protected":false},"excerpt":{"rendered":"<p>Corona-Virus: Schweizer \u00abLockdown\u00bb<\/p>\n","protected":false},"author":1,"featured_media":4375,"comment_status":"open","ping_status":"open","sticky":false,"template":"","format":"standard","meta":{"footnotes":""},"categories":[27],"tags":[],"class_list":["post-4374","post","type-post","status-publish","format-standard","has-post-thumbnail","hentry","category-news-de"],"yoast_head":"<!-- This site is optimized with the Yoast SEO plugin v27.4 - https:\/\/yoast.com\/product\/yoast-seo-wordpress\/ -->\n<title>Roller- und Motorrad-Werkst\u00e4tten bleiben offen! - Scootertime<\/title>\n<meta name=\"robots\" content=\"index, follow, max-snippet:-1, max-image-preview:large, max-video-preview:-1\" \/>\n<link rel=\"canonical\" href=\"https:\/\/scootertime.ch\/de\/roller-und-motorrad-werkstaetten-bleiben-offen\/\" \/>\n<meta property=\"og:locale\" content=\"de_DE\" \/>\n<meta property=\"og:type\" content=\"article\" \/>\n<meta property=\"og:title\" content=\"Roller- und Motorrad-Werkst\u00e4tten bleiben offen! - Scootertime\" \/>\n<meta property=\"og:description\" content=\"Corona-Virus: Schweizer \u00abLockdown\u00bb\" \/>\n<meta property=\"og:url\" content=\"https:\/\/scootertime.ch\/de\/roller-und-motorrad-werkstaetten-bleiben-offen\/\" \/>\n<meta property=\"og:site_name\" content=\"Scootertime\" \/>\n<meta property=\"article:published_time\" content=\"2020-03-17T16:53:00+00:00\" \/>\n<meta property=\"article:modified_time\" content=\"2020-03-17T16:53:01+00:00\" \/>\n<meta property=\"og:image\" content=\"https:\/\/scootertime.ch\/wp-content\/uploads\/2020\/03\/Werkstatt_bearbeitet-2.jpg\" \/>\n\t<meta property=\"og:image:width\" content=\"800\" \/>\n\t<meta property=\"og:image:height\" content=\"436\" \/>\n\t<meta property=\"og:image:type\" content=\"image\/jpeg\" \/>\n<meta name=\"author\" content=\"Red. SCT\" \/>\n<meta name=\"twitter:card\" content=\"summary_large_image\" \/>\n<meta name=\"twitter:label1\" content=\"Verfasst von\" \/>\n\t<meta name=\"twitter:data1\" content=\"Red. SCT\" \/>\n\t<meta name=\"twitter:label2\" content=\"Gesch\u00e4tzte Lesezeit\" \/>\n\t<meta name=\"twitter:data2\" content=\"2\u00a0Minuten\" \/>\n<script type=\"application\/ld+json\" class=\"yoast-schema-graph\">{\"@context\":\"https:\\\/\\\/schema.org\",\"@graph\":[{\"@type\":\"Article\",\"@id\":\"https:\\\/\\\/scootertime.ch\\\/de\\\/roller-und-motorrad-werkstaetten-bleiben-offen\\\/#article\",\"isPartOf\":{\"@id\":\"https:\\\/\\\/scootertime.ch\\\/de\\\/roller-und-motorrad-werkstaetten-bleiben-offen\\\/\"},\"author\":{\"name\":\"Red. SCT\",\"@id\":\"https:\\\/\\\/scootertime.ch\\\/#\\\/schema\\\/person\\\/7b982e4db7ec822a53954bf2b0df2537\"},\"headline\":\"Roller- und Motorrad-Werkst\u00e4tten bleiben offen!\",\"datePublished\":\"2020-03-17T16:53:00+00:00\",\"dateModified\":\"2020-03-17T16:53:01+00:00\",\"mainEntityOfPage\":{\"@id\":\"https:\\\/\\\/scootertime.ch\\\/de\\\/roller-und-motorrad-werkstaetten-bleiben-offen\\\/\"},\"wordCount\":313,\"commentCount\":0,\"publisher\":{\"@id\":\"https:\\\/\\\/scootertime.ch\\\/#organization\"},\"image\":{\"@id\":\"https:\\\/\\\/scootertime.ch\\\/de\\\/roller-und-motorrad-werkstaetten-bleiben-offen\\\/#primaryimage\"},\"thumbnailUrl\":\"https:\\\/\\\/scootertime.ch\\\/wp-content\\\/uploads\\\/2020\\\/03\\\/Werkstatt_bearbeitet-2.jpg\",\"articleSection\":[\"News\"],\"inLanguage\":\"de\"},{\"@type\":\"WebPage\",\"@id\":\"https:\\\/\\\/scootertime.ch\\\/de\\\/roller-und-motorrad-werkstaetten-bleiben-offen\\\/\",\"url\":\"https:\\\/\\\/scootertime.ch\\\/de\\\/roller-und-motorrad-werkstaetten-bleiben-offen\\\/\",\"name\":\"Roller- und Motorrad-Werkst\u00e4tten bleiben offen! - Scootertime\",\"isPartOf\":{\"@id\":\"https:\\\/\\\/scootertime.ch\\\/#website\"},\"primaryImageOfPage\":{\"@id\":\"https:\\\/\\\/scootertime.ch\\\/de\\\/roller-und-motorrad-werkstaetten-bleiben-offen\\\/#primaryimage\"},\"image\":{\"@id\":\"https:\\\/\\\/scootertime.ch\\\/de\\\/roller-und-motorrad-werkstaetten-bleiben-offen\\\/#primaryimage\"},\"thumbnailUrl\":\"https:\\\/\\\/scootertime.ch\\\/wp-content\\\/uploads\\\/2020\\\/03\\\/Werkstatt_bearbeitet-2.jpg\",\"datePublished\":\"2020-03-17T16:53:00+00:00\",\"dateModified\":\"2020-03-17T16:53:01+00:00\",\"breadcrumb\":{\"@id\":\"https:\\\/\\\/scootertime.ch\\\/de\\\/roller-und-motorrad-werkstaetten-bleiben-offen\\\/#breadcrumb\"},\"inLanguage\":\"de\",\"potentialAction\":[{\"@type\":\"ReadAction\",\"target\":[\"https:\\\/\\\/scootertime.ch\\\/de\\\/roller-und-motorrad-werkstaetten-bleiben-offen\\\/\"]}]},{\"@type\":\"ImageObject\",\"inLanguage\":\"de\",\"@id\":\"https:\\\/\\\/scootertime.ch\\\/de\\\/roller-und-motorrad-werkstaetten-bleiben-offen\\\/#primaryimage\",\"url\":\"https:\\\/\\\/scootertime.ch\\\/wp-content\\\/uploads\\\/2020\\\/03\\\/Werkstatt_bearbeitet-2.jpg\",\"contentUrl\":\"https:\\\/\\\/scootertime.ch\\\/wp-content\\\/uploads\\\/2020\\\/03\\\/Werkstatt_bearbeitet-2.jpg\",\"width\":800,\"height\":436},{\"@type\":\"BreadcrumbList\",\"@id\":\"https:\\\/\\\/scootertime.ch\\\/de\\\/roller-und-motorrad-werkstaetten-bleiben-offen\\\/#breadcrumb\",\"itemListElement\":[{\"@type\":\"ListItem\",\"position\":1,\"name\":\"Home\",\"item\":\"https:\\\/\\\/scootertime.ch\\\/de\\\/\"},{\"@type\":\"ListItem\",\"position\":2,\"name\":\"Roller- und Motorrad-Werkst\u00e4tten bleiben offen!\"}]},{\"@type\":\"WebSite\",\"@id\":\"https:\\\/\\\/scootertime.ch\\\/#website\",\"url\":\"https:\\\/\\\/scootertime.ch\\\/\",\"name\":\"Scootertime\",\"description\":\"Das erste Schweizer Rollermagazin\",\"publisher\":{\"@id\":\"https:\\\/\\\/scootertime.ch\\\/#organization\"},\"potentialAction\":[{\"@type\":\"SearchAction\",\"target\":{\"@type\":\"EntryPoint\",\"urlTemplate\":\"https:\\\/\\\/scootertime.ch\\\/?s={search_term_string}\"},\"query-input\":{\"@type\":\"PropertyValueSpecification\",\"valueRequired\":true,\"valueName\":\"search_term_string\"}}],\"inLanguage\":\"de\"},{\"@type\":\"Organization\",\"@id\":\"https:\\\/\\\/scootertime.ch\\\/#organization\",\"name\":\"Scootertime\",\"url\":\"https:\\\/\\\/scootertime.ch\\\/\",\"logo\":{\"@type\":\"ImageObject\",\"inLanguage\":\"de\",\"@id\":\"https:\\\/\\\/scootertime.ch\\\/#\\\/schema\\\/logo\\\/image\\\/\",\"url\":\"https:\\\/\\\/scootertime.ch\\\/wp-content\\\/uploads\\\/2018\\\/04\\\/cropped-testata-fondo-nero.jpg\",\"contentUrl\":\"https:\\\/\\\/scootertime.ch\\\/wp-content\\\/uploads\\\/2018\\\/04\\\/cropped-testata-fondo-nero.jpg\",\"width\":280,\"height\":90,\"caption\":\"Scootertime\"},\"image\":{\"@id\":\"https:\\\/\\\/scootertime.ch\\\/#\\\/schema\\\/logo\\\/image\\\/\"}},{\"@type\":\"Person\",\"@id\":\"https:\\\/\\\/scootertime.ch\\\/#\\\/schema\\\/person\\\/7b982e4db7ec822a53954bf2b0df2537\",\"name\":\"Red. SCT\",\"image\":{\"@type\":\"ImageObject\",\"inLanguage\":\"de\",\"@id\":\"https:\\\/\\\/secure.gravatar.com\\\/avatar\\\/919071c8ee7b6d7474a8e74a8fb9c3b6d7b4606b6d24134ae156375f0b34bc19?s=96&d=mm&r=g\",\"url\":\"https:\\\/\\\/secure.gravatar.com\\\/avatar\\\/919071c8ee7b6d7474a8e74a8fb9c3b6d7b4606b6d24134ae156375f0b34bc19?s=96&d=mm&r=g\",\"contentUrl\":\"https:\\\/\\\/secure.gravatar.com\\\/avatar\\\/919071c8ee7b6d7474a8e74a8fb9c3b6d7b4606b6d24134ae156375f0b34bc19?s=96&d=mm&r=g\",\"caption\":\"Red. SCT\"},\"url\":\"https:\\\/\\\/scootertime.ch\\\/de\\\/author\\\/admin\\\/\"}]}<\/script>\n<!-- \/ Yoast SEO plugin. -->","yoast_head_json":{"title":"Roller- und Motorrad-Werkst\u00e4tten bleiben offen! - Scootertime","robots":{"index":"index","follow":"follow","max-snippet":"max-snippet:-1","max-image-preview":"max-image-preview:large","max-video-preview":"max-video-preview:-1"},"canonical":"https:\/\/scootertime.ch\/de\/roller-und-motorrad-werkstaetten-bleiben-offen\/","og_locale":"de_DE","og_type":"article","og_title":"Roller- und Motorrad-Werkst\u00e4tten bleiben offen! - Scootertime","og_description":"Corona-Virus: Schweizer \u00abLockdown\u00bb","og_url":"https:\/\/scootertime.ch\/de\/roller-und-motorrad-werkstaetten-bleiben-offen\/","og_site_name":"Scootertime","article_published_time":"2020-03-17T16:53:00+00:00","article_modified_time":"2020-03-17T16:53:01+00:00","og_image":[{"width":800,"height":436,"url":"https:\/\/scootertime.ch\/wp-content\/uploads\/2020\/03\/Werkstatt_bearbeitet-2.jpg","type":"image\/jpeg"}],"author":"Red. SCT","twitter_card":"summary_large_image","twitter_misc":{"Verfasst von":"Red. SCT","Gesch\u00e4tzte Lesezeit":"2\u00a0Minuten"},"schema":{"@context":"https:\/\/schema.org","@graph":[{"@type":"Article","@id":"https:\/\/scootertime.ch\/de\/roller-und-motorrad-werkstaetten-bleiben-offen\/#article","isPartOf":{"@id":"https:\/\/scootertime.ch\/de\/roller-und-motorrad-werkstaetten-bleiben-offen\/"},"author":{"name":"Red. SCT","@id":"https:\/\/scootertime.ch\/#\/schema\/person\/7b982e4db7ec822a53954bf2b0df2537"},"headline":"Roller- und Motorrad-Werkst\u00e4tten bleiben offen!","datePublished":"2020-03-17T16:53:00+00:00","dateModified":"2020-03-17T16:53:01+00:00","mainEntityOfPage":{"@id":"https:\/\/scootertime.ch\/de\/roller-und-motorrad-werkstaetten-bleiben-offen\/"},"wordCount":313,"commentCount":0,"publisher":{"@id":"https:\/\/scootertime.ch\/#organization"},"image":{"@id":"https:\/\/scootertime.ch\/de\/roller-und-motorrad-werkstaetten-bleiben-offen\/#primaryimage"},"thumbnailUrl":"https:\/\/scootertime.ch\/wp-content\/uploads\/2020\/03\/Werkstatt_bearbeitet-2.jpg","articleSection":["News"],"inLanguage":"de"},{"@type":"WebPage","@id":"https:\/\/scootertime.ch\/de\/roller-und-motorrad-werkstaetten-bleiben-offen\/","url":"https:\/\/scootertime.ch\/de\/roller-und-motorrad-werkstaetten-bleiben-offen\/","name":"Roller- und Motorrad-Werkst\u00e4tten bleiben offen! - Scootertime","isPartOf":{"@id":"https:\/\/scootertime.ch\/#website"},"primaryImageOfPage":{"@id":"https:\/\/scootertime.ch\/de\/roller-und-motorrad-werkstaetten-bleiben-offen\/#primaryimage"},"image":{"@id":"https:\/\/scootertime.ch\/de\/roller-und-motorrad-werkstaetten-bleiben-offen\/#primaryimage"},"thumbnailUrl":"https:\/\/scootertime.ch\/wp-content\/uploads\/2020\/03\/Werkstatt_bearbeitet-2.jpg","datePublished":"2020-03-17T16:53:00+00:00","dateModified":"2020-03-17T16:53:01+00:00","breadcrumb":{"@id":"https:\/\/scootertime.ch\/de\/roller-und-motorrad-werkstaetten-bleiben-offen\/#breadcrumb"},"inLanguage":"de","potentialAction":[{"@type":"ReadAction","target":["https:\/\/scootertime.ch\/de\/roller-und-motorrad-werkstaetten-bleiben-offen\/"]}]},{"@type":"ImageObject","inLanguage":"de","@id":"https:\/\/scootertime.ch\/de\/roller-und-motorrad-werkstaetten-bleiben-offen\/#primaryimage","url":"https:\/\/scootertime.ch\/wp-content\/uploads\/2020\/03\/Werkstatt_bearbeitet-2.jpg","contentUrl":"https:\/\/scootertime.ch\/wp-content\/uploads\/2020\/03\/Werkstatt_bearbeitet-2.jpg","width":800,"height":436},{"@type":"BreadcrumbList","@id":"https:\/\/scootertime.ch\/de\/roller-und-motorrad-werkstaetten-bleiben-offen\/#breadcrumb","itemListElement":[{"@type":"ListItem","position":1,"name":"Home","item":"https:\/\/scootertime.ch\/de\/"},{"@type":"ListItem","position":2,"name":"Roller- und Motorrad-Werkst\u00e4tten bleiben offen!"}]},{"@type":"WebSite","@id":"https:\/\/scootertime.ch\/#website","url":"https:\/\/scootertime.ch\/","name":"Scootertime","description":"Das erste Schweizer Rollermagazin","publisher":{"@id":"https:\/\/scootertime.ch\/#organization"},"potentialAction":[{"@type":"SearchAction","target":{"@type":"EntryPoint","urlTemplate":"https:\/\/scootertime.ch\/?s={search_term_string}"},"query-input":{"@type":"PropertyValueSpecification","valueRequired":true,"valueName":"search_term_string"}}],"inLanguage":"de"},{"@type":"Organization","@id":"https:\/\/scootertime.ch\/#organization","name":"Scootertime","url":"https:\/\/scootertime.ch\/","logo":{"@type":"ImageObject","inLanguage":"de","@id":"https:\/\/scootertime.ch\/#\/schema\/logo\/image\/","url":"https:\/\/scootertime.ch\/wp-content\/uploads\/2018\/04\/cropped-testata-fondo-nero.jpg","contentUrl":"https:\/\/scootertime.ch\/wp-content\/uploads\/2018\/04\/cropped-testata-fondo-nero.jpg","width":280,"height":90,"caption":"Scootertime"},"image":{"@id":"https:\/\/scootertime.ch\/#\/schema\/logo\/image\/"}},{"@type":"Person","@id":"https:\/\/scootertime.ch\/#\/schema\/person\/7b982e4db7ec822a53954bf2b0df2537","name":"Red. SCT","image":{"@type":"ImageObject","inLanguage":"de","@id":"https:\/\/secure.gravatar.com\/avatar\/919071c8ee7b6d7474a8e74a8fb9c3b6d7b4606b6d24134ae156375f0b34bc19?s=96&d=mm&r=g","url":"https:\/\/secure.gravatar.com\/avatar\/919071c8ee7b6d7474a8e74a8fb9c3b6d7b4606b6d24134ae156375f0b34bc19?s=96&d=mm&r=g","contentUrl":"https:\/\/secure.gravatar.com\/avatar\/919071c8ee7b6d7474a8e74a8fb9c3b6d7b4606b6d24134ae156375f0b34bc19?s=96&d=mm&r=g","caption":"Red. SCT"},"url":"https:\/\/scootertime.ch\/de\/author\/admin\/"}]}},"_links":{"self":[{"href":"https:\/\/scootertime.ch\/de\/wp-json\/wp\/v2\/posts\/4374","targetHints":{"allow":["GET"]}}],"collection":[{"href":"https:\/\/scootertime.ch\/de\/wp-json\/wp\/v2\/posts"}],"about":[{"href":"https:\/\/scootertime.ch\/de\/wp-json\/wp\/v2\/types\/post"}],"author":[{"embeddable":true,"href":"https:\/\/scootertime.ch\/de\/wp-json\/wp\/v2\/users\/1"}],"replies":[{"embeddable":true,"href":"https:\/\/scootertime.ch\/de\/wp-json\/wp\/v2\/comments?post=4374"}],"version-history":[{"count":1,"href":"https:\/\/scootertime.ch\/de\/wp-json\/wp\/v2\/posts\/4374\/revisions"}],"predecessor-version":[{"id":4381,"href":"https:\/\/scootertime.ch\/de\/wp-json\/wp\/v2\/posts\/4374\/revisions\/4381"}],"wp:featuredmedia":[{"embeddable":true,"href":"https:\/\/scootertime.ch\/de\/wp-json\/wp\/v2\/media\/4375"}],"wp:attachment":[{"href":"https:\/\/scootertime.ch\/de\/wp-json\/wp\/v2\/media?parent=4374"}],"wp:term":[{"taxonomy":"category","embeddable":true,"href":"https:\/\/scootertime.ch\/de\/wp-json\/wp\/v2\/categories?post=4374"},{"taxonomy":"post_tag","embeddable":true,"href":"https:\/\/scootertime.ch\/de\/wp-json\/wp\/v2\/tags?post=4374"}],"curies":[{"name":"wp","href":"https:\/\/api.w.org\/{rel}","templated":true}]}}