{"id":5431,"date":"2020-11-11T13:19:43","date_gmt":"2020-11-11T13:19:43","guid":{"rendered":"http:\/\/scootertime.ch\/?p=5431"},"modified":"2020-11-11T13:19:45","modified_gmt":"2020-11-11T13:19:45","slug":"bmw-definiert-den-urbanen-elektroroller-neu","status":"publish","type":"post","link":"https:\/\/scootertime.ch\/de\/bmw-definiert-den-urbanen-elektroroller-neu\/","title":{"rendered":"BMW definiert den urbanen Elektroroller neu"},"content":{"rendered":"\n<h4 class=\"wp-block-heading\"> BMW HAT SEIN MOTORRAD-CONCEPT LINK VON 2017 ZUR STUDIE DEFINITION CE 04 WEITERENTWICKELT &#8211; <\/h4>\n\n\n\n<figure class=\"wp-block-image size-large\"><img loading=\"lazy\" decoding=\"async\" width=\"1024\" height=\"683\" src=\"https:\/\/scootertime.ch\/wp-content\/uploads\/2020\/11\/bmw-concpet-CE-04_01-1024x683.jpg\" alt=\"\" class=\"wp-image-5393\" srcset=\"https:\/\/scootertime.ch\/wp-content\/uploads\/2020\/11\/bmw-concpet-CE-04_01-1024x683.jpg 1024w, https:\/\/scootertime.ch\/wp-content\/uploads\/2020\/11\/bmw-concpet-CE-04_01-300x200.jpg 300w, https:\/\/scootertime.ch\/wp-content\/uploads\/2020\/11\/bmw-concpet-CE-04_01-768x512.jpg 768w, https:\/\/scootertime.ch\/wp-content\/uploads\/2020\/11\/bmw-concpet-CE-04_01-1536x1024.jpg 1536w, https:\/\/scootertime.ch\/wp-content\/uploads\/2020\/11\/bmw-concpet-CE-04_01-435x290.jpg 435w, https:\/\/scootertime.ch\/wp-content\/uploads\/2020\/11\/bmw-concpet-CE-04_01-150x100.jpg 150w, https:\/\/scootertime.ch\/wp-content\/uploads\/2020\/11\/bmw-concpet-CE-04_01-370x247.jpg 370w, https:\/\/scootertime.ch\/wp-content\/uploads\/2020\/11\/bmw-concpet-CE-04_01.jpg 1731w\" sizes=\"auto, (max-width: 1024px) 100vw, 1024px\" \/><\/figure>\n\n\n\n<p>Der Elektro-Scooter soll Gro\u00dfstadtpendlern nicht nur als Fortbewegungs-, sondern dank umfassender Konnektivit\u00e4t auch als Kommunikationsmittel dienen. Das Fahrzeug erinnert in den Grundz\u00fcgen ein wenig an den 2013 eingef\u00fchrten BMW C Evolution. <\/p>\n\n\n\n<figure class=\"wp-block-gallery columns-3 is-cropped wp-block-gallery-1 is-layout-flex wp-block-gallery-is-layout-flex\"><ul class=\"blocks-gallery-grid\"><li class=\"blocks-gallery-item\"><figure><img loading=\"lazy\" decoding=\"async\" width=\"594\" height=\"420\" src=\"https:\/\/scootertime.ch\/wp-content\/uploads\/2020\/11\/bmw-concpet-CE-04_08.jpg\" alt=\"\" data-id=\"5414\" data-full-url=\"https:\/\/scootertime.ch\/wp-content\/uploads\/2020\/11\/bmw-concpet-CE-04_08.jpg\" data-link=\"http:\/\/scootertime.ch\/de\/bmw-concpet-ce-04_08-2\/\" class=\"wp-image-5414\" srcset=\"https:\/\/scootertime.ch\/wp-content\/uploads\/2020\/11\/bmw-concpet-CE-04_08.jpg 594w, https:\/\/scootertime.ch\/wp-content\/uploads\/2020\/11\/bmw-concpet-CE-04_08-300x212.jpg 300w\" sizes=\"auto, (max-width: 594px) 100vw, 594px\" \/><\/figure><\/li><li class=\"blocks-gallery-item\"><figure><img loading=\"lazy\" decoding=\"async\" width=\"495\" height=\"504\" src=\"https:\/\/scootertime.ch\/wp-content\/uploads\/2020\/11\/bmw-concpet-CE-04_07.jpg\" alt=\"\" data-id=\"5411\" data-full-url=\"https:\/\/scootertime.ch\/wp-content\/uploads\/2020\/11\/bmw-concpet-CE-04_07.jpg\" data-link=\"http:\/\/scootertime.ch\/de\/bmw-concpet-ce-04_07-2\/\" class=\"wp-image-5411\" srcset=\"https:\/\/scootertime.ch\/wp-content\/uploads\/2020\/11\/bmw-concpet-CE-04_07.jpg 495w, https:\/\/scootertime.ch\/wp-content\/uploads\/2020\/11\/bmw-concpet-CE-04_07-295x300.jpg 295w\" sizes=\"auto, (max-width: 495px) 100vw, 495px\" \/><\/figure><\/li><li class=\"blocks-gallery-item\"><figure><img loading=\"lazy\" decoding=\"async\" width=\"594\" height=\"420\" src=\"https:\/\/scootertime.ch\/wp-content\/uploads\/2020\/11\/bmw-concpet-CE-04_06.jpg\" alt=\"\" data-id=\"5408\" data-full-url=\"https:\/\/scootertime.ch\/wp-content\/uploads\/2020\/11\/bmw-concpet-CE-04_06.jpg\" data-link=\"http:\/\/scootertime.ch\/de\/bmw-concpet-ce-04_06-2\/\" class=\"wp-image-5408\" srcset=\"https:\/\/scootertime.ch\/wp-content\/uploads\/2020\/11\/bmw-concpet-CE-04_06.jpg 594w, https:\/\/scootertime.ch\/wp-content\/uploads\/2020\/11\/bmw-concpet-CE-04_06-300x212.jpg 300w\" sizes=\"auto, (max-width: 594px) 100vw, 594px\" \/><\/figure><\/li><li class=\"blocks-gallery-item\"><figure><img loading=\"lazy\" decoding=\"async\" width=\"594\" height=\"420\" src=\"https:\/\/scootertime.ch\/wp-content\/uploads\/2020\/11\/bmw-concpet-CE-04_09.jpg\" alt=\"\" data-id=\"5417\" data-full-url=\"https:\/\/scootertime.ch\/wp-content\/uploads\/2020\/11\/bmw-concpet-CE-04_09.jpg\" data-link=\"http:\/\/scootertime.ch\/de\/bmw-concpet-ce-04_09-2\/\" class=\"wp-image-5417\" srcset=\"https:\/\/scootertime.ch\/wp-content\/uploads\/2020\/11\/bmw-concpet-CE-04_09.jpg 594w, https:\/\/scootertime.ch\/wp-content\/uploads\/2020\/11\/bmw-concpet-CE-04_09-300x212.jpg 300w\" sizes=\"auto, (max-width: 594px) 100vw, 594px\" \/><\/figure><\/li><\/ul><\/figure>\n\n\n\n<p>Der Definition CE 04 verf\u00fcgt unter anderem \u00fcber einen seitlich aufklappbaren und beleuchteten Stauraum, der gro\u00df genug f\u00fcr einen Helm ist. Die Batterie steckt flach im Unterboden des Rollers.<\/p>\n\n\n\n<figure class=\"wp-block-gallery columns-2 is-cropped wp-block-gallery-2 is-layout-flex wp-block-gallery-is-layout-flex\"><ul class=\"blocks-gallery-grid\"><li class=\"blocks-gallery-item\"><figure><img loading=\"lazy\" decoding=\"async\" width=\"612\" height=\"408\" src=\"https:\/\/scootertime.ch\/wp-content\/uploads\/2020\/11\/bmw-concpet-CE-04_12.jpg\" alt=\"\" data-id=\"5426\" data-full-url=\"https:\/\/scootertime.ch\/wp-content\/uploads\/2020\/11\/bmw-concpet-CE-04_12.jpg\" data-link=\"http:\/\/scootertime.ch\/de\/bmw-concpet-ce-04_12-2\/\" class=\"wp-image-5426\" srcset=\"https:\/\/scootertime.ch\/wp-content\/uploads\/2020\/11\/bmw-concpet-CE-04_12.jpg 612w, https:\/\/scootertime.ch\/wp-content\/uploads\/2020\/11\/bmw-concpet-CE-04_12-300x200.jpg 300w, https:\/\/scootertime.ch\/wp-content\/uploads\/2020\/11\/bmw-concpet-CE-04_12-435x290.jpg 435w, https:\/\/scootertime.ch\/wp-content\/uploads\/2020\/11\/bmw-concpet-CE-04_12-150x100.jpg 150w, https:\/\/scootertime.ch\/wp-content\/uploads\/2020\/11\/bmw-concpet-CE-04_12-370x247.jpg 370w\" sizes=\"auto, (max-width: 612px) 100vw, 612px\" \/><\/figure><\/li><li class=\"blocks-gallery-item\"><figure><img loading=\"lazy\" decoding=\"async\" width=\"408\" height=\"612\" src=\"https:\/\/scootertime.ch\/wp-content\/uploads\/2020\/11\/bmw-concpet-CE-04_11.jpg\" alt=\"\" data-id=\"5423\" data-full-url=\"https:\/\/scootertime.ch\/wp-content\/uploads\/2020\/11\/bmw-concpet-CE-04_11.jpg\" data-link=\"http:\/\/scootertime.ch\/de\/bmw-concpet-ce-04_11-2\/\" class=\"wp-image-5423\" srcset=\"https:\/\/scootertime.ch\/wp-content\/uploads\/2020\/11\/bmw-concpet-CE-04_11.jpg 408w, https:\/\/scootertime.ch\/wp-content\/uploads\/2020\/11\/bmw-concpet-CE-04_11-200x300.jpg 200w\" sizes=\"auto, (max-width: 408px) 100vw, 408px\" \/><\/figure><\/li><li class=\"blocks-gallery-item\"><figure><img loading=\"lazy\" decoding=\"async\" width=\"612\" height=\"408\" src=\"https:\/\/scootertime.ch\/wp-content\/uploads\/2020\/11\/bmw-concpet-CE-04_05.jpg\" alt=\"\" data-id=\"5405\" data-full-url=\"https:\/\/scootertime.ch\/wp-content\/uploads\/2020\/11\/bmw-concpet-CE-04_05.jpg\" data-link=\"http:\/\/scootertime.ch\/de\/bmw-concpet-ce-04_05-2\/\" class=\"wp-image-5405\" srcset=\"https:\/\/scootertime.ch\/wp-content\/uploads\/2020\/11\/bmw-concpet-CE-04_05.jpg 612w, https:\/\/scootertime.ch\/wp-content\/uploads\/2020\/11\/bmw-concpet-CE-04_05-300x200.jpg 300w, https:\/\/scootertime.ch\/wp-content\/uploads\/2020\/11\/bmw-concpet-CE-04_05-435x290.jpg 435w, https:\/\/scootertime.ch\/wp-content\/uploads\/2020\/11\/bmw-concpet-CE-04_05-150x100.jpg 150w, https:\/\/scootertime.ch\/wp-content\/uploads\/2020\/11\/bmw-concpet-CE-04_05-370x247.jpg 370w\" sizes=\"auto, (max-width: 612px) 100vw, 612px\" \/><\/figure><\/li><\/ul><\/figure>\n\n\n\n<p>Die Antriebskomponenten sind in einem mattschwarzen Bereich zusammnengefasst. Hinten lassen die Seitenpanele den Blick auf Antrieb, Einarmschwinge, Federbein und Zahnriemen teilweise frei. Der Scooter ist vor allem f\u00fcr den urbanen Einsatz und k\u00fcrzere Tagesstrecken konzipiert. <\/p>\n\n\n\n<figure class=\"wp-block-image size-large\"><img loading=\"lazy\" decoding=\"async\" width=\"612\" height=\"408\" src=\"https:\/\/scootertime.ch\/wp-content\/uploads\/2020\/11\/bmw-concpet-CE-04_04.jpg\" alt=\"\" class=\"wp-image-5402\" srcset=\"https:\/\/scootertime.ch\/wp-content\/uploads\/2020\/11\/bmw-concpet-CE-04_04.jpg 612w, https:\/\/scootertime.ch\/wp-content\/uploads\/2020\/11\/bmw-concpet-CE-04_04-300x200.jpg 300w, https:\/\/scootertime.ch\/wp-content\/uploads\/2020\/11\/bmw-concpet-CE-04_04-435x290.jpg 435w, https:\/\/scootertime.ch\/wp-content\/uploads\/2020\/11\/bmw-concpet-CE-04_04-150x100.jpg 150w, https:\/\/scootertime.ch\/wp-content\/uploads\/2020\/11\/bmw-concpet-CE-04_04-370x247.jpg 370w\" sizes=\"auto, (max-width: 612px) 100vw, 612px\" \/><\/figure>\n\n\n\n<p>Der Fahrer ist \u00fcber sein Smartphone mit dem Definition CE 04 und der Umwelt verbunden. Das 10,25 Zoll gro\u00dfe Display der Fahrzeugstudie ist das bislang gr\u00f6\u00dfte im Scooter-Segment. BMW hat au\u00dferdem besondere Fahrerausstattung entworfen. <\/p>\n\n\n\n<figure class=\"wp-block-image size-large\"><img loading=\"lazy\" decoding=\"async\" width=\"612\" height=\"408\" src=\"https:\/\/scootertime.ch\/wp-content\/uploads\/2020\/11\/bmw-concpet-CE-04_03.jpg\" alt=\"\" class=\"wp-image-5399\" srcset=\"https:\/\/scootertime.ch\/wp-content\/uploads\/2020\/11\/bmw-concpet-CE-04_03.jpg 612w, https:\/\/scootertime.ch\/wp-content\/uploads\/2020\/11\/bmw-concpet-CE-04_03-300x200.jpg 300w, https:\/\/scootertime.ch\/wp-content\/uploads\/2020\/11\/bmw-concpet-CE-04_03-435x290.jpg 435w, https:\/\/scootertime.ch\/wp-content\/uploads\/2020\/11\/bmw-concpet-CE-04_03-150x100.jpg 150w, https:\/\/scootertime.ch\/wp-content\/uploads\/2020\/11\/bmw-concpet-CE-04_03-370x247.jpg 370w\" sizes=\"auto, (max-width: 612px) 100vw, 612px\" \/><\/figure>\n\n\n\n<p>Kernst\u00fcck ist ein warmer Parka mit flexiblen Protektoren. Lichtleiter in den \u00c4rmeln und der Kapuze sorgen f\u00fcr mehr Sichtbarkeit im Stra\u00dfenverkehr und lassen sich \u00fcber Sensorik im \u00c4rmel einschalten und in der Farbigkeit ver\u00e4ndern. <\/p>\n\n\n\n<figure class=\"wp-block-image size-large\"><img loading=\"lazy\" decoding=\"async\" width=\"612\" height=\"408\" src=\"https:\/\/scootertime.ch\/wp-content\/uploads\/2020\/11\/bmw-concpet-CE-04_10.jpg\" alt=\"\" class=\"wp-image-5420\" srcset=\"https:\/\/scootertime.ch\/wp-content\/uploads\/2020\/11\/bmw-concpet-CE-04_10.jpg 612w, https:\/\/scootertime.ch\/wp-content\/uploads\/2020\/11\/bmw-concpet-CE-04_10-300x200.jpg 300w, https:\/\/scootertime.ch\/wp-content\/uploads\/2020\/11\/bmw-concpet-CE-04_10-435x290.jpg 435w, https:\/\/scootertime.ch\/wp-content\/uploads\/2020\/11\/bmw-concpet-CE-04_10-150x100.jpg 150w, https:\/\/scootertime.ch\/wp-content\/uploads\/2020\/11\/bmw-concpet-CE-04_10-370x247.jpg 370w\" sizes=\"auto, (max-width: 612px) 100vw, 612px\" \/><\/figure>\n\n\n\n<p>Die Innentasche des Parkas verf\u00fcgt \u00fcber ein induktives Ladefeld f\u00fcr das Smartphone. Schwarze Motorradjeans, Sneaker und ein wei\u00dfer Jethelm vervollst\u00e4ndigen den speziellen Dress. (ampnet)<\/p>\n\n\n","protected":false},"excerpt":{"rendered":"<p>BMW HAT SEIN MOTORRAD-CONCEPT LINK VON 2017 ZUR STUDIE DEFINITION CE 04\u2026<\/p>\n","protected":false},"author":1,"featured_media":5396,"comment_status":"open","ping_status":"open","sticky":false,"template":"","format":"standard","meta":{"footnotes":""},"categories":[25,27],"tags":[],"class_list":["post-5431","post","type-post","status-publish","format-standard","has-post-thumbnail","hentry","category-bekleidung-accessoires","category-news-de"],"yoast_head":"<!-- This site is optimized with the Yoast SEO plugin v27.4 - https:\/\/yoast.com\/product\/yoast-seo-wordpress\/ -->\n<title>BMW definiert den urbanen Elektroroller neu - Scootertime<\/title>\n<meta name=\"robots\" content=\"index, follow, max-snippet:-1, max-image-preview:large, max-video-preview:-1\" \/>\n<link rel=\"canonical\" href=\"https:\/\/scootertime.ch\/de\/bmw-definiert-den-urbanen-elektroroller-neu\/\" \/>\n<meta property=\"og:locale\" content=\"de_DE\" \/>\n<meta property=\"og:type\" content=\"article\" \/>\n<meta property=\"og:title\" content=\"BMW definiert den urbanen Elektroroller neu - Scootertime\" \/>\n<meta property=\"og:description\" content=\"BMW HAT SEIN MOTORRAD-CONCEPT LINK VON 2017 ZUR STUDIE DEFINITION CE 04\u2026\" \/>\n<meta property=\"og:url\" content=\"https:\/\/scootertime.ch\/de\/bmw-definiert-den-urbanen-elektroroller-neu\/\" \/>\n<meta property=\"og:site_name\" content=\"Scootertime\" \/>\n<meta property=\"article:published_time\" content=\"2020-11-11T13:19:43+00:00\" \/>\n<meta property=\"article:modified_time\" content=\"2020-11-11T13:19:45+00:00\" \/>\n<meta property=\"og:image\" content=\"https:\/\/scootertime.ch\/wp-content\/uploads\/2020\/11\/bmw-concpet-CE-04_02.jpg\" \/>\n\t<meta property=\"og:image:width\" content=\"1731\" \/>\n\t<meta property=\"og:image:height\" content=\"1154\" \/>\n\t<meta property=\"og:image:type\" content=\"image\/jpeg\" \/>\n<meta name=\"author\" content=\"Red. SCT\" \/>\n<meta name=\"twitter:card\" content=\"summary_large_image\" \/>\n<meta name=\"twitter:label1\" content=\"Verfasst von\" \/>\n\t<meta name=\"twitter:data1\" content=\"Red. SCT\" \/>\n\t<meta name=\"twitter:label2\" content=\"Gesch\u00e4tzte Lesezeit\" \/>\n\t<meta name=\"twitter:data2\" content=\"1\u00a0Minute\" \/>\n<script type=\"application\/ld+json\" class=\"yoast-schema-graph\">{\"@context\":\"https:\\\/\\\/schema.org\",\"@graph\":[{\"@type\":\"Article\",\"@id\":\"https:\\\/\\\/scootertime.ch\\\/de\\\/bmw-definiert-den-urbanen-elektroroller-neu\\\/#article\",\"isPartOf\":{\"@id\":\"https:\\\/\\\/scootertime.ch\\\/de\\\/bmw-definiert-den-urbanen-elektroroller-neu\\\/\"},\"author\":{\"name\":\"Red. SCT\",\"@id\":\"https:\\\/\\\/scootertime.ch\\\/#\\\/schema\\\/person\\\/7b982e4db7ec822a53954bf2b0df2537\"},\"headline\":\"BMW definiert den urbanen Elektroroller neu\",\"datePublished\":\"2020-11-11T13:19:43+00:00\",\"dateModified\":\"2020-11-11T13:19:45+00:00\",\"mainEntityOfPage\":{\"@id\":\"https:\\\/\\\/scootertime.ch\\\/de\\\/bmw-definiert-den-urbanen-elektroroller-neu\\\/\"},\"wordCount\":220,\"commentCount\":0,\"publisher\":{\"@id\":\"https:\\\/\\\/scootertime.ch\\\/#organization\"},\"image\":{\"@id\":\"https:\\\/\\\/scootertime.ch\\\/de\\\/bmw-definiert-den-urbanen-elektroroller-neu\\\/#primaryimage\"},\"thumbnailUrl\":\"https:\\\/\\\/scootertime.ch\\\/wp-content\\\/uploads\\\/2020\\\/11\\\/bmw-concpet-CE-04_02.jpg\",\"articleSection\":[\"Bekleidung &amp; Accessoires\",\"News\"],\"inLanguage\":\"de\"},{\"@type\":\"WebPage\",\"@id\":\"https:\\\/\\\/scootertime.ch\\\/de\\\/bmw-definiert-den-urbanen-elektroroller-neu\\\/\",\"url\":\"https:\\\/\\\/scootertime.ch\\\/de\\\/bmw-definiert-den-urbanen-elektroroller-neu\\\/\",\"name\":\"BMW definiert den urbanen Elektroroller neu - Scootertime\",\"isPartOf\":{\"@id\":\"https:\\\/\\\/scootertime.ch\\\/#website\"},\"primaryImageOfPage\":{\"@id\":\"https:\\\/\\\/scootertime.ch\\\/de\\\/bmw-definiert-den-urbanen-elektroroller-neu\\\/#primaryimage\"},\"image\":{\"@id\":\"https:\\\/\\\/scootertime.ch\\\/de\\\/bmw-definiert-den-urbanen-elektroroller-neu\\\/#primaryimage\"},\"thumbnailUrl\":\"https:\\\/\\\/scootertime.ch\\\/wp-content\\\/uploads\\\/2020\\\/11\\\/bmw-concpet-CE-04_02.jpg\",\"datePublished\":\"2020-11-11T13:19:43+00:00\",\"dateModified\":\"2020-11-11T13:19:45+00:00\",\"breadcrumb\":{\"@id\":\"https:\\\/\\\/scootertime.ch\\\/de\\\/bmw-definiert-den-urbanen-elektroroller-neu\\\/#breadcrumb\"},\"inLanguage\":\"de\",\"potentialAction\":[{\"@type\":\"ReadAction\",\"target\":[\"https:\\\/\\\/scootertime.ch\\\/de\\\/bmw-definiert-den-urbanen-elektroroller-neu\\\/\"]}]},{\"@type\":\"ImageObject\",\"inLanguage\":\"de\",\"@id\":\"https:\\\/\\\/scootertime.ch\\\/de\\\/bmw-definiert-den-urbanen-elektroroller-neu\\\/#primaryimage\",\"url\":\"https:\\\/\\\/scootertime.ch\\\/wp-content\\\/uploads\\\/2020\\\/11\\\/bmw-concpet-CE-04_02.jpg\",\"contentUrl\":\"https:\\\/\\\/scootertime.ch\\\/wp-content\\\/uploads\\\/2020\\\/11\\\/bmw-concpet-CE-04_02.jpg\",\"width\":1731,\"height\":1154},{\"@type\":\"BreadcrumbList\",\"@id\":\"https:\\\/\\\/scootertime.ch\\\/de\\\/bmw-definiert-den-urbanen-elektroroller-neu\\\/#breadcrumb\",\"itemListElement\":[{\"@type\":\"ListItem\",\"position\":1,\"name\":\"Home\",\"item\":\"https:\\\/\\\/scootertime.ch\\\/de\\\/\"},{\"@type\":\"ListItem\",\"position\":2,\"name\":\"BMW definiert den urbanen Elektroroller neu\"}]},{\"@type\":\"WebSite\",\"@id\":\"https:\\\/\\\/scootertime.ch\\\/#website\",\"url\":\"https:\\\/\\\/scootertime.ch\\\/\",\"name\":\"Scootertime\",\"description\":\"Das erste Schweizer Rollermagazin\",\"publisher\":{\"@id\":\"https:\\\/\\\/scootertime.ch\\\/#organization\"},\"potentialAction\":[{\"@type\":\"SearchAction\",\"target\":{\"@type\":\"EntryPoint\",\"urlTemplate\":\"https:\\\/\\\/scootertime.ch\\\/?s={search_term_string}\"},\"query-input\":{\"@type\":\"PropertyValueSpecification\",\"valueRequired\":true,\"valueName\":\"search_term_string\"}}],\"inLanguage\":\"de\"},{\"@type\":\"Organization\",\"@id\":\"https:\\\/\\\/scootertime.ch\\\/#organization\",\"name\":\"Scootertime\",\"url\":\"https:\\\/\\\/scootertime.ch\\\/\",\"logo\":{\"@type\":\"ImageObject\",\"inLanguage\":\"de\",\"@id\":\"https:\\\/\\\/scootertime.ch\\\/#\\\/schema\\\/logo\\\/image\\\/\",\"url\":\"https:\\\/\\\/scootertime.ch\\\/wp-content\\\/uploads\\\/2018\\\/04\\\/cropped-testata-fondo-nero.jpg\",\"contentUrl\":\"https:\\\/\\\/scootertime.ch\\\/wp-content\\\/uploads\\\/2018\\\/04\\\/cropped-testata-fondo-nero.jpg\",\"width\":280,\"height\":90,\"caption\":\"Scootertime\"},\"image\":{\"@id\":\"https:\\\/\\\/scootertime.ch\\\/#\\\/schema\\\/logo\\\/image\\\/\"}},{\"@type\":\"Person\",\"@id\":\"https:\\\/\\\/scootertime.ch\\\/#\\\/schema\\\/person\\\/7b982e4db7ec822a53954bf2b0df2537\",\"name\":\"Red. SCT\",\"image\":{\"@type\":\"ImageObject\",\"inLanguage\":\"de\",\"@id\":\"https:\\\/\\\/secure.gravatar.com\\\/avatar\\\/919071c8ee7b6d7474a8e74a8fb9c3b6d7b4606b6d24134ae156375f0b34bc19?s=96&d=mm&r=g\",\"url\":\"https:\\\/\\\/secure.gravatar.com\\\/avatar\\\/919071c8ee7b6d7474a8e74a8fb9c3b6d7b4606b6d24134ae156375f0b34bc19?s=96&d=mm&r=g\",\"contentUrl\":\"https:\\\/\\\/secure.gravatar.com\\\/avatar\\\/919071c8ee7b6d7474a8e74a8fb9c3b6d7b4606b6d24134ae156375f0b34bc19?s=96&d=mm&r=g\",\"caption\":\"Red. SCT\"},\"url\":\"https:\\\/\\\/scootertime.ch\\\/de\\\/author\\\/admin\\\/\"}]}<\/script>\n<!-- \/ Yoast SEO plugin. -->","yoast_head_json":{"title":"BMW definiert den urbanen Elektroroller neu - Scootertime","robots":{"index":"index","follow":"follow","max-snippet":"max-snippet:-1","max-image-preview":"max-image-preview:large","max-video-preview":"max-video-preview:-1"},"canonical":"https:\/\/scootertime.ch\/de\/bmw-definiert-den-urbanen-elektroroller-neu\/","og_locale":"de_DE","og_type":"article","og_title":"BMW definiert den urbanen Elektroroller neu - Scootertime","og_description":"BMW HAT SEIN MOTORRAD-CONCEPT LINK VON 2017 ZUR STUDIE DEFINITION CE 04\u2026","og_url":"https:\/\/scootertime.ch\/de\/bmw-definiert-den-urbanen-elektroroller-neu\/","og_site_name":"Scootertime","article_published_time":"2020-11-11T13:19:43+00:00","article_modified_time":"2020-11-11T13:19:45+00:00","og_image":[{"width":1731,"height":1154,"url":"https:\/\/scootertime.ch\/wp-content\/uploads\/2020\/11\/bmw-concpet-CE-04_02.jpg","type":"image\/jpeg"}],"author":"Red. SCT","twitter_card":"summary_large_image","twitter_misc":{"Verfasst von":"Red. SCT","Gesch\u00e4tzte Lesezeit":"1\u00a0Minute"},"schema":{"@context":"https:\/\/schema.org","@graph":[{"@type":"Article","@id":"https:\/\/scootertime.ch\/de\/bmw-definiert-den-urbanen-elektroroller-neu\/#article","isPartOf":{"@id":"https:\/\/scootertime.ch\/de\/bmw-definiert-den-urbanen-elektroroller-neu\/"},"author":{"name":"Red. SCT","@id":"https:\/\/scootertime.ch\/#\/schema\/person\/7b982e4db7ec822a53954bf2b0df2537"},"headline":"BMW definiert den urbanen Elektroroller neu","datePublished":"2020-11-11T13:19:43+00:00","dateModified":"2020-11-11T13:19:45+00:00","mainEntityOfPage":{"@id":"https:\/\/scootertime.ch\/de\/bmw-definiert-den-urbanen-elektroroller-neu\/"},"wordCount":220,"commentCount":0,"publisher":{"@id":"https:\/\/scootertime.ch\/#organization"},"image":{"@id":"https:\/\/scootertime.ch\/de\/bmw-definiert-den-urbanen-elektroroller-neu\/#primaryimage"},"thumbnailUrl":"https:\/\/scootertime.ch\/wp-content\/uploads\/2020\/11\/bmw-concpet-CE-04_02.jpg","articleSection":["Bekleidung &amp; Accessoires","News"],"inLanguage":"de"},{"@type":"WebPage","@id":"https:\/\/scootertime.ch\/de\/bmw-definiert-den-urbanen-elektroroller-neu\/","url":"https:\/\/scootertime.ch\/de\/bmw-definiert-den-urbanen-elektroroller-neu\/","name":"BMW definiert den urbanen Elektroroller neu - Scootertime","isPartOf":{"@id":"https:\/\/scootertime.ch\/#website"},"primaryImageOfPage":{"@id":"https:\/\/scootertime.ch\/de\/bmw-definiert-den-urbanen-elektroroller-neu\/#primaryimage"},"image":{"@id":"https:\/\/scootertime.ch\/de\/bmw-definiert-den-urbanen-elektroroller-neu\/#primaryimage"},"thumbnailUrl":"https:\/\/scootertime.ch\/wp-content\/uploads\/2020\/11\/bmw-concpet-CE-04_02.jpg","datePublished":"2020-11-11T13:19:43+00:00","dateModified":"2020-11-11T13:19:45+00:00","breadcrumb":{"@id":"https:\/\/scootertime.ch\/de\/bmw-definiert-den-urbanen-elektroroller-neu\/#breadcrumb"},"inLanguage":"de","potentialAction":[{"@type":"ReadAction","target":["https:\/\/scootertime.ch\/de\/bmw-definiert-den-urbanen-elektroroller-neu\/"]}]},{"@type":"ImageObject","inLanguage":"de","@id":"https:\/\/scootertime.ch\/de\/bmw-definiert-den-urbanen-elektroroller-neu\/#primaryimage","url":"https:\/\/scootertime.ch\/wp-content\/uploads\/2020\/11\/bmw-concpet-CE-04_02.jpg","contentUrl":"https:\/\/scootertime.ch\/wp-content\/uploads\/2020\/11\/bmw-concpet-CE-04_02.jpg","width":1731,"height":1154},{"@type":"BreadcrumbList","@id":"https:\/\/scootertime.ch\/de\/bmw-definiert-den-urbanen-elektroroller-neu\/#breadcrumb","itemListElement":[{"@type":"ListItem","position":1,"name":"Home","item":"https:\/\/scootertime.ch\/de\/"},{"@type":"ListItem","position":2,"name":"BMW definiert den urbanen Elektroroller neu"}]},{"@type":"WebSite","@id":"https:\/\/scootertime.ch\/#website","url":"https:\/\/scootertime.ch\/","name":"Scootertime","description":"Das erste Schweizer Rollermagazin","publisher":{"@id":"https:\/\/scootertime.ch\/#organization"},"potentialAction":[{"@type":"SearchAction","target":{"@type":"EntryPoint","urlTemplate":"https:\/\/scootertime.ch\/?s={search_term_string}"},"query-input":{"@type":"PropertyValueSpecification","valueRequired":true,"valueName":"search_term_string"}}],"inLanguage":"de"},{"@type":"Organization","@id":"https:\/\/scootertime.ch\/#organization","name":"Scootertime","url":"https:\/\/scootertime.ch\/","logo":{"@type":"ImageObject","inLanguage":"de","@id":"https:\/\/scootertime.ch\/#\/schema\/logo\/image\/","url":"https:\/\/scootertime.ch\/wp-content\/uploads\/2018\/04\/cropped-testata-fondo-nero.jpg","contentUrl":"https:\/\/scootertime.ch\/wp-content\/uploads\/2018\/04\/cropped-testata-fondo-nero.jpg","width":280,"height":90,"caption":"Scootertime"},"image":{"@id":"https:\/\/scootertime.ch\/#\/schema\/logo\/image\/"}},{"@type":"Person","@id":"https:\/\/scootertime.ch\/#\/schema\/person\/7b982e4db7ec822a53954bf2b0df2537","name":"Red. SCT","image":{"@type":"ImageObject","inLanguage":"de","@id":"https:\/\/secure.gravatar.com\/avatar\/919071c8ee7b6d7474a8e74a8fb9c3b6d7b4606b6d24134ae156375f0b34bc19?s=96&d=mm&r=g","url":"https:\/\/secure.gravatar.com\/avatar\/919071c8ee7b6d7474a8e74a8fb9c3b6d7b4606b6d24134ae156375f0b34bc19?s=96&d=mm&r=g","contentUrl":"https:\/\/secure.gravatar.com\/avatar\/919071c8ee7b6d7474a8e74a8fb9c3b6d7b4606b6d24134ae156375f0b34bc19?s=96&d=mm&r=g","caption":"Red. SCT"},"url":"https:\/\/scootertime.ch\/de\/author\/admin\/"}]}},"_links":{"self":[{"href":"https:\/\/scootertime.ch\/de\/wp-json\/wp\/v2\/posts\/5431","targetHints":{"allow":["GET"]}}],"collection":[{"href":"https:\/\/scootertime.ch\/de\/wp-json\/wp\/v2\/posts"}],"about":[{"href":"https:\/\/scootertime.ch\/de\/wp-json\/wp\/v2\/types\/post"}],"author":[{"embeddable":true,"href":"https:\/\/scootertime.ch\/de\/wp-json\/wp\/v2\/users\/1"}],"replies":[{"embeddable":true,"href":"https:\/\/scootertime.ch\/de\/wp-json\/wp\/v2\/comments?post=5431"}],"version-history":[{"count":1,"href":"https:\/\/scootertime.ch\/de\/wp-json\/wp\/v2\/posts\/5431\/revisions"}],"predecessor-version":[{"id":5432,"href":"https:\/\/scootertime.ch\/de\/wp-json\/wp\/v2\/posts\/5431\/revisions\/5432"}],"wp:featuredmedia":[{"embeddable":true,"href":"https:\/\/scootertime.ch\/de\/wp-json\/wp\/v2\/media\/5396"}],"wp:attachment":[{"href":"https:\/\/scootertime.ch\/de\/wp-json\/wp\/v2\/media?parent=5431"}],"wp:term":[{"taxonomy":"category","embeddable":true,"href":"https:\/\/scootertime.ch\/de\/wp-json\/wp\/v2\/categories?post=5431"},{"taxonomy":"post_tag","embeddable":true,"href":"https:\/\/scootertime.ch\/de\/wp-json\/wp\/v2\/tags?post=5431"}],"curies":[{"name":"wp","href":"https:\/\/api.w.org\/{rel}","templated":true}]}}