{"id":6883,"date":"2022-01-29T16:04:54","date_gmt":"2022-01-29T16:04:54","guid":{"rendered":"http:\/\/scootertime.ch\/?p=6883"},"modified":"2022-01-29T16:11:18","modified_gmt":"2022-01-29T16:11:18","slug":"jb-toeffhandel-wird-zu-ksr-swiss","status":"publish","type":"post","link":"https:\/\/scootertime.ch\/de\/jb-toeffhandel-wird-zu-ksr-swiss\/","title":{"rendered":"JB T\u00f6ffhandel wird zu KSR Swiss"},"content":{"rendered":"\n<h4 class=\"wp-block-heading\"> ALS EXKLUSIVER PARTNER DER KSR GROUP AUS \u00d6STERREICH IST DIE FIRMA JB T\u00d6FFHANDEL SEIT JAHREN EINE FESTE GR\u00d6SSE AUF DEM SCHWEIZER MOTORRADMARKT &#8211;  <\/h4>\n\n\n\n<figure class=\"wp-block-image size-large\"><img loading=\"lazy\" decoding=\"async\" width=\"1024\" height=\"398\" src=\"https:\/\/scootertime.ch\/wp-content\/uploads\/2022\/01\/ampnet_photo_20200429_182064-1024x398.jpg\" alt=\"KSR\" class=\"wp-image-6884\"\/><figcaption><em>Logo KSR &#8211; ampnet_photo<\/em><\/figcaption><\/figure>\n\n\n\n<p>Als exklusiver Partner der KSR Group aus \u00d6sterreich ist die Firma JB T\u00f6ffhandel seit Jahren eine feste Gr\u00f6\u00dfe auf dem Schweizer Motorradmarkt. Deren Bedeutung wird nun durch die Umbenennung in KSR Swiss noch einmal unterstrichen.<\/p>\n<p>Der bisherige CEO Jakob Bruderer wird gemeinsam mit den KSR-Eigent\u00fcmerbr\u00fcdern Christian und Michael Kirschenhofer die Gesch\u00e4ftsf\u00fchrung bilden. Ansonsten soll sich nicht viel \u00e4ndern. (aum)<\/p>\n","protected":false},"excerpt":{"rendered":"<p>ALS EXKLUSIVER PARTNER DER KSR GROUP AUS \u00d6STERREICH IST DIE FIRMA JB\u2026<\/p>\n","protected":false},"author":1,"featured_media":4509,"comment_status":"open","ping_status":"open","sticky":false,"template":"","format":"standard","meta":{"footnotes":""},"categories":[27],"tags":[],"class_list":["post-6883","post","type-post","status-publish","format-standard","has-post-thumbnail","hentry","category-news-de"],"yoast_head":"<!-- This site is optimized with the Yoast SEO plugin v27.4 - https:\/\/yoast.com\/product\/yoast-seo-wordpress\/ -->\n<title>JB T\u00f6ffhandel wird zu KSR Swiss - Scootertime<\/title>\n<meta name=\"robots\" content=\"index, follow, max-snippet:-1, max-image-preview:large, max-video-preview:-1\" \/>\n<link rel=\"canonical\" href=\"https:\/\/scootertime.ch\/de\/jb-toeffhandel-wird-zu-ksr-swiss\/\" \/>\n<meta property=\"og:locale\" content=\"de_DE\" \/>\n<meta property=\"og:type\" content=\"article\" \/>\n<meta property=\"og:title\" content=\"JB T\u00f6ffhandel wird zu KSR Swiss - Scootertime\" \/>\n<meta property=\"og:description\" content=\"ALS EXKLUSIVER PARTNER DER KSR GROUP AUS \u00d6STERREICH IST DIE FIRMA JB\u2026\" \/>\n<meta property=\"og:url\" content=\"https:\/\/scootertime.ch\/de\/jb-toeffhandel-wird-zu-ksr-swiss\/\" \/>\n<meta property=\"og:site_name\" content=\"Scootertime\" \/>\n<meta property=\"article:published_time\" content=\"2022-01-29T16:04:54+00:00\" \/>\n<meta property=\"article:modified_time\" content=\"2022-01-29T16:11:18+00:00\" \/>\n<meta property=\"og:image\" content=\"https:\/\/scootertime.ch\/wp-content\/uploads\/2020\/04\/KSR-Firmensitz-in-Gedersdorf-\u00d6sterreich.ampnet_photo_20200429_182062-e1643472640483.jpg\" \/>\n\t<meta property=\"og:image:width\" content=\"705\" \/>\n\t<meta property=\"og:image:height\" content=\"400\" \/>\n\t<meta property=\"og:image:type\" content=\"image\/jpeg\" \/>\n<meta name=\"author\" content=\"Red. SCT\" \/>\n<meta name=\"twitter:card\" content=\"summary_large_image\" \/>\n<meta name=\"twitter:label1\" content=\"Verfasst von\" \/>\n\t<meta name=\"twitter:data1\" content=\"Red. SCT\" \/>\n<script type=\"application\/ld+json\" class=\"yoast-schema-graph\">{\"@context\":\"https:\\\/\\\/schema.org\",\"@graph\":[{\"@type\":\"Article\",\"@id\":\"https:\\\/\\\/scootertime.ch\\\/de\\\/jb-toeffhandel-wird-zu-ksr-swiss\\\/#article\",\"isPartOf\":{\"@id\":\"https:\\\/\\\/scootertime.ch\\\/de\\\/jb-toeffhandel-wird-zu-ksr-swiss\\\/\"},\"author\":{\"name\":\"Red. SCT\",\"@id\":\"https:\\\/\\\/scootertime.ch\\\/#\\\/schema\\\/person\\\/7b982e4db7ec822a53954bf2b0df2537\"},\"headline\":\"JB T\u00f6ffhandel wird zu KSR Swiss\",\"datePublished\":\"2022-01-29T16:04:54+00:00\",\"dateModified\":\"2022-01-29T16:11:18+00:00\",\"mainEntityOfPage\":{\"@id\":\"https:\\\/\\\/scootertime.ch\\\/de\\\/jb-toeffhandel-wird-zu-ksr-swiss\\\/\"},\"wordCount\":102,\"commentCount\":0,\"publisher\":{\"@id\":\"https:\\\/\\\/scootertime.ch\\\/#organization\"},\"image\":{\"@id\":\"https:\\\/\\\/scootertime.ch\\\/de\\\/jb-toeffhandel-wird-zu-ksr-swiss\\\/#primaryimage\"},\"thumbnailUrl\":\"https:\\\/\\\/scootertime.ch\\\/wp-content\\\/uploads\\\/2020\\\/04\\\/KSR-Firmensitz-in-Gedersdorf-\u00d6sterreich.ampnet_photo_20200429_182062-e1643472640483.jpg\",\"articleSection\":[\"News\"],\"inLanguage\":\"de\"},{\"@type\":\"WebPage\",\"@id\":\"https:\\\/\\\/scootertime.ch\\\/de\\\/jb-toeffhandel-wird-zu-ksr-swiss\\\/\",\"url\":\"https:\\\/\\\/scootertime.ch\\\/de\\\/jb-toeffhandel-wird-zu-ksr-swiss\\\/\",\"name\":\"JB T\u00f6ffhandel wird zu KSR Swiss - Scootertime\",\"isPartOf\":{\"@id\":\"https:\\\/\\\/scootertime.ch\\\/#website\"},\"primaryImageOfPage\":{\"@id\":\"https:\\\/\\\/scootertime.ch\\\/de\\\/jb-toeffhandel-wird-zu-ksr-swiss\\\/#primaryimage\"},\"image\":{\"@id\":\"https:\\\/\\\/scootertime.ch\\\/de\\\/jb-toeffhandel-wird-zu-ksr-swiss\\\/#primaryimage\"},\"thumbnailUrl\":\"https:\\\/\\\/scootertime.ch\\\/wp-content\\\/uploads\\\/2020\\\/04\\\/KSR-Firmensitz-in-Gedersdorf-\u00d6sterreich.ampnet_photo_20200429_182062-e1643472640483.jpg\",\"datePublished\":\"2022-01-29T16:04:54+00:00\",\"dateModified\":\"2022-01-29T16:11:18+00:00\",\"breadcrumb\":{\"@id\":\"https:\\\/\\\/scootertime.ch\\\/de\\\/jb-toeffhandel-wird-zu-ksr-swiss\\\/#breadcrumb\"},\"inLanguage\":\"de\",\"potentialAction\":[{\"@type\":\"ReadAction\",\"target\":[\"https:\\\/\\\/scootertime.ch\\\/de\\\/jb-toeffhandel-wird-zu-ksr-swiss\\\/\"]}]},{\"@type\":\"ImageObject\",\"inLanguage\":\"de\",\"@id\":\"https:\\\/\\\/scootertime.ch\\\/de\\\/jb-toeffhandel-wird-zu-ksr-swiss\\\/#primaryimage\",\"url\":\"https:\\\/\\\/scootertime.ch\\\/wp-content\\\/uploads\\\/2020\\\/04\\\/KSR-Firmensitz-in-Gedersdorf-\u00d6sterreich.ampnet_photo_20200429_182062-e1643472640483.jpg\",\"contentUrl\":\"https:\\\/\\\/scootertime.ch\\\/wp-content\\\/uploads\\\/2020\\\/04\\\/KSR-Firmensitz-in-Gedersdorf-\u00d6sterreich.ampnet_photo_20200429_182062-e1643472640483.jpg\",\"width\":705,\"height\":400,\"caption\":\"KSR-Firmensitz in Gedersdorf, \u00d6sterreich. (Foto ampnet)\"},{\"@type\":\"BreadcrumbList\",\"@id\":\"https:\\\/\\\/scootertime.ch\\\/de\\\/jb-toeffhandel-wird-zu-ksr-swiss\\\/#breadcrumb\",\"itemListElement\":[{\"@type\":\"ListItem\",\"position\":1,\"name\":\"Home\",\"item\":\"https:\\\/\\\/scootertime.ch\\\/de\\\/\"},{\"@type\":\"ListItem\",\"position\":2,\"name\":\"JB T\u00f6ffhandel wird zu KSR Swiss\"}]},{\"@type\":\"WebSite\",\"@id\":\"https:\\\/\\\/scootertime.ch\\\/#website\",\"url\":\"https:\\\/\\\/scootertime.ch\\\/\",\"name\":\"Scootertime\",\"description\":\"Das erste Schweizer Rollermagazin\",\"publisher\":{\"@id\":\"https:\\\/\\\/scootertime.ch\\\/#organization\"},\"potentialAction\":[{\"@type\":\"SearchAction\",\"target\":{\"@type\":\"EntryPoint\",\"urlTemplate\":\"https:\\\/\\\/scootertime.ch\\\/?s={search_term_string}\"},\"query-input\":{\"@type\":\"PropertyValueSpecification\",\"valueRequired\":true,\"valueName\":\"search_term_string\"}}],\"inLanguage\":\"de\"},{\"@type\":\"Organization\",\"@id\":\"https:\\\/\\\/scootertime.ch\\\/#organization\",\"name\":\"Scootertime\",\"url\":\"https:\\\/\\\/scootertime.ch\\\/\",\"logo\":{\"@type\":\"ImageObject\",\"inLanguage\":\"de\",\"@id\":\"https:\\\/\\\/scootertime.ch\\\/#\\\/schema\\\/logo\\\/image\\\/\",\"url\":\"https:\\\/\\\/scootertime.ch\\\/wp-content\\\/uploads\\\/2018\\\/04\\\/cropped-testata-fondo-nero.jpg\",\"contentUrl\":\"https:\\\/\\\/scootertime.ch\\\/wp-content\\\/uploads\\\/2018\\\/04\\\/cropped-testata-fondo-nero.jpg\",\"width\":280,\"height\":90,\"caption\":\"Scootertime\"},\"image\":{\"@id\":\"https:\\\/\\\/scootertime.ch\\\/#\\\/schema\\\/logo\\\/image\\\/\"}},{\"@type\":\"Person\",\"@id\":\"https:\\\/\\\/scootertime.ch\\\/#\\\/schema\\\/person\\\/7b982e4db7ec822a53954bf2b0df2537\",\"name\":\"Red. SCT\",\"image\":{\"@type\":\"ImageObject\",\"inLanguage\":\"de\",\"@id\":\"https:\\\/\\\/secure.gravatar.com\\\/avatar\\\/919071c8ee7b6d7474a8e74a8fb9c3b6d7b4606b6d24134ae156375f0b34bc19?s=96&d=mm&r=g\",\"url\":\"https:\\\/\\\/secure.gravatar.com\\\/avatar\\\/919071c8ee7b6d7474a8e74a8fb9c3b6d7b4606b6d24134ae156375f0b34bc19?s=96&d=mm&r=g\",\"contentUrl\":\"https:\\\/\\\/secure.gravatar.com\\\/avatar\\\/919071c8ee7b6d7474a8e74a8fb9c3b6d7b4606b6d24134ae156375f0b34bc19?s=96&d=mm&r=g\",\"caption\":\"Red. SCT\"},\"url\":\"https:\\\/\\\/scootertime.ch\\\/de\\\/author\\\/admin\\\/\"}]}<\/script>\n<!-- \/ Yoast SEO plugin. -->","yoast_head_json":{"title":"JB T\u00f6ffhandel wird zu KSR Swiss - Scootertime","robots":{"index":"index","follow":"follow","max-snippet":"max-snippet:-1","max-image-preview":"max-image-preview:large","max-video-preview":"max-video-preview:-1"},"canonical":"https:\/\/scootertime.ch\/de\/jb-toeffhandel-wird-zu-ksr-swiss\/","og_locale":"de_DE","og_type":"article","og_title":"JB T\u00f6ffhandel wird zu KSR Swiss - Scootertime","og_description":"ALS EXKLUSIVER PARTNER DER KSR GROUP AUS \u00d6STERREICH IST DIE FIRMA JB\u2026","og_url":"https:\/\/scootertime.ch\/de\/jb-toeffhandel-wird-zu-ksr-swiss\/","og_site_name":"Scootertime","article_published_time":"2022-01-29T16:04:54+00:00","article_modified_time":"2022-01-29T16:11:18+00:00","og_image":[{"width":705,"height":400,"url":"https:\/\/scootertime.ch\/wp-content\/uploads\/2020\/04\/KSR-Firmensitz-in-Gedersdorf-\u00d6sterreich.ampnet_photo_20200429_182062-e1643472640483.jpg","type":"image\/jpeg"}],"author":"Red. SCT","twitter_card":"summary_large_image","twitter_misc":{"Verfasst von":"Red. SCT"},"schema":{"@context":"https:\/\/schema.org","@graph":[{"@type":"Article","@id":"https:\/\/scootertime.ch\/de\/jb-toeffhandel-wird-zu-ksr-swiss\/#article","isPartOf":{"@id":"https:\/\/scootertime.ch\/de\/jb-toeffhandel-wird-zu-ksr-swiss\/"},"author":{"name":"Red. SCT","@id":"https:\/\/scootertime.ch\/#\/schema\/person\/7b982e4db7ec822a53954bf2b0df2537"},"headline":"JB T\u00f6ffhandel wird zu KSR Swiss","datePublished":"2022-01-29T16:04:54+00:00","dateModified":"2022-01-29T16:11:18+00:00","mainEntityOfPage":{"@id":"https:\/\/scootertime.ch\/de\/jb-toeffhandel-wird-zu-ksr-swiss\/"},"wordCount":102,"commentCount":0,"publisher":{"@id":"https:\/\/scootertime.ch\/#organization"},"image":{"@id":"https:\/\/scootertime.ch\/de\/jb-toeffhandel-wird-zu-ksr-swiss\/#primaryimage"},"thumbnailUrl":"https:\/\/scootertime.ch\/wp-content\/uploads\/2020\/04\/KSR-Firmensitz-in-Gedersdorf-\u00d6sterreich.ampnet_photo_20200429_182062-e1643472640483.jpg","articleSection":["News"],"inLanguage":"de"},{"@type":"WebPage","@id":"https:\/\/scootertime.ch\/de\/jb-toeffhandel-wird-zu-ksr-swiss\/","url":"https:\/\/scootertime.ch\/de\/jb-toeffhandel-wird-zu-ksr-swiss\/","name":"JB T\u00f6ffhandel wird zu KSR Swiss - Scootertime","isPartOf":{"@id":"https:\/\/scootertime.ch\/#website"},"primaryImageOfPage":{"@id":"https:\/\/scootertime.ch\/de\/jb-toeffhandel-wird-zu-ksr-swiss\/#primaryimage"},"image":{"@id":"https:\/\/scootertime.ch\/de\/jb-toeffhandel-wird-zu-ksr-swiss\/#primaryimage"},"thumbnailUrl":"https:\/\/scootertime.ch\/wp-content\/uploads\/2020\/04\/KSR-Firmensitz-in-Gedersdorf-\u00d6sterreich.ampnet_photo_20200429_182062-e1643472640483.jpg","datePublished":"2022-01-29T16:04:54+00:00","dateModified":"2022-01-29T16:11:18+00:00","breadcrumb":{"@id":"https:\/\/scootertime.ch\/de\/jb-toeffhandel-wird-zu-ksr-swiss\/#breadcrumb"},"inLanguage":"de","potentialAction":[{"@type":"ReadAction","target":["https:\/\/scootertime.ch\/de\/jb-toeffhandel-wird-zu-ksr-swiss\/"]}]},{"@type":"ImageObject","inLanguage":"de","@id":"https:\/\/scootertime.ch\/de\/jb-toeffhandel-wird-zu-ksr-swiss\/#primaryimage","url":"https:\/\/scootertime.ch\/wp-content\/uploads\/2020\/04\/KSR-Firmensitz-in-Gedersdorf-\u00d6sterreich.ampnet_photo_20200429_182062-e1643472640483.jpg","contentUrl":"https:\/\/scootertime.ch\/wp-content\/uploads\/2020\/04\/KSR-Firmensitz-in-Gedersdorf-\u00d6sterreich.ampnet_photo_20200429_182062-e1643472640483.jpg","width":705,"height":400,"caption":"KSR-Firmensitz in Gedersdorf, \u00d6sterreich. (Foto ampnet)"},{"@type":"BreadcrumbList","@id":"https:\/\/scootertime.ch\/de\/jb-toeffhandel-wird-zu-ksr-swiss\/#breadcrumb","itemListElement":[{"@type":"ListItem","position":1,"name":"Home","item":"https:\/\/scootertime.ch\/de\/"},{"@type":"ListItem","position":2,"name":"JB T\u00f6ffhandel wird zu KSR Swiss"}]},{"@type":"WebSite","@id":"https:\/\/scootertime.ch\/#website","url":"https:\/\/scootertime.ch\/","name":"Scootertime","description":"Das erste Schweizer Rollermagazin","publisher":{"@id":"https:\/\/scootertime.ch\/#organization"},"potentialAction":[{"@type":"SearchAction","target":{"@type":"EntryPoint","urlTemplate":"https:\/\/scootertime.ch\/?s={search_term_string}"},"query-input":{"@type":"PropertyValueSpecification","valueRequired":true,"valueName":"search_term_string"}}],"inLanguage":"de"},{"@type":"Organization","@id":"https:\/\/scootertime.ch\/#organization","name":"Scootertime","url":"https:\/\/scootertime.ch\/","logo":{"@type":"ImageObject","inLanguage":"de","@id":"https:\/\/scootertime.ch\/#\/schema\/logo\/image\/","url":"https:\/\/scootertime.ch\/wp-content\/uploads\/2018\/04\/cropped-testata-fondo-nero.jpg","contentUrl":"https:\/\/scootertime.ch\/wp-content\/uploads\/2018\/04\/cropped-testata-fondo-nero.jpg","width":280,"height":90,"caption":"Scootertime"},"image":{"@id":"https:\/\/scootertime.ch\/#\/schema\/logo\/image\/"}},{"@type":"Person","@id":"https:\/\/scootertime.ch\/#\/schema\/person\/7b982e4db7ec822a53954bf2b0df2537","name":"Red. SCT","image":{"@type":"ImageObject","inLanguage":"de","@id":"https:\/\/secure.gravatar.com\/avatar\/919071c8ee7b6d7474a8e74a8fb9c3b6d7b4606b6d24134ae156375f0b34bc19?s=96&d=mm&r=g","url":"https:\/\/secure.gravatar.com\/avatar\/919071c8ee7b6d7474a8e74a8fb9c3b6d7b4606b6d24134ae156375f0b34bc19?s=96&d=mm&r=g","contentUrl":"https:\/\/secure.gravatar.com\/avatar\/919071c8ee7b6d7474a8e74a8fb9c3b6d7b4606b6d24134ae156375f0b34bc19?s=96&d=mm&r=g","caption":"Red. SCT"},"url":"https:\/\/scootertime.ch\/de\/author\/admin\/"}]}},"_links":{"self":[{"href":"https:\/\/scootertime.ch\/de\/wp-json\/wp\/v2\/posts\/6883","targetHints":{"allow":["GET"]}}],"collection":[{"href":"https:\/\/scootertime.ch\/de\/wp-json\/wp\/v2\/posts"}],"about":[{"href":"https:\/\/scootertime.ch\/de\/wp-json\/wp\/v2\/types\/post"}],"author":[{"embeddable":true,"href":"https:\/\/scootertime.ch\/de\/wp-json\/wp\/v2\/users\/1"}],"replies":[{"embeddable":true,"href":"https:\/\/scootertime.ch\/de\/wp-json\/wp\/v2\/comments?post=6883"}],"version-history":[{"count":2,"href":"https:\/\/scootertime.ch\/de\/wp-json\/wp\/v2\/posts\/6883\/revisions"}],"predecessor-version":[{"id":6891,"href":"https:\/\/scootertime.ch\/de\/wp-json\/wp\/v2\/posts\/6883\/revisions\/6891"}],"wp:featuredmedia":[{"embeddable":true,"href":"https:\/\/scootertime.ch\/de\/wp-json\/wp\/v2\/media\/4509"}],"wp:attachment":[{"href":"https:\/\/scootertime.ch\/de\/wp-json\/wp\/v2\/media?parent=6883"}],"wp:term":[{"taxonomy":"category","embeddable":true,"href":"https:\/\/scootertime.ch\/de\/wp-json\/wp\/v2\/categories?post=6883"},{"taxonomy":"post_tag","embeddable":true,"href":"https:\/\/scootertime.ch\/de\/wp-json\/wp\/v2\/tags?post=6883"}],"curies":[{"name":"wp","href":"https:\/\/api.w.org\/{rel}","templated":true}]}}