{"id":7730,"date":"2022-07-12T13:45:52","date_gmt":"2022-07-12T13:45:52","guid":{"rendered":"http:\/\/scootertime.ch\/?p=7730"},"modified":"2022-07-12T13:47:44","modified_gmt":"2022-07-12T13:47:44","slug":"justin-bieber-x-vespa-beim-vespa-justin-bieber-haendler","status":"publish","type":"post","link":"https:\/\/scootertime.ch\/de\/justin-bieber-x-vespa-beim-vespa-justin-bieber-haendler\/","title":{"rendered":"Justin Bieber X Vespa \u2013 exklusiv beim Vespa Justin Bieber-H\u00e4ndler"},"content":{"rendered":"\n<h4 class=\"wp-block-heading\">DIE EXKLUSIVE LIMITIERTE SPECIAL EDITION WIRD UM EINE ZUBEH\u00d6RKOLLEKTION ERG\u00c4NZT &#8211;<\/h4>\n\n\n\n<p>Die JUSTIN BIEBER X VESPA wird als 125er-Modell angeboten. Die moderne, jugendliche Formgebung der Karosserie wirkt leicht und bietet Schutz.<a href=\"http:\/\/scootertime.ch\/de\/01_jb-vespa-2-2\/\"><img loading=\"lazy\" decoding=\"async\" class=\"size-full wp-image-7723 alignright\" src=\"https:\/\/scootertime.ch\/wp-content\/uploads\/2022\/07\/01_JB-Vespa.jpg\" alt=\"JB Vespa\" width=\"266\" height=\"400\" srcset=\"https:\/\/scootertime.ch\/wp-content\/uploads\/2022\/07\/01_JB-Vespa.jpg 266w, https:\/\/scootertime.ch\/wp-content\/uploads\/2022\/07\/01_JB-Vespa-200x300.jpg 200w\" sizes=\"auto, (max-width: 266px) 100vw, 266px\" \/><\/a><\/p>\n<p>Der Lenker mit dem klassischen Rechteckscheinwerfer tr\u00e4gt ein hochmodernes TFT-Multifunktions-Farbdisplay, das mit zahlreichen Smartphone-Funktionen gekoppelt werden kann. LED-Lichttechnik und markante 12-Zoll-Felgen bringen die gelungene Verschmelzung von Stil und Technologie auf den Punkt.<\/p>\n<p>Eine Tasche, Handschuhe und ein rundum weisser Helm im exklusiven Justin Bieber Style mit Flammen machen das Fahrvergn\u00fcgen auf der Vespa noch cooler!<\/p>\n<p>Preis: CHF 6&#8217;395.- Verf\u00fcgbarkeit: ab sofort, exklusiv beim Vespa Justin Bieber-H\u00e4ndler, siehe H\u00e4ndlerverzeichnis auf vespa.ch (Filter \u00abJustin Bieber Vespa\u00bb anwenden).<\/p>\n","protected":false},"excerpt":{"rendered":"<p>DIE EXKLUSIVE LIMITIERTE SPECIAL EDITION WIRD UM EINE ZUBEH\u00d6RKOLLEKTION ERG\u00c4NZT &#8211;<\/p>\n","protected":false},"author":1,"featured_media":7726,"comment_status":"open","ping_status":"open","sticky":false,"template":"","format":"standard","meta":{"footnotes":""},"categories":[27],"tags":[],"class_list":["post-7730","post","type-post","status-publish","format-standard","has-post-thumbnail","hentry","category-news-de"],"yoast_head":"<!-- This site is optimized with the Yoast SEO plugin v27.4 - https:\/\/yoast.com\/product\/yoast-seo-wordpress\/ -->\n<title>Justin Bieber X Vespa \u2013 exklusiv beim Vespa Justin Bieber-H\u00e4ndler - Scootertime<\/title>\n<meta name=\"robots\" content=\"index, follow, max-snippet:-1, max-image-preview:large, max-video-preview:-1\" \/>\n<link rel=\"canonical\" href=\"https:\/\/scootertime.ch\/de\/justin-bieber-x-vespa-beim-vespa-justin-bieber-haendler\/\" \/>\n<meta property=\"og:locale\" content=\"de_DE\" \/>\n<meta property=\"og:type\" content=\"article\" \/>\n<meta property=\"og:title\" content=\"Justin Bieber X Vespa \u2013 exklusiv beim Vespa Justin Bieber-H\u00e4ndler - Scootertime\" \/>\n<meta property=\"og:description\" content=\"DIE EXKLUSIVE LIMITIERTE SPECIAL EDITION WIRD UM EINE ZUBEH\u00d6RKOLLEKTION ERG\u00c4NZT &#8211;\" \/>\n<meta property=\"og:url\" content=\"https:\/\/scootertime.ch\/de\/justin-bieber-x-vespa-beim-vespa-justin-bieber-haendler\/\" \/>\n<meta property=\"og:site_name\" content=\"Scootertime\" \/>\n<meta property=\"article:published_time\" content=\"2022-07-12T13:45:52+00:00\" \/>\n<meta property=\"article:modified_time\" content=\"2022-07-12T13:47:44+00:00\" \/>\n<meta property=\"og:image\" content=\"https:\/\/scootertime.ch\/wp-content\/uploads\/2022\/07\/03_JB-Vespa.jpg\" \/>\n\t<meta property=\"og:image:width\" content=\"599\" \/>\n\t<meta property=\"og:image:height\" content=\"400\" \/>\n\t<meta property=\"og:image:type\" content=\"image\/jpeg\" \/>\n<meta name=\"author\" content=\"Red. SCT\" \/>\n<meta name=\"twitter:card\" content=\"summary_large_image\" \/>\n<meta name=\"twitter:label1\" content=\"Verfasst von\" \/>\n\t<meta name=\"twitter:data1\" content=\"Red. SCT\" \/>\n\t<meta name=\"twitter:label2\" content=\"Gesch\u00e4tzte Lesezeit\" \/>\n\t<meta name=\"twitter:data2\" content=\"1\u00a0Minute\" \/>\n<script type=\"application\/ld+json\" class=\"yoast-schema-graph\">{\"@context\":\"https:\\\/\\\/schema.org\",\"@graph\":[{\"@type\":\"Article\",\"@id\":\"https:\\\/\\\/scootertime.ch\\\/de\\\/justin-bieber-x-vespa-beim-vespa-justin-bieber-haendler\\\/#article\",\"isPartOf\":{\"@id\":\"https:\\\/\\\/scootertime.ch\\\/de\\\/justin-bieber-x-vespa-beim-vespa-justin-bieber-haendler\\\/\"},\"author\":{\"name\":\"Red. SCT\",\"@id\":\"https:\\\/\\\/scootertime.ch\\\/#\\\/schema\\\/person\\\/7b982e4db7ec822a53954bf2b0df2537\"},\"headline\":\"Justin Bieber X Vespa \u2013 exklusiv beim Vespa Justin Bieber-H\u00e4ndler\",\"datePublished\":\"2022-07-12T13:45:52+00:00\",\"dateModified\":\"2022-07-12T13:47:44+00:00\",\"mainEntityOfPage\":{\"@id\":\"https:\\\/\\\/scootertime.ch\\\/de\\\/justin-bieber-x-vespa-beim-vespa-justin-bieber-haendler\\\/\"},\"wordCount\":124,\"commentCount\":0,\"publisher\":{\"@id\":\"https:\\\/\\\/scootertime.ch\\\/#organization\"},\"image\":{\"@id\":\"https:\\\/\\\/scootertime.ch\\\/de\\\/justin-bieber-x-vespa-beim-vespa-justin-bieber-haendler\\\/#primaryimage\"},\"thumbnailUrl\":\"https:\\\/\\\/scootertime.ch\\\/wp-content\\\/uploads\\\/2022\\\/07\\\/03_JB-Vespa.jpg\",\"articleSection\":[\"News\"],\"inLanguage\":\"de\"},{\"@type\":\"WebPage\",\"@id\":\"https:\\\/\\\/scootertime.ch\\\/de\\\/justin-bieber-x-vespa-beim-vespa-justin-bieber-haendler\\\/\",\"url\":\"https:\\\/\\\/scootertime.ch\\\/de\\\/justin-bieber-x-vespa-beim-vespa-justin-bieber-haendler\\\/\",\"name\":\"Justin Bieber X Vespa \u2013 exklusiv beim Vespa Justin Bieber-H\u00e4ndler - Scootertime\",\"isPartOf\":{\"@id\":\"https:\\\/\\\/scootertime.ch\\\/#website\"},\"primaryImageOfPage\":{\"@id\":\"https:\\\/\\\/scootertime.ch\\\/de\\\/justin-bieber-x-vespa-beim-vespa-justin-bieber-haendler\\\/#primaryimage\"},\"image\":{\"@id\":\"https:\\\/\\\/scootertime.ch\\\/de\\\/justin-bieber-x-vespa-beim-vespa-justin-bieber-haendler\\\/#primaryimage\"},\"thumbnailUrl\":\"https:\\\/\\\/scootertime.ch\\\/wp-content\\\/uploads\\\/2022\\\/07\\\/03_JB-Vespa.jpg\",\"datePublished\":\"2022-07-12T13:45:52+00:00\",\"dateModified\":\"2022-07-12T13:47:44+00:00\",\"breadcrumb\":{\"@id\":\"https:\\\/\\\/scootertime.ch\\\/de\\\/justin-bieber-x-vespa-beim-vespa-justin-bieber-haendler\\\/#breadcrumb\"},\"inLanguage\":\"de\",\"potentialAction\":[{\"@type\":\"ReadAction\",\"target\":[\"https:\\\/\\\/scootertime.ch\\\/de\\\/justin-bieber-x-vespa-beim-vespa-justin-bieber-haendler\\\/\"]}]},{\"@type\":\"ImageObject\",\"inLanguage\":\"de\",\"@id\":\"https:\\\/\\\/scootertime.ch\\\/de\\\/justin-bieber-x-vespa-beim-vespa-justin-bieber-haendler\\\/#primaryimage\",\"url\":\"https:\\\/\\\/scootertime.ch\\\/wp-content\\\/uploads\\\/2022\\\/07\\\/03_JB-Vespa.jpg\",\"contentUrl\":\"https:\\\/\\\/scootertime.ch\\\/wp-content\\\/uploads\\\/2022\\\/07\\\/03_JB-Vespa.jpg\",\"width\":599,\"height\":400,\"caption\":\"JB Vespa\"},{\"@type\":\"BreadcrumbList\",\"@id\":\"https:\\\/\\\/scootertime.ch\\\/de\\\/justin-bieber-x-vespa-beim-vespa-justin-bieber-haendler\\\/#breadcrumb\",\"itemListElement\":[{\"@type\":\"ListItem\",\"position\":1,\"name\":\"Home\",\"item\":\"https:\\\/\\\/scootertime.ch\\\/de\\\/\"},{\"@type\":\"ListItem\",\"position\":2,\"name\":\"Justin Bieber X Vespa \u2013 exklusiv beim Vespa Justin Bieber-H\u00e4ndler\"}]},{\"@type\":\"WebSite\",\"@id\":\"https:\\\/\\\/scootertime.ch\\\/#website\",\"url\":\"https:\\\/\\\/scootertime.ch\\\/\",\"name\":\"Scootertime\",\"description\":\"Das erste Schweizer Rollermagazin\",\"publisher\":{\"@id\":\"https:\\\/\\\/scootertime.ch\\\/#organization\"},\"potentialAction\":[{\"@type\":\"SearchAction\",\"target\":{\"@type\":\"EntryPoint\",\"urlTemplate\":\"https:\\\/\\\/scootertime.ch\\\/?s={search_term_string}\"},\"query-input\":{\"@type\":\"PropertyValueSpecification\",\"valueRequired\":true,\"valueName\":\"search_term_string\"}}],\"inLanguage\":\"de\"},{\"@type\":\"Organization\",\"@id\":\"https:\\\/\\\/scootertime.ch\\\/#organization\",\"name\":\"Scootertime\",\"url\":\"https:\\\/\\\/scootertime.ch\\\/\",\"logo\":{\"@type\":\"ImageObject\",\"inLanguage\":\"de\",\"@id\":\"https:\\\/\\\/scootertime.ch\\\/#\\\/schema\\\/logo\\\/image\\\/\",\"url\":\"https:\\\/\\\/scootertime.ch\\\/wp-content\\\/uploads\\\/2018\\\/04\\\/cropped-testata-fondo-nero.jpg\",\"contentUrl\":\"https:\\\/\\\/scootertime.ch\\\/wp-content\\\/uploads\\\/2018\\\/04\\\/cropped-testata-fondo-nero.jpg\",\"width\":280,\"height\":90,\"caption\":\"Scootertime\"},\"image\":{\"@id\":\"https:\\\/\\\/scootertime.ch\\\/#\\\/schema\\\/logo\\\/image\\\/\"}},{\"@type\":\"Person\",\"@id\":\"https:\\\/\\\/scootertime.ch\\\/#\\\/schema\\\/person\\\/7b982e4db7ec822a53954bf2b0df2537\",\"name\":\"Red. SCT\",\"image\":{\"@type\":\"ImageObject\",\"inLanguage\":\"de\",\"@id\":\"https:\\\/\\\/secure.gravatar.com\\\/avatar\\\/919071c8ee7b6d7474a8e74a8fb9c3b6d7b4606b6d24134ae156375f0b34bc19?s=96&d=mm&r=g\",\"url\":\"https:\\\/\\\/secure.gravatar.com\\\/avatar\\\/919071c8ee7b6d7474a8e74a8fb9c3b6d7b4606b6d24134ae156375f0b34bc19?s=96&d=mm&r=g\",\"contentUrl\":\"https:\\\/\\\/secure.gravatar.com\\\/avatar\\\/919071c8ee7b6d7474a8e74a8fb9c3b6d7b4606b6d24134ae156375f0b34bc19?s=96&d=mm&r=g\",\"caption\":\"Red. SCT\"},\"url\":\"https:\\\/\\\/scootertime.ch\\\/de\\\/author\\\/admin\\\/\"}]}<\/script>\n<!-- \/ Yoast SEO plugin. -->","yoast_head_json":{"title":"Justin Bieber X Vespa \u2013 exklusiv beim Vespa Justin Bieber-H\u00e4ndler - Scootertime","robots":{"index":"index","follow":"follow","max-snippet":"max-snippet:-1","max-image-preview":"max-image-preview:large","max-video-preview":"max-video-preview:-1"},"canonical":"https:\/\/scootertime.ch\/de\/justin-bieber-x-vespa-beim-vespa-justin-bieber-haendler\/","og_locale":"de_DE","og_type":"article","og_title":"Justin Bieber X Vespa \u2013 exklusiv beim Vespa Justin Bieber-H\u00e4ndler - Scootertime","og_description":"DIE EXKLUSIVE LIMITIERTE SPECIAL EDITION WIRD UM EINE ZUBEH\u00d6RKOLLEKTION ERG\u00c4NZT &#8211;","og_url":"https:\/\/scootertime.ch\/de\/justin-bieber-x-vespa-beim-vespa-justin-bieber-haendler\/","og_site_name":"Scootertime","article_published_time":"2022-07-12T13:45:52+00:00","article_modified_time":"2022-07-12T13:47:44+00:00","og_image":[{"width":599,"height":400,"url":"https:\/\/scootertime.ch\/wp-content\/uploads\/2022\/07\/03_JB-Vespa.jpg","type":"image\/jpeg"}],"author":"Red. SCT","twitter_card":"summary_large_image","twitter_misc":{"Verfasst von":"Red. SCT","Gesch\u00e4tzte Lesezeit":"1\u00a0Minute"},"schema":{"@context":"https:\/\/schema.org","@graph":[{"@type":"Article","@id":"https:\/\/scootertime.ch\/de\/justin-bieber-x-vespa-beim-vespa-justin-bieber-haendler\/#article","isPartOf":{"@id":"https:\/\/scootertime.ch\/de\/justin-bieber-x-vespa-beim-vespa-justin-bieber-haendler\/"},"author":{"name":"Red. SCT","@id":"https:\/\/scootertime.ch\/#\/schema\/person\/7b982e4db7ec822a53954bf2b0df2537"},"headline":"Justin Bieber X Vespa \u2013 exklusiv beim Vespa Justin Bieber-H\u00e4ndler","datePublished":"2022-07-12T13:45:52+00:00","dateModified":"2022-07-12T13:47:44+00:00","mainEntityOfPage":{"@id":"https:\/\/scootertime.ch\/de\/justin-bieber-x-vespa-beim-vespa-justin-bieber-haendler\/"},"wordCount":124,"commentCount":0,"publisher":{"@id":"https:\/\/scootertime.ch\/#organization"},"image":{"@id":"https:\/\/scootertime.ch\/de\/justin-bieber-x-vespa-beim-vespa-justin-bieber-haendler\/#primaryimage"},"thumbnailUrl":"https:\/\/scootertime.ch\/wp-content\/uploads\/2022\/07\/03_JB-Vespa.jpg","articleSection":["News"],"inLanguage":"de"},{"@type":"WebPage","@id":"https:\/\/scootertime.ch\/de\/justin-bieber-x-vespa-beim-vespa-justin-bieber-haendler\/","url":"https:\/\/scootertime.ch\/de\/justin-bieber-x-vespa-beim-vespa-justin-bieber-haendler\/","name":"Justin Bieber X Vespa \u2013 exklusiv beim Vespa Justin Bieber-H\u00e4ndler - Scootertime","isPartOf":{"@id":"https:\/\/scootertime.ch\/#website"},"primaryImageOfPage":{"@id":"https:\/\/scootertime.ch\/de\/justin-bieber-x-vespa-beim-vespa-justin-bieber-haendler\/#primaryimage"},"image":{"@id":"https:\/\/scootertime.ch\/de\/justin-bieber-x-vespa-beim-vespa-justin-bieber-haendler\/#primaryimage"},"thumbnailUrl":"https:\/\/scootertime.ch\/wp-content\/uploads\/2022\/07\/03_JB-Vespa.jpg","datePublished":"2022-07-12T13:45:52+00:00","dateModified":"2022-07-12T13:47:44+00:00","breadcrumb":{"@id":"https:\/\/scootertime.ch\/de\/justin-bieber-x-vespa-beim-vespa-justin-bieber-haendler\/#breadcrumb"},"inLanguage":"de","potentialAction":[{"@type":"ReadAction","target":["https:\/\/scootertime.ch\/de\/justin-bieber-x-vespa-beim-vespa-justin-bieber-haendler\/"]}]},{"@type":"ImageObject","inLanguage":"de","@id":"https:\/\/scootertime.ch\/de\/justin-bieber-x-vespa-beim-vespa-justin-bieber-haendler\/#primaryimage","url":"https:\/\/scootertime.ch\/wp-content\/uploads\/2022\/07\/03_JB-Vespa.jpg","contentUrl":"https:\/\/scootertime.ch\/wp-content\/uploads\/2022\/07\/03_JB-Vespa.jpg","width":599,"height":400,"caption":"JB Vespa"},{"@type":"BreadcrumbList","@id":"https:\/\/scootertime.ch\/de\/justin-bieber-x-vespa-beim-vespa-justin-bieber-haendler\/#breadcrumb","itemListElement":[{"@type":"ListItem","position":1,"name":"Home","item":"https:\/\/scootertime.ch\/de\/"},{"@type":"ListItem","position":2,"name":"Justin Bieber X Vespa \u2013 exklusiv beim Vespa Justin Bieber-H\u00e4ndler"}]},{"@type":"WebSite","@id":"https:\/\/scootertime.ch\/#website","url":"https:\/\/scootertime.ch\/","name":"Scootertime","description":"Das erste Schweizer Rollermagazin","publisher":{"@id":"https:\/\/scootertime.ch\/#organization"},"potentialAction":[{"@type":"SearchAction","target":{"@type":"EntryPoint","urlTemplate":"https:\/\/scootertime.ch\/?s={search_term_string}"},"query-input":{"@type":"PropertyValueSpecification","valueRequired":true,"valueName":"search_term_string"}}],"inLanguage":"de"},{"@type":"Organization","@id":"https:\/\/scootertime.ch\/#organization","name":"Scootertime","url":"https:\/\/scootertime.ch\/","logo":{"@type":"ImageObject","inLanguage":"de","@id":"https:\/\/scootertime.ch\/#\/schema\/logo\/image\/","url":"https:\/\/scootertime.ch\/wp-content\/uploads\/2018\/04\/cropped-testata-fondo-nero.jpg","contentUrl":"https:\/\/scootertime.ch\/wp-content\/uploads\/2018\/04\/cropped-testata-fondo-nero.jpg","width":280,"height":90,"caption":"Scootertime"},"image":{"@id":"https:\/\/scootertime.ch\/#\/schema\/logo\/image\/"}},{"@type":"Person","@id":"https:\/\/scootertime.ch\/#\/schema\/person\/7b982e4db7ec822a53954bf2b0df2537","name":"Red. SCT","image":{"@type":"ImageObject","inLanguage":"de","@id":"https:\/\/secure.gravatar.com\/avatar\/919071c8ee7b6d7474a8e74a8fb9c3b6d7b4606b6d24134ae156375f0b34bc19?s=96&d=mm&r=g","url":"https:\/\/secure.gravatar.com\/avatar\/919071c8ee7b6d7474a8e74a8fb9c3b6d7b4606b6d24134ae156375f0b34bc19?s=96&d=mm&r=g","contentUrl":"https:\/\/secure.gravatar.com\/avatar\/919071c8ee7b6d7474a8e74a8fb9c3b6d7b4606b6d24134ae156375f0b34bc19?s=96&d=mm&r=g","caption":"Red. SCT"},"url":"https:\/\/scootertime.ch\/de\/author\/admin\/"}]}},"_links":{"self":[{"href":"https:\/\/scootertime.ch\/de\/wp-json\/wp\/v2\/posts\/7730","targetHints":{"allow":["GET"]}}],"collection":[{"href":"https:\/\/scootertime.ch\/de\/wp-json\/wp\/v2\/posts"}],"about":[{"href":"https:\/\/scootertime.ch\/de\/wp-json\/wp\/v2\/types\/post"}],"author":[{"embeddable":true,"href":"https:\/\/scootertime.ch\/de\/wp-json\/wp\/v2\/users\/1"}],"replies":[{"embeddable":true,"href":"https:\/\/scootertime.ch\/de\/wp-json\/wp\/v2\/comments?post=7730"}],"version-history":[{"count":2,"href":"https:\/\/scootertime.ch\/de\/wp-json\/wp\/v2\/posts\/7730\/revisions"}],"predecessor-version":[{"id":7732,"href":"https:\/\/scootertime.ch\/de\/wp-json\/wp\/v2\/posts\/7730\/revisions\/7732"}],"wp:featuredmedia":[{"embeddable":true,"href":"https:\/\/scootertime.ch\/de\/wp-json\/wp\/v2\/media\/7726"}],"wp:attachment":[{"href":"https:\/\/scootertime.ch\/de\/wp-json\/wp\/v2\/media?parent=7730"}],"wp:term":[{"taxonomy":"category","embeddable":true,"href":"https:\/\/scootertime.ch\/de\/wp-json\/wp\/v2\/categories?post=7730"},{"taxonomy":"post_tag","embeddable":true,"href":"https:\/\/scootertime.ch\/de\/wp-json\/wp\/v2\/tags?post=7730"}],"curies":[{"name":"wp","href":"https:\/\/api.w.org\/{rel}","templated":true}]}}