{"id":7892,"date":"2022-08-12T12:01:27","date_gmt":"2022-08-12T12:01:27","guid":{"rendered":"http:\/\/scootertime.ch\/?p=7892"},"modified":"2022-08-12T12:05:23","modified_gmt":"2022-08-12T12:05:23","slug":"super-soco-elektrik-fuer-ducati-in-der-sbk","status":"publish","type":"post","link":"https:\/\/scootertime.ch\/de\/super-soco-elektrik-fuer-ducati-in-der-sbk\/","title":{"rendered":"Super-Soco-Elektrik f\u00fcr Ducati in der SBK"},"content":{"rendered":"\n<h4 class=\"wp-block-heading\">VMOTO BEST\u00c4TIGT DIE SERIE MIT ARUBA.IT RACING &#8211; DUCATI WORLDSBK TEAM &#8211;<\/h4>\n\n\n\n<p>Nach dem wichtigen Sponsoringvertrag mit Ducati Corse ist Vmoto bereit, in der Saison 2022-2023 offizieller Ausr\u00fcster des Aruba.it Racing &#8211; Ducati Teams in der Superbike-Weltmeisterschaft (SBK) mit 100% elektrischen Motorrollern zu sein.<\/p>\n<p>Nach der k\u00fcrzlichen Bekanntgabe der wichtigen Sponsoring-Vereinbarung mit Ducati Corse in der MotoGP-Weltmeisterschaft ist Vmoto erneut stolz darauf, die offizielle \u00dcbergabe seiner emissionsfreien Elektroroller Super Soco bekannt zu geben, die den Fahrern und dem technischen Team von Aruba.it Racing &#8211; Ducati f\u00fcr den Einsatz im Fahrerlager w\u00e4hrend der Rennen der Superbike-Weltmeisterschaft 2022-2023 zur Verf\u00fcgung gestellt werden.<\/p>\n<p>Dank dieser Partnerschaft bekr\u00e4ftigt Vmoto seine Rolle als Akteur im Bereich der emissionsfreien urbanen Mobilit\u00e4t und Ducati, die renommierte Marke in der Zweiradbranche, die sich immer mehr auf das Thema Umweltvertr\u00e4glichkeit konzentriert. Denn auch im Motorsport wird der \u00f6kologische Fussabdruck immer wichtiger.<\/p>\n<figure id=\"attachment_7564\" aria-describedby=\"caption-attachment-7564\" style=\"width: 377px\" class=\"wp-caption aligncenter\"><a href=\"http:\/\/scootertime.ch\/de\/foto-sbk-2\/\"><img loading=\"lazy\" decoding=\"async\" class=\"size-full wp-image-7564\" src=\"https:\/\/scootertime.ch\/wp-content\/uploads\/2022\/06\/Foto-SBK.jpg\" alt=\"super soco elettrivi per ducati sbk\" width=\"387\" height=\"400\" \/><\/a><figcaption id=\"caption-attachment-7564\" class=\"wp-caption-text\"><span style=\"font-size: inherit;\">Foto, in der Mitte Graziano Milone, Pr\u00e4sident von Vmoto f\u00fcr Strategie und Gesch\u00e4ftsentwicklung und Chief Marketing Officer zusammen mit Ducati SuperBike Team Manager Serafino Foti und an den Seiten die offiziellen Fahrer des Aruba.it &#8211; Ducati Teams, Alvaro Bautista und Michael Rinaldi.<\/span><\/figcaption><\/figure>\n","protected":false},"excerpt":{"rendered":"<p>VMOTO BEST\u00c4TIGT DIE SERIE MIT ARUBA.IT RACING &#8211; DUCATI WORLDSBK TEAM &#8211;<\/p>\n","protected":false},"author":1,"featured_media":7564,"comment_status":"open","ping_status":"open","sticky":false,"template":"","format":"standard","meta":{"footnotes":""},"categories":[27],"tags":[],"class_list":["post-7892","post","type-post","status-publish","format-standard","has-post-thumbnail","hentry","category-news-de"],"yoast_head":"<!-- This site is optimized with the Yoast SEO plugin v27.4 - https:\/\/yoast.com\/product\/yoast-seo-wordpress\/ -->\n<title>Super-Soco-Elektrik f\u00fcr Ducati in der SBK - Scootertime<\/title>\n<meta name=\"robots\" content=\"index, follow, max-snippet:-1, max-image-preview:large, max-video-preview:-1\" \/>\n<link rel=\"canonical\" href=\"https:\/\/scootertime.ch\/de\/super-soco-elektrik-fuer-ducati-in-der-sbk\/\" \/>\n<meta property=\"og:locale\" content=\"de_DE\" \/>\n<meta property=\"og:type\" content=\"article\" \/>\n<meta property=\"og:title\" content=\"Super-Soco-Elektrik f\u00fcr Ducati in der SBK - Scootertime\" \/>\n<meta property=\"og:description\" content=\"VMOTO BEST\u00c4TIGT DIE SERIE MIT ARUBA.IT RACING &#8211; DUCATI WORLDSBK TEAM &#8211;\" \/>\n<meta property=\"og:url\" content=\"https:\/\/scootertime.ch\/de\/super-soco-elektrik-fuer-ducati-in-der-sbk\/\" \/>\n<meta property=\"og:site_name\" content=\"Scootertime\" \/>\n<meta property=\"article:published_time\" content=\"2022-08-12T12:01:27+00:00\" \/>\n<meta property=\"article:modified_time\" content=\"2022-08-12T12:05:23+00:00\" \/>\n<meta property=\"og:image\" content=\"https:\/\/scootertime.ch\/wp-content\/uploads\/2022\/06\/Foto-SBK-e1660305885443.jpg\" \/>\n\t<meta property=\"og:image:width\" content=\"386\" \/>\n\t<meta property=\"og:image:height\" content=\"270\" \/>\n\t<meta property=\"og:image:type\" content=\"image\/jpeg\" \/>\n<meta name=\"author\" content=\"Red. SCT\" \/>\n<meta name=\"twitter:card\" content=\"summary_large_image\" \/>\n<meta name=\"twitter:label1\" content=\"Verfasst von\" \/>\n\t<meta name=\"twitter:data1\" content=\"Red. SCT\" \/>\n\t<meta name=\"twitter:label2\" content=\"Gesch\u00e4tzte Lesezeit\" \/>\n\t<meta name=\"twitter:data2\" content=\"1\u00a0Minute\" \/>\n<script type=\"application\/ld+json\" class=\"yoast-schema-graph\">{\"@context\":\"https:\\\/\\\/schema.org\",\"@graph\":[{\"@type\":\"Article\",\"@id\":\"https:\\\/\\\/scootertime.ch\\\/de\\\/super-soco-elektrik-fuer-ducati-in-der-sbk\\\/#article\",\"isPartOf\":{\"@id\":\"https:\\\/\\\/scootertime.ch\\\/de\\\/super-soco-elektrik-fuer-ducati-in-der-sbk\\\/\"},\"author\":{\"name\":\"Red. SCT\",\"@id\":\"https:\\\/\\\/scootertime.ch\\\/#\\\/schema\\\/person\\\/7b982e4db7ec822a53954bf2b0df2537\"},\"headline\":\"Super-Soco-Elektrik f\u00fcr Ducati in der SBK\",\"datePublished\":\"2022-08-12T12:01:27+00:00\",\"dateModified\":\"2022-08-12T12:05:23+00:00\",\"mainEntityOfPage\":{\"@id\":\"https:\\\/\\\/scootertime.ch\\\/de\\\/super-soco-elektrik-fuer-ducati-in-der-sbk\\\/\"},\"wordCount\":213,\"commentCount\":0,\"publisher\":{\"@id\":\"https:\\\/\\\/scootertime.ch\\\/#organization\"},\"image\":{\"@id\":\"https:\\\/\\\/scootertime.ch\\\/de\\\/super-soco-elektrik-fuer-ducati-in-der-sbk\\\/#primaryimage\"},\"thumbnailUrl\":\"https:\\\/\\\/scootertime.ch\\\/wp-content\\\/uploads\\\/2022\\\/06\\\/Foto-SBK-e1660305885443.jpg\",\"articleSection\":[\"News\"],\"inLanguage\":\"de\"},{\"@type\":\"WebPage\",\"@id\":\"https:\\\/\\\/scootertime.ch\\\/de\\\/super-soco-elektrik-fuer-ducati-in-der-sbk\\\/\",\"url\":\"https:\\\/\\\/scootertime.ch\\\/de\\\/super-soco-elektrik-fuer-ducati-in-der-sbk\\\/\",\"name\":\"Super-Soco-Elektrik f\u00fcr Ducati in der SBK - Scootertime\",\"isPartOf\":{\"@id\":\"https:\\\/\\\/scootertime.ch\\\/#website\"},\"primaryImageOfPage\":{\"@id\":\"https:\\\/\\\/scootertime.ch\\\/de\\\/super-soco-elektrik-fuer-ducati-in-der-sbk\\\/#primaryimage\"},\"image\":{\"@id\":\"https:\\\/\\\/scootertime.ch\\\/de\\\/super-soco-elektrik-fuer-ducati-in-der-sbk\\\/#primaryimage\"},\"thumbnailUrl\":\"https:\\\/\\\/scootertime.ch\\\/wp-content\\\/uploads\\\/2022\\\/06\\\/Foto-SBK-e1660305885443.jpg\",\"datePublished\":\"2022-08-12T12:01:27+00:00\",\"dateModified\":\"2022-08-12T12:05:23+00:00\",\"breadcrumb\":{\"@id\":\"https:\\\/\\\/scootertime.ch\\\/de\\\/super-soco-elektrik-fuer-ducati-in-der-sbk\\\/#breadcrumb\"},\"inLanguage\":\"de\",\"potentialAction\":[{\"@type\":\"ReadAction\",\"target\":[\"https:\\\/\\\/scootertime.ch\\\/de\\\/super-soco-elektrik-fuer-ducati-in-der-sbk\\\/\"]}]},{\"@type\":\"ImageObject\",\"inLanguage\":\"de\",\"@id\":\"https:\\\/\\\/scootertime.ch\\\/de\\\/super-soco-elektrik-fuer-ducati-in-der-sbk\\\/#primaryimage\",\"url\":\"https:\\\/\\\/scootertime.ch\\\/wp-content\\\/uploads\\\/2022\\\/06\\\/Foto-SBK-e1660305885443.jpg\",\"contentUrl\":\"https:\\\/\\\/scootertime.ch\\\/wp-content\\\/uploads\\\/2022\\\/06\\\/Foto-SBK-e1660305885443.jpg\",\"width\":386,\"height\":270,\"caption\":\"Photo, in the middle Graziano Milone, Vmoto's President for strategy and business development and Chief Marketing Officer together with Ducati SuperBike Team Manager Serafino Foti and at the sides the Official riders of the Aruba.it - Ducati team, Alvaro Bautista and Michael Rinaldi.\"},{\"@type\":\"BreadcrumbList\",\"@id\":\"https:\\\/\\\/scootertime.ch\\\/de\\\/super-soco-elektrik-fuer-ducati-in-der-sbk\\\/#breadcrumb\",\"itemListElement\":[{\"@type\":\"ListItem\",\"position\":1,\"name\":\"Home\",\"item\":\"https:\\\/\\\/scootertime.ch\\\/de\\\/\"},{\"@type\":\"ListItem\",\"position\":2,\"name\":\"Super-Soco-Elektrik f\u00fcr Ducati in der SBK\"}]},{\"@type\":\"WebSite\",\"@id\":\"https:\\\/\\\/scootertime.ch\\\/#website\",\"url\":\"https:\\\/\\\/scootertime.ch\\\/\",\"name\":\"Scootertime\",\"description\":\"Das erste Schweizer Rollermagazin\",\"publisher\":{\"@id\":\"https:\\\/\\\/scootertime.ch\\\/#organization\"},\"potentialAction\":[{\"@type\":\"SearchAction\",\"target\":{\"@type\":\"EntryPoint\",\"urlTemplate\":\"https:\\\/\\\/scootertime.ch\\\/?s={search_term_string}\"},\"query-input\":{\"@type\":\"PropertyValueSpecification\",\"valueRequired\":true,\"valueName\":\"search_term_string\"}}],\"inLanguage\":\"de\"},{\"@type\":\"Organization\",\"@id\":\"https:\\\/\\\/scootertime.ch\\\/#organization\",\"name\":\"Scootertime\",\"url\":\"https:\\\/\\\/scootertime.ch\\\/\",\"logo\":{\"@type\":\"ImageObject\",\"inLanguage\":\"de\",\"@id\":\"https:\\\/\\\/scootertime.ch\\\/#\\\/schema\\\/logo\\\/image\\\/\",\"url\":\"https:\\\/\\\/scootertime.ch\\\/wp-content\\\/uploads\\\/2018\\\/04\\\/cropped-testata-fondo-nero.jpg\",\"contentUrl\":\"https:\\\/\\\/scootertime.ch\\\/wp-content\\\/uploads\\\/2018\\\/04\\\/cropped-testata-fondo-nero.jpg\",\"width\":280,\"height\":90,\"caption\":\"Scootertime\"},\"image\":{\"@id\":\"https:\\\/\\\/scootertime.ch\\\/#\\\/schema\\\/logo\\\/image\\\/\"}},{\"@type\":\"Person\",\"@id\":\"https:\\\/\\\/scootertime.ch\\\/#\\\/schema\\\/person\\\/7b982e4db7ec822a53954bf2b0df2537\",\"name\":\"Red. SCT\",\"image\":{\"@type\":\"ImageObject\",\"inLanguage\":\"de\",\"@id\":\"https:\\\/\\\/secure.gravatar.com\\\/avatar\\\/919071c8ee7b6d7474a8e74a8fb9c3b6d7b4606b6d24134ae156375f0b34bc19?s=96&d=mm&r=g\",\"url\":\"https:\\\/\\\/secure.gravatar.com\\\/avatar\\\/919071c8ee7b6d7474a8e74a8fb9c3b6d7b4606b6d24134ae156375f0b34bc19?s=96&d=mm&r=g\",\"contentUrl\":\"https:\\\/\\\/secure.gravatar.com\\\/avatar\\\/919071c8ee7b6d7474a8e74a8fb9c3b6d7b4606b6d24134ae156375f0b34bc19?s=96&d=mm&r=g\",\"caption\":\"Red. SCT\"},\"url\":\"https:\\\/\\\/scootertime.ch\\\/de\\\/author\\\/admin\\\/\"}]}<\/script>\n<!-- \/ Yoast SEO plugin. -->","yoast_head_json":{"title":"Super-Soco-Elektrik f\u00fcr Ducati in der SBK - Scootertime","robots":{"index":"index","follow":"follow","max-snippet":"max-snippet:-1","max-image-preview":"max-image-preview:large","max-video-preview":"max-video-preview:-1"},"canonical":"https:\/\/scootertime.ch\/de\/super-soco-elektrik-fuer-ducati-in-der-sbk\/","og_locale":"de_DE","og_type":"article","og_title":"Super-Soco-Elektrik f\u00fcr Ducati in der SBK - Scootertime","og_description":"VMOTO BEST\u00c4TIGT DIE SERIE MIT ARUBA.IT RACING &#8211; DUCATI WORLDSBK TEAM &#8211;","og_url":"https:\/\/scootertime.ch\/de\/super-soco-elektrik-fuer-ducati-in-der-sbk\/","og_site_name":"Scootertime","article_published_time":"2022-08-12T12:01:27+00:00","article_modified_time":"2022-08-12T12:05:23+00:00","og_image":[{"width":386,"height":270,"url":"https:\/\/scootertime.ch\/wp-content\/uploads\/2022\/06\/Foto-SBK-e1660305885443.jpg","type":"image\/jpeg"}],"author":"Red. SCT","twitter_card":"summary_large_image","twitter_misc":{"Verfasst von":"Red. SCT","Gesch\u00e4tzte Lesezeit":"1\u00a0Minute"},"schema":{"@context":"https:\/\/schema.org","@graph":[{"@type":"Article","@id":"https:\/\/scootertime.ch\/de\/super-soco-elektrik-fuer-ducati-in-der-sbk\/#article","isPartOf":{"@id":"https:\/\/scootertime.ch\/de\/super-soco-elektrik-fuer-ducati-in-der-sbk\/"},"author":{"name":"Red. SCT","@id":"https:\/\/scootertime.ch\/#\/schema\/person\/7b982e4db7ec822a53954bf2b0df2537"},"headline":"Super-Soco-Elektrik f\u00fcr Ducati in der SBK","datePublished":"2022-08-12T12:01:27+00:00","dateModified":"2022-08-12T12:05:23+00:00","mainEntityOfPage":{"@id":"https:\/\/scootertime.ch\/de\/super-soco-elektrik-fuer-ducati-in-der-sbk\/"},"wordCount":213,"commentCount":0,"publisher":{"@id":"https:\/\/scootertime.ch\/#organization"},"image":{"@id":"https:\/\/scootertime.ch\/de\/super-soco-elektrik-fuer-ducati-in-der-sbk\/#primaryimage"},"thumbnailUrl":"https:\/\/scootertime.ch\/wp-content\/uploads\/2022\/06\/Foto-SBK-e1660305885443.jpg","articleSection":["News"],"inLanguage":"de"},{"@type":"WebPage","@id":"https:\/\/scootertime.ch\/de\/super-soco-elektrik-fuer-ducati-in-der-sbk\/","url":"https:\/\/scootertime.ch\/de\/super-soco-elektrik-fuer-ducati-in-der-sbk\/","name":"Super-Soco-Elektrik f\u00fcr Ducati in der SBK - Scootertime","isPartOf":{"@id":"https:\/\/scootertime.ch\/#website"},"primaryImageOfPage":{"@id":"https:\/\/scootertime.ch\/de\/super-soco-elektrik-fuer-ducati-in-der-sbk\/#primaryimage"},"image":{"@id":"https:\/\/scootertime.ch\/de\/super-soco-elektrik-fuer-ducati-in-der-sbk\/#primaryimage"},"thumbnailUrl":"https:\/\/scootertime.ch\/wp-content\/uploads\/2022\/06\/Foto-SBK-e1660305885443.jpg","datePublished":"2022-08-12T12:01:27+00:00","dateModified":"2022-08-12T12:05:23+00:00","breadcrumb":{"@id":"https:\/\/scootertime.ch\/de\/super-soco-elektrik-fuer-ducati-in-der-sbk\/#breadcrumb"},"inLanguage":"de","potentialAction":[{"@type":"ReadAction","target":["https:\/\/scootertime.ch\/de\/super-soco-elektrik-fuer-ducati-in-der-sbk\/"]}]},{"@type":"ImageObject","inLanguage":"de","@id":"https:\/\/scootertime.ch\/de\/super-soco-elektrik-fuer-ducati-in-der-sbk\/#primaryimage","url":"https:\/\/scootertime.ch\/wp-content\/uploads\/2022\/06\/Foto-SBK-e1660305885443.jpg","contentUrl":"https:\/\/scootertime.ch\/wp-content\/uploads\/2022\/06\/Foto-SBK-e1660305885443.jpg","width":386,"height":270,"caption":"Photo, in the middle Graziano Milone, Vmoto's President for strategy and business development and Chief Marketing Officer together with Ducati SuperBike Team Manager Serafino Foti and at the sides the Official riders of the Aruba.it - Ducati team, Alvaro Bautista and Michael Rinaldi."},{"@type":"BreadcrumbList","@id":"https:\/\/scootertime.ch\/de\/super-soco-elektrik-fuer-ducati-in-der-sbk\/#breadcrumb","itemListElement":[{"@type":"ListItem","position":1,"name":"Home","item":"https:\/\/scootertime.ch\/de\/"},{"@type":"ListItem","position":2,"name":"Super-Soco-Elektrik f\u00fcr Ducati in der SBK"}]},{"@type":"WebSite","@id":"https:\/\/scootertime.ch\/#website","url":"https:\/\/scootertime.ch\/","name":"Scootertime","description":"Das erste Schweizer Rollermagazin","publisher":{"@id":"https:\/\/scootertime.ch\/#organization"},"potentialAction":[{"@type":"SearchAction","target":{"@type":"EntryPoint","urlTemplate":"https:\/\/scootertime.ch\/?s={search_term_string}"},"query-input":{"@type":"PropertyValueSpecification","valueRequired":true,"valueName":"search_term_string"}}],"inLanguage":"de"},{"@type":"Organization","@id":"https:\/\/scootertime.ch\/#organization","name":"Scootertime","url":"https:\/\/scootertime.ch\/","logo":{"@type":"ImageObject","inLanguage":"de","@id":"https:\/\/scootertime.ch\/#\/schema\/logo\/image\/","url":"https:\/\/scootertime.ch\/wp-content\/uploads\/2018\/04\/cropped-testata-fondo-nero.jpg","contentUrl":"https:\/\/scootertime.ch\/wp-content\/uploads\/2018\/04\/cropped-testata-fondo-nero.jpg","width":280,"height":90,"caption":"Scootertime"},"image":{"@id":"https:\/\/scootertime.ch\/#\/schema\/logo\/image\/"}},{"@type":"Person","@id":"https:\/\/scootertime.ch\/#\/schema\/person\/7b982e4db7ec822a53954bf2b0df2537","name":"Red. SCT","image":{"@type":"ImageObject","inLanguage":"de","@id":"https:\/\/secure.gravatar.com\/avatar\/919071c8ee7b6d7474a8e74a8fb9c3b6d7b4606b6d24134ae156375f0b34bc19?s=96&d=mm&r=g","url":"https:\/\/secure.gravatar.com\/avatar\/919071c8ee7b6d7474a8e74a8fb9c3b6d7b4606b6d24134ae156375f0b34bc19?s=96&d=mm&r=g","contentUrl":"https:\/\/secure.gravatar.com\/avatar\/919071c8ee7b6d7474a8e74a8fb9c3b6d7b4606b6d24134ae156375f0b34bc19?s=96&d=mm&r=g","caption":"Red. SCT"},"url":"https:\/\/scootertime.ch\/de\/author\/admin\/"}]}},"_links":{"self":[{"href":"https:\/\/scootertime.ch\/de\/wp-json\/wp\/v2\/posts\/7892","targetHints":{"allow":["GET"]}}],"collection":[{"href":"https:\/\/scootertime.ch\/de\/wp-json\/wp\/v2\/posts"}],"about":[{"href":"https:\/\/scootertime.ch\/de\/wp-json\/wp\/v2\/types\/post"}],"author":[{"embeddable":true,"href":"https:\/\/scootertime.ch\/de\/wp-json\/wp\/v2\/users\/1"}],"replies":[{"embeddable":true,"href":"https:\/\/scootertime.ch\/de\/wp-json\/wp\/v2\/comments?post=7892"}],"version-history":[{"count":1,"href":"https:\/\/scootertime.ch\/de\/wp-json\/wp\/v2\/posts\/7892\/revisions"}],"predecessor-version":[{"id":7893,"href":"https:\/\/scootertime.ch\/de\/wp-json\/wp\/v2\/posts\/7892\/revisions\/7893"}],"wp:featuredmedia":[{"embeddable":true,"href":"https:\/\/scootertime.ch\/de\/wp-json\/wp\/v2\/media\/7564"}],"wp:attachment":[{"href":"https:\/\/scootertime.ch\/de\/wp-json\/wp\/v2\/media?parent=7892"}],"wp:term":[{"taxonomy":"category","embeddable":true,"href":"https:\/\/scootertime.ch\/de\/wp-json\/wp\/v2\/categories?post=7892"},{"taxonomy":"post_tag","embeddable":true,"href":"https:\/\/scootertime.ch\/de\/wp-json\/wp\/v2\/tags?post=7892"}],"curies":[{"name":"wp","href":"https:\/\/api.w.org\/{rel}","templated":true}]}}