{"id":7916,"date":"2022-08-24T10:49:45","date_gmt":"2022-08-24T10:49:45","guid":{"rendered":"http:\/\/scootertime.ch\/?p=7916"},"modified":"2022-08-25T11:37:47","modified_gmt":"2022-08-25T11:37:47","slug":"freidig-moto-active-gmbh-heisst-neu-motoactive-gmbh","status":"publish","type":"post","link":"https:\/\/scootertime.ch\/de\/freidig-moto-active-gmbh-heisst-neu-motoactive-gmbh\/","title":{"rendered":"Freidig Moto-Active GmbH heisst neu motoactive gmbh"},"content":{"rendered":"\n<h4 class=\"wp-block-heading\"> MOTOACTIVE TRITT UNTER DER GESCH\u00c4FTSLEITUNG VON HANS FELDER MIT EINEM ATTRAKTIVEN MARKEN-PORTFOLIO UND EINEM GESCH\u00c4RFTEN ANGEBOTSPROFIL AM MARKT AUF &#8211; <\/h4>\n\n\n\n<figure class=\"wp-block-image size-large\"><img loading=\"lazy\" decoding=\"async\" width=\"600\" height=\"400\" src=\"https:\/\/scootertime.ch\/wp-content\/uploads\/2022\/08\/motoactive-gmbh_Headquarters_0922.jpg\" alt=\"motoactive-gmbh_Headquarters_0922\" class=\"wp-image-7912\" srcset=\"https:\/\/scootertime.ch\/wp-content\/uploads\/2022\/08\/motoactive-gmbh_Headquarters_0922.jpg 600w, https:\/\/scootertime.ch\/wp-content\/uploads\/2022\/08\/motoactive-gmbh_Headquarters_0922-300x200.jpg 300w, https:\/\/scootertime.ch\/wp-content\/uploads\/2022\/08\/motoactive-gmbh_Headquarters_0922-435x290.jpg 435w, https:\/\/scootertime.ch\/wp-content\/uploads\/2022\/08\/motoactive-gmbh_Headquarters_0922-150x100.jpg 150w, https:\/\/scootertime.ch\/wp-content\/uploads\/2022\/08\/motoactive-gmbh_Headquarters_0922-370x247.jpg 370w\" sizes=\"auto, (max-width: 600px) 100vw, 600px\" \/><figcaption><em>motoactive gmbh &#8211; Hauptquartier in  Sumiswald (BE) <\/em><\/figcaption><\/figure>\n\n\n\n<p>Freidig Moto-Active GmbH, einer der f\u00fchrenden Lieferanten f\u00fcr den Schweizer Motorrad-Fachhandel, firmiert ab 1. September 2022 unter dem neuen Namen motoactive gmbh. Nach der \u00dcbernahme durch die hostettler group im Jahre 2019 hat sich der Grosshandelsbetrieb gewandelt.<\/p>\n<p><strong>Auf den 1. Januar 2019 hat die hostettler group<\/strong> (LU) die in Sumiswald (BE) domizilierte Firma Freidig Moto-Active GmbH erworben. Die Firma betreibt Grosshandel mit Motorradbekleidung und -zubeh\u00f6r sowie Ersatzteilen an die Motorrad-Fachbetriebe in der Schweiz. Nach dem Austritt von Heinz und Eveline Freidig aus dem Unternehmen im November 2020, wurde die Gesch\u00e4ftsleitung an ihren bisherigen Verkaufsleiter Hans Felder \u00fcbertragen.<\/p>\n<p><strong>Neuer Firmenname<\/strong><\/p>\n<p>Der neue Firmenname motoactive gmbh wurde bewusst vom Gr\u00fcndungsunternehmen abgeleitet und ist nun in Kleinbuchstaben geschrieben. Einerseits um Kontinuit\u00e4t zu demonstrieren und andererseits, um die Zugeh\u00f6rigkeit zur hostettler group zu unterstreichen, deren Firmennamen ebenfalls grossmehrheitlich klein geschrieben sind. Im Zuge dieser Umfirmierung wechselt die Internetadresse von www.freidigmotoactive.ch zu www.motoactive.ch und die E-Mail-Adressen lauten k\u00fcnftig allesamt auf @motoactive.ch. Der Firmensitz verbleibt weiterhin an der bestehenden Adresse Eystrasse 34 in 3454 Sumiswald, Schweiz.<\/p>\n<p><strong>Neue Sortimentsstrategie<\/strong><\/p>\n<p>Das Leitungsteam hat in der Folge ihre Sortimentsstrategie neu ausgerichtet und damit ihr Profil als spezialisierter Marken-Anbieter gesch\u00e4rft. Heute umfasst ihr Kernsortiment ein breit ausgebautes Angebot an Fahrerausstattung von attraktiven Premium- und Wachstumsmarken. Das Erg\u00e4nzungssortiment Technik &amp; Zubeh\u00f6r wird mit \u00fcberzeugenden Produktmarken im gehobenen Segment abgerundet. Ihre Hausmarke \u00abmoto eleven\u00bb umfasst Motorradbekleidung, Helme sowie Technikzubeh\u00f6r und positioniert sich im mittleren Preissegment.<\/p>\n<p><strong>Mit ihrem Gesp\u00fcr f\u00fcr Trends<\/strong> und spezifische Kundenbed\u00fcrfnisse assortiert das Team der motoactive gmbh Leader- und Wachstumsmarken zu einem bedarfsgerechten Sortiment. Sie konzentrieren sich dabei auf charakterstarke Marken, die sowohl dem individuellen Lifestyle der relaxten als auch sportlich ambitionierten Motorradkundschaft entsprechen.<\/p>\n<figure id=\"attachment_7909\" aria-describedby=\"caption-attachment-7909\" style=\"width: 390px\" class=\"wp-caption alignright\"><a href=\"http:\/\/scootertime.ch\/de\/motoactive-gmbh_hans-felder_geschaftsleiter_direct-eur-general-2\/\"><img loading=\"lazy\" decoding=\"async\" class=\"size-full wp-image-7909\" src=\"https:\/\/scootertime.ch\/wp-content\/uploads\/2022\/08\/motoactive-gmbh_Hans-Felder_Gesch\u00e4ftsleiter_Direct-eur-g\u00e9n\u00e9ral.jpg\" alt=\"motoactive-gmbh_Hans-Felder_Gesch\u00e4ftsleiter_Direct eur-g\u00e9n\u00e9ral\" width=\"400\" height=\"400\" \/><\/a><figcaption id=\"caption-attachment-7909\" class=\"wp-caption-text\"><em>motoactive gmbh Hans-Felder Gesch\u00e4ftsleiter<\/em><\/figcaption><\/figure>\n<p><strong>Hans Felder, Gesch\u00e4ftsleiter der motoactive gmbh,<\/strong> fasst zusammen: <em>\u00abWir haben uns einen neuen Namen gegeben, sind aber immer noch das gleiche, engagierte Team mit demselben Ziel vor Augen: Mit unseren exklusiven, authentischen Marken f\u00fcr Fahrer- und Fahrzeugausstattung wollen wir bei der Endkundschaft mit Individualit\u00e4t, Design sowie Funktionalit\u00e4t und Qualit\u00e4t punkten. Den Fachhandel m\u00f6chten wir weiterhin als verl\u00e4sslicher Partner mit kompetenter, pers\u00f6nlicher Beratung sowie hoher Warenverf\u00fcgbarkeit und schneller Zustellung \u00fcberzeugen.\u00bb<\/em><\/p>\n","protected":false},"excerpt":{"rendered":"<p>MOTOACTIVE TRITT UNTER DER GESCH\u00c4FTSLEITUNG VON HANS FELDER MIT EINEM ATTRAKTIVEN MARKEN-PORTFOLIO\u2026<\/p>\n","protected":false},"author":1,"featured_media":7909,"comment_status":"open","ping_status":"open","sticky":false,"template":"","format":"standard","meta":{"footnotes":""},"categories":[27],"tags":[],"class_list":["post-7916","post","type-post","status-publish","format-standard","has-post-thumbnail","hentry","category-news-de"],"yoast_head":"<!-- This site is optimized with the Yoast SEO plugin v27.4 - https:\/\/yoast.com\/product\/yoast-seo-wordpress\/ -->\n<title>Freidig Moto-Active GmbH heisst neu motoactive gmbh - Scootertime<\/title>\n<meta name=\"robots\" content=\"index, follow, max-snippet:-1, max-image-preview:large, max-video-preview:-1\" \/>\n<link rel=\"canonical\" href=\"https:\/\/scootertime.ch\/de\/freidig-moto-active-gmbh-heisst-neu-motoactive-gmbh\/\" \/>\n<meta property=\"og:locale\" content=\"de_DE\" \/>\n<meta property=\"og:type\" content=\"article\" \/>\n<meta property=\"og:title\" content=\"Freidig Moto-Active GmbH heisst neu motoactive gmbh - Scootertime\" \/>\n<meta property=\"og:description\" content=\"MOTOACTIVE TRITT UNTER DER GESCH\u00c4FTSLEITUNG VON HANS FELDER MIT EINEM ATTRAKTIVEN MARKEN-PORTFOLIO\u2026\" \/>\n<meta property=\"og:url\" content=\"https:\/\/scootertime.ch\/de\/freidig-moto-active-gmbh-heisst-neu-motoactive-gmbh\/\" \/>\n<meta property=\"og:site_name\" content=\"Scootertime\" \/>\n<meta property=\"article:published_time\" content=\"2022-08-24T10:49:45+00:00\" \/>\n<meta property=\"article:modified_time\" content=\"2022-08-25T11:37:47+00:00\" \/>\n<meta property=\"og:image\" content=\"https:\/\/scootertime.ch\/wp-content\/uploads\/2022\/08\/motoactive-gmbh_Hans-Felder_Gesch\u00e4ftsleiter_Direct-eur-g\u00e9n\u00e9ral-e1661427317256.jpg\" \/>\n\t<meta property=\"og:image:width\" content=\"400\" \/>\n\t<meta property=\"og:image:height\" content=\"281\" \/>\n\t<meta property=\"og:image:type\" content=\"image\/jpeg\" \/>\n<meta name=\"author\" content=\"Red. SCT\" \/>\n<meta name=\"twitter:card\" content=\"summary_large_image\" \/>\n<meta name=\"twitter:label1\" content=\"Verfasst von\" \/>\n\t<meta name=\"twitter:data1\" content=\"Red. SCT\" \/>\n\t<meta name=\"twitter:label2\" content=\"Gesch\u00e4tzte Lesezeit\" \/>\n\t<meta name=\"twitter:data2\" content=\"2\u00a0Minuten\" \/>\n<script type=\"application\/ld+json\" class=\"yoast-schema-graph\">{\"@context\":\"https:\\\/\\\/schema.org\",\"@graph\":[{\"@type\":\"Article\",\"@id\":\"https:\\\/\\\/scootertime.ch\\\/de\\\/freidig-moto-active-gmbh-heisst-neu-motoactive-gmbh\\\/#article\",\"isPartOf\":{\"@id\":\"https:\\\/\\\/scootertime.ch\\\/de\\\/freidig-moto-active-gmbh-heisst-neu-motoactive-gmbh\\\/\"},\"author\":{\"name\":\"Red. SCT\",\"@id\":\"https:\\\/\\\/scootertime.ch\\\/#\\\/schema\\\/person\\\/7b982e4db7ec822a53954bf2b0df2537\"},\"headline\":\"Freidig Moto-Active GmbH heisst neu motoactive gmbh\",\"datePublished\":\"2022-08-24T10:49:45+00:00\",\"dateModified\":\"2022-08-25T11:37:47+00:00\",\"mainEntityOfPage\":{\"@id\":\"https:\\\/\\\/scootertime.ch\\\/de\\\/freidig-moto-active-gmbh-heisst-neu-motoactive-gmbh\\\/\"},\"wordCount\":412,\"commentCount\":0,\"publisher\":{\"@id\":\"https:\\\/\\\/scootertime.ch\\\/#organization\"},\"image\":{\"@id\":\"https:\\\/\\\/scootertime.ch\\\/de\\\/freidig-moto-active-gmbh-heisst-neu-motoactive-gmbh\\\/#primaryimage\"},\"thumbnailUrl\":\"https:\\\/\\\/scootertime.ch\\\/wp-content\\\/uploads\\\/2022\\\/08\\\/motoactive-gmbh_Hans-Felder_Gesch\u00e4ftsleiter_Direct-eur-g\u00e9n\u00e9ral-e1661427317256.jpg\",\"articleSection\":[\"News\"],\"inLanguage\":\"de\"},{\"@type\":\"WebPage\",\"@id\":\"https:\\\/\\\/scootertime.ch\\\/de\\\/freidig-moto-active-gmbh-heisst-neu-motoactive-gmbh\\\/\",\"url\":\"https:\\\/\\\/scootertime.ch\\\/de\\\/freidig-moto-active-gmbh-heisst-neu-motoactive-gmbh\\\/\",\"name\":\"Freidig Moto-Active GmbH heisst neu motoactive gmbh - Scootertime\",\"isPartOf\":{\"@id\":\"https:\\\/\\\/scootertime.ch\\\/#website\"},\"primaryImageOfPage\":{\"@id\":\"https:\\\/\\\/scootertime.ch\\\/de\\\/freidig-moto-active-gmbh-heisst-neu-motoactive-gmbh\\\/#primaryimage\"},\"image\":{\"@id\":\"https:\\\/\\\/scootertime.ch\\\/de\\\/freidig-moto-active-gmbh-heisst-neu-motoactive-gmbh\\\/#primaryimage\"},\"thumbnailUrl\":\"https:\\\/\\\/scootertime.ch\\\/wp-content\\\/uploads\\\/2022\\\/08\\\/motoactive-gmbh_Hans-Felder_Gesch\u00e4ftsleiter_Direct-eur-g\u00e9n\u00e9ral-e1661427317256.jpg\",\"datePublished\":\"2022-08-24T10:49:45+00:00\",\"dateModified\":\"2022-08-25T11:37:47+00:00\",\"breadcrumb\":{\"@id\":\"https:\\\/\\\/scootertime.ch\\\/de\\\/freidig-moto-active-gmbh-heisst-neu-motoactive-gmbh\\\/#breadcrumb\"},\"inLanguage\":\"de\",\"potentialAction\":[{\"@type\":\"ReadAction\",\"target\":[\"https:\\\/\\\/scootertime.ch\\\/de\\\/freidig-moto-active-gmbh-heisst-neu-motoactive-gmbh\\\/\"]}]},{\"@type\":\"ImageObject\",\"inLanguage\":\"de\",\"@id\":\"https:\\\/\\\/scootertime.ch\\\/de\\\/freidig-moto-active-gmbh-heisst-neu-motoactive-gmbh\\\/#primaryimage\",\"url\":\"https:\\\/\\\/scootertime.ch\\\/wp-content\\\/uploads\\\/2022\\\/08\\\/motoactive-gmbh_Hans-Felder_Gesch\u00e4ftsleiter_Direct-eur-g\u00e9n\u00e9ral-e1661427317256.jpg\",\"contentUrl\":\"https:\\\/\\\/scootertime.ch\\\/wp-content\\\/uploads\\\/2022\\\/08\\\/motoactive-gmbh_Hans-Felder_Gesch\u00e4ftsleiter_Direct-eur-g\u00e9n\u00e9ral-e1661427317256.jpg\",\"width\":400,\"height\":281,\"caption\":\"motoactive gmbh Hans-Felder Gesch\u00e4ftsleiter\"},{\"@type\":\"BreadcrumbList\",\"@id\":\"https:\\\/\\\/scootertime.ch\\\/de\\\/freidig-moto-active-gmbh-heisst-neu-motoactive-gmbh\\\/#breadcrumb\",\"itemListElement\":[{\"@type\":\"ListItem\",\"position\":1,\"name\":\"Home\",\"item\":\"https:\\\/\\\/scootertime.ch\\\/de\\\/\"},{\"@type\":\"ListItem\",\"position\":2,\"name\":\"Freidig Moto-Active GmbH heisst neu motoactive gmbh\"}]},{\"@type\":\"WebSite\",\"@id\":\"https:\\\/\\\/scootertime.ch\\\/#website\",\"url\":\"https:\\\/\\\/scootertime.ch\\\/\",\"name\":\"Scootertime\",\"description\":\"Das erste Schweizer Rollermagazin\",\"publisher\":{\"@id\":\"https:\\\/\\\/scootertime.ch\\\/#organization\"},\"potentialAction\":[{\"@type\":\"SearchAction\",\"target\":{\"@type\":\"EntryPoint\",\"urlTemplate\":\"https:\\\/\\\/scootertime.ch\\\/?s={search_term_string}\"},\"query-input\":{\"@type\":\"PropertyValueSpecification\",\"valueRequired\":true,\"valueName\":\"search_term_string\"}}],\"inLanguage\":\"de\"},{\"@type\":\"Organization\",\"@id\":\"https:\\\/\\\/scootertime.ch\\\/#organization\",\"name\":\"Scootertime\",\"url\":\"https:\\\/\\\/scootertime.ch\\\/\",\"logo\":{\"@type\":\"ImageObject\",\"inLanguage\":\"de\",\"@id\":\"https:\\\/\\\/scootertime.ch\\\/#\\\/schema\\\/logo\\\/image\\\/\",\"url\":\"https:\\\/\\\/scootertime.ch\\\/wp-content\\\/uploads\\\/2018\\\/04\\\/cropped-testata-fondo-nero.jpg\",\"contentUrl\":\"https:\\\/\\\/scootertime.ch\\\/wp-content\\\/uploads\\\/2018\\\/04\\\/cropped-testata-fondo-nero.jpg\",\"width\":280,\"height\":90,\"caption\":\"Scootertime\"},\"image\":{\"@id\":\"https:\\\/\\\/scootertime.ch\\\/#\\\/schema\\\/logo\\\/image\\\/\"}},{\"@type\":\"Person\",\"@id\":\"https:\\\/\\\/scootertime.ch\\\/#\\\/schema\\\/person\\\/7b982e4db7ec822a53954bf2b0df2537\",\"name\":\"Red. SCT\",\"image\":{\"@type\":\"ImageObject\",\"inLanguage\":\"de\",\"@id\":\"https:\\\/\\\/secure.gravatar.com\\\/avatar\\\/919071c8ee7b6d7474a8e74a8fb9c3b6d7b4606b6d24134ae156375f0b34bc19?s=96&d=mm&r=g\",\"url\":\"https:\\\/\\\/secure.gravatar.com\\\/avatar\\\/919071c8ee7b6d7474a8e74a8fb9c3b6d7b4606b6d24134ae156375f0b34bc19?s=96&d=mm&r=g\",\"contentUrl\":\"https:\\\/\\\/secure.gravatar.com\\\/avatar\\\/919071c8ee7b6d7474a8e74a8fb9c3b6d7b4606b6d24134ae156375f0b34bc19?s=96&d=mm&r=g\",\"caption\":\"Red. SCT\"},\"url\":\"https:\\\/\\\/scootertime.ch\\\/de\\\/author\\\/admin\\\/\"}]}<\/script>\n<!-- \/ Yoast SEO plugin. -->","yoast_head_json":{"title":"Freidig Moto-Active GmbH heisst neu motoactive gmbh - Scootertime","robots":{"index":"index","follow":"follow","max-snippet":"max-snippet:-1","max-image-preview":"max-image-preview:large","max-video-preview":"max-video-preview:-1"},"canonical":"https:\/\/scootertime.ch\/de\/freidig-moto-active-gmbh-heisst-neu-motoactive-gmbh\/","og_locale":"de_DE","og_type":"article","og_title":"Freidig Moto-Active GmbH heisst neu motoactive gmbh - Scootertime","og_description":"MOTOACTIVE TRITT UNTER DER GESCH\u00c4FTSLEITUNG VON HANS FELDER MIT EINEM ATTRAKTIVEN MARKEN-PORTFOLIO\u2026","og_url":"https:\/\/scootertime.ch\/de\/freidig-moto-active-gmbh-heisst-neu-motoactive-gmbh\/","og_site_name":"Scootertime","article_published_time":"2022-08-24T10:49:45+00:00","article_modified_time":"2022-08-25T11:37:47+00:00","og_image":[{"width":400,"height":281,"url":"https:\/\/scootertime.ch\/wp-content\/uploads\/2022\/08\/motoactive-gmbh_Hans-Felder_Gesch\u00e4ftsleiter_Direct-eur-g\u00e9n\u00e9ral-e1661427317256.jpg","type":"image\/jpeg"}],"author":"Red. SCT","twitter_card":"summary_large_image","twitter_misc":{"Verfasst von":"Red. SCT","Gesch\u00e4tzte Lesezeit":"2\u00a0Minuten"},"schema":{"@context":"https:\/\/schema.org","@graph":[{"@type":"Article","@id":"https:\/\/scootertime.ch\/de\/freidig-moto-active-gmbh-heisst-neu-motoactive-gmbh\/#article","isPartOf":{"@id":"https:\/\/scootertime.ch\/de\/freidig-moto-active-gmbh-heisst-neu-motoactive-gmbh\/"},"author":{"name":"Red. SCT","@id":"https:\/\/scootertime.ch\/#\/schema\/person\/7b982e4db7ec822a53954bf2b0df2537"},"headline":"Freidig Moto-Active GmbH heisst neu motoactive gmbh","datePublished":"2022-08-24T10:49:45+00:00","dateModified":"2022-08-25T11:37:47+00:00","mainEntityOfPage":{"@id":"https:\/\/scootertime.ch\/de\/freidig-moto-active-gmbh-heisst-neu-motoactive-gmbh\/"},"wordCount":412,"commentCount":0,"publisher":{"@id":"https:\/\/scootertime.ch\/#organization"},"image":{"@id":"https:\/\/scootertime.ch\/de\/freidig-moto-active-gmbh-heisst-neu-motoactive-gmbh\/#primaryimage"},"thumbnailUrl":"https:\/\/scootertime.ch\/wp-content\/uploads\/2022\/08\/motoactive-gmbh_Hans-Felder_Gesch\u00e4ftsleiter_Direct-eur-g\u00e9n\u00e9ral-e1661427317256.jpg","articleSection":["News"],"inLanguage":"de"},{"@type":"WebPage","@id":"https:\/\/scootertime.ch\/de\/freidig-moto-active-gmbh-heisst-neu-motoactive-gmbh\/","url":"https:\/\/scootertime.ch\/de\/freidig-moto-active-gmbh-heisst-neu-motoactive-gmbh\/","name":"Freidig Moto-Active GmbH heisst neu motoactive gmbh - Scootertime","isPartOf":{"@id":"https:\/\/scootertime.ch\/#website"},"primaryImageOfPage":{"@id":"https:\/\/scootertime.ch\/de\/freidig-moto-active-gmbh-heisst-neu-motoactive-gmbh\/#primaryimage"},"image":{"@id":"https:\/\/scootertime.ch\/de\/freidig-moto-active-gmbh-heisst-neu-motoactive-gmbh\/#primaryimage"},"thumbnailUrl":"https:\/\/scootertime.ch\/wp-content\/uploads\/2022\/08\/motoactive-gmbh_Hans-Felder_Gesch\u00e4ftsleiter_Direct-eur-g\u00e9n\u00e9ral-e1661427317256.jpg","datePublished":"2022-08-24T10:49:45+00:00","dateModified":"2022-08-25T11:37:47+00:00","breadcrumb":{"@id":"https:\/\/scootertime.ch\/de\/freidig-moto-active-gmbh-heisst-neu-motoactive-gmbh\/#breadcrumb"},"inLanguage":"de","potentialAction":[{"@type":"ReadAction","target":["https:\/\/scootertime.ch\/de\/freidig-moto-active-gmbh-heisst-neu-motoactive-gmbh\/"]}]},{"@type":"ImageObject","inLanguage":"de","@id":"https:\/\/scootertime.ch\/de\/freidig-moto-active-gmbh-heisst-neu-motoactive-gmbh\/#primaryimage","url":"https:\/\/scootertime.ch\/wp-content\/uploads\/2022\/08\/motoactive-gmbh_Hans-Felder_Gesch\u00e4ftsleiter_Direct-eur-g\u00e9n\u00e9ral-e1661427317256.jpg","contentUrl":"https:\/\/scootertime.ch\/wp-content\/uploads\/2022\/08\/motoactive-gmbh_Hans-Felder_Gesch\u00e4ftsleiter_Direct-eur-g\u00e9n\u00e9ral-e1661427317256.jpg","width":400,"height":281,"caption":"motoactive gmbh Hans-Felder Gesch\u00e4ftsleiter"},{"@type":"BreadcrumbList","@id":"https:\/\/scootertime.ch\/de\/freidig-moto-active-gmbh-heisst-neu-motoactive-gmbh\/#breadcrumb","itemListElement":[{"@type":"ListItem","position":1,"name":"Home","item":"https:\/\/scootertime.ch\/de\/"},{"@type":"ListItem","position":2,"name":"Freidig Moto-Active GmbH heisst neu motoactive gmbh"}]},{"@type":"WebSite","@id":"https:\/\/scootertime.ch\/#website","url":"https:\/\/scootertime.ch\/","name":"Scootertime","description":"Das erste Schweizer Rollermagazin","publisher":{"@id":"https:\/\/scootertime.ch\/#organization"},"potentialAction":[{"@type":"SearchAction","target":{"@type":"EntryPoint","urlTemplate":"https:\/\/scootertime.ch\/?s={search_term_string}"},"query-input":{"@type":"PropertyValueSpecification","valueRequired":true,"valueName":"search_term_string"}}],"inLanguage":"de"},{"@type":"Organization","@id":"https:\/\/scootertime.ch\/#organization","name":"Scootertime","url":"https:\/\/scootertime.ch\/","logo":{"@type":"ImageObject","inLanguage":"de","@id":"https:\/\/scootertime.ch\/#\/schema\/logo\/image\/","url":"https:\/\/scootertime.ch\/wp-content\/uploads\/2018\/04\/cropped-testata-fondo-nero.jpg","contentUrl":"https:\/\/scootertime.ch\/wp-content\/uploads\/2018\/04\/cropped-testata-fondo-nero.jpg","width":280,"height":90,"caption":"Scootertime"},"image":{"@id":"https:\/\/scootertime.ch\/#\/schema\/logo\/image\/"}},{"@type":"Person","@id":"https:\/\/scootertime.ch\/#\/schema\/person\/7b982e4db7ec822a53954bf2b0df2537","name":"Red. SCT","image":{"@type":"ImageObject","inLanguage":"de","@id":"https:\/\/secure.gravatar.com\/avatar\/919071c8ee7b6d7474a8e74a8fb9c3b6d7b4606b6d24134ae156375f0b34bc19?s=96&d=mm&r=g","url":"https:\/\/secure.gravatar.com\/avatar\/919071c8ee7b6d7474a8e74a8fb9c3b6d7b4606b6d24134ae156375f0b34bc19?s=96&d=mm&r=g","contentUrl":"https:\/\/secure.gravatar.com\/avatar\/919071c8ee7b6d7474a8e74a8fb9c3b6d7b4606b6d24134ae156375f0b34bc19?s=96&d=mm&r=g","caption":"Red. SCT"},"url":"https:\/\/scootertime.ch\/de\/author\/admin\/"}]}},"_links":{"self":[{"href":"https:\/\/scootertime.ch\/de\/wp-json\/wp\/v2\/posts\/7916","targetHints":{"allow":["GET"]}}],"collection":[{"href":"https:\/\/scootertime.ch\/de\/wp-json\/wp\/v2\/posts"}],"about":[{"href":"https:\/\/scootertime.ch\/de\/wp-json\/wp\/v2\/types\/post"}],"author":[{"embeddable":true,"href":"https:\/\/scootertime.ch\/de\/wp-json\/wp\/v2\/users\/1"}],"replies":[{"embeddable":true,"href":"https:\/\/scootertime.ch\/de\/wp-json\/wp\/v2\/comments?post=7916"}],"version-history":[{"count":2,"href":"https:\/\/scootertime.ch\/de\/wp-json\/wp\/v2\/posts\/7916\/revisions"}],"predecessor-version":[{"id":7924,"href":"https:\/\/scootertime.ch\/de\/wp-json\/wp\/v2\/posts\/7916\/revisions\/7924"}],"wp:featuredmedia":[{"embeddable":true,"href":"https:\/\/scootertime.ch\/de\/wp-json\/wp\/v2\/media\/7909"}],"wp:attachment":[{"href":"https:\/\/scootertime.ch\/de\/wp-json\/wp\/v2\/media?parent=7916"}],"wp:term":[{"taxonomy":"category","embeddable":true,"href":"https:\/\/scootertime.ch\/de\/wp-json\/wp\/v2\/categories?post=7916"},{"taxonomy":"post_tag","embeddable":true,"href":"https:\/\/scootertime.ch\/de\/wp-json\/wp\/v2\/tags?post=7916"}],"curies":[{"name":"wp","href":"https:\/\/api.w.org\/{rel}","templated":true}]}}