{"id":7968,"date":"2022-09-12T12:28:33","date_gmt":"2022-09-12T12:28:33","guid":{"rendered":"http:\/\/scootertime.ch\/?p=7968"},"modified":"2022-09-12T12:28:35","modified_gmt":"2022-09-12T12:28:35","slug":"passione-vespa-in-der-autostadt","status":"publish","type":"post","link":"https:\/\/scootertime.ch\/de\/passione-vespa-in-der-autostadt\/","title":{"rendered":"Passione Vespa in der Autostadt"},"content":{"rendered":"\n<h4 class=\"wp-block-heading\"> IN DER WOLFSBURGER AUTOSTADT GING ES EINMAL NICHT UM DAS AUTOMOBIL, SONDERN UM ZWEIR\u00c4DER \u2013 <\/h4>\n\n\n\n<figure class=\"wp-block-image size-large\"><img loading=\"lazy\" decoding=\"async\" width=\"512\" height=\"768\" src=\"https:\/\/scootertime.ch\/wp-content\/uploads\/2022\/09\/ampnet_photo_20220909_214001.jpg\" alt=\"Vespatreffen in der Autostadt. ampnet_photo\" class=\"wp-image-7981\" srcset=\"https:\/\/scootertime.ch\/wp-content\/uploads\/2022\/09\/ampnet_photo_20220909_214001.jpg 512w, https:\/\/scootertime.ch\/wp-content\/uploads\/2022\/09\/ampnet_photo_20220909_214001-200x300.jpg 200w\" sizes=\"auto, (max-width: 512px) 100vw, 512px\" \/><figcaption><em>Vespatreffen in der Autostadt. ampnet_photo<\/em><\/figcaption><\/figure>\n\n\n\n<p>Unter dem Motto \u201eVespa meets Autostadt\u201c lud der \u201ePassione Vespa Club Wolfsburg\u201c zu einem Mitgliedertreffen am \u201eMondo Italiano\u201c. Der Name der Bar am Mittellandkanal bedeutet auf Deutsch \u201eItalienische Welt\u201c und ein wenig f\u00fchlten sich die Besucher dorthin versetzt. Zuschauer und Presse konnten rund 90 der italienischen Kult-Motorroller bestaunen. Schon beim Schlendern entlang des Mittellandkanals war das charakteristische Knattern der vielen Vespa zu h\u00f6ren.<\/p>\n<figure id=\"attachment_7978\" aria-describedby=\"caption-attachment-7978\" style=\"width: 1014px\" class=\"wp-caption aligncenter\"><a href=\"http:\/\/scootertime.ch\/de\/passione-vespa-in-der-autostadt\/vespatreffen-in-der-autostadt-4\/\" rel=\"attachment wp-att-7978\"><img loading=\"lazy\" decoding=\"async\" class=\"size-full wp-image-7978\" src=\"https:\/\/scootertime.ch\/wp-content\/uploads\/2022\/09\/ampnet_photo_20220909_213999.jpg\" alt=\"Vespatreffen in der Autostadt. ampnet_photo\" width=\"1024\" height=\"683\" srcset=\"https:\/\/scootertime.ch\/wp-content\/uploads\/2022\/09\/ampnet_photo_20220909_213999.jpg 1024w, https:\/\/scootertime.ch\/wp-content\/uploads\/2022\/09\/ampnet_photo_20220909_213999-300x200.jpg 300w, https:\/\/scootertime.ch\/wp-content\/uploads\/2022\/09\/ampnet_photo_20220909_213999-768x512.jpg 768w, https:\/\/scootertime.ch\/wp-content\/uploads\/2022\/09\/ampnet_photo_20220909_213999-435x290.jpg 435w, https:\/\/scootertime.ch\/wp-content\/uploads\/2022\/09\/ampnet_photo_20220909_213999-150x100.jpg 150w, https:\/\/scootertime.ch\/wp-content\/uploads\/2022\/09\/ampnet_photo_20220909_213999-370x247.jpg 370w\" sizes=\"auto, (max-width: 1024px) 100vw, 1024px\" \/><\/a><figcaption id=\"caption-attachment-7978\" class=\"wp-caption-text\"><em>Vespatreffen in der Autostadt. ampnet_photo<\/em><\/figcaption><\/figure>\n<p><strong>Die Geschichte<\/strong> der Gastarbeiter in Deutschland ist eng mit der Geschichte des mediterranen Traditionsgef\u00e4hrts verbunden. F\u00fcr die Italiener unter ihnen und deren Nachkommen ist die Vespa das, was der VW K\u00e4fer f\u00fcr die Wolfsburger ist. Sie war Mittel der Massenmotorisierung und dr\u00fcckt Fernweh sowie gleichzeitig Leidenschaft zum Heimatland aus. Im Jahr 1946 entwarf die toskanische Firma Piaggio mit dem Modell 98 ihr erstes motorisiertes Zweirad. Der Siegeszug der italienischen Roller-Ikone in Westdeutschland lie\u00df nicht lange auf sich warten. In den Jahren des Wiederaufbaues bot die \u201eWespe\u201c Freiheit und Mobilit\u00e4t zu erschwinglichen Preisen. Besonders f\u00fcr die Gastarbeiter bot die Vespa ein Gef\u00fchl von Heimat in der Fremde.<\/p>\n<figure id=\"attachment_7975\" aria-describedby=\"caption-attachment-7975\" style=\"width: 502px\" class=\"wp-caption aligncenter\"><a href=\"http:\/\/scootertime.ch\/de\/passione-vespa-in-der-autostadt\/vespatreffen-in-der-autostadt-3\/\" rel=\"attachment wp-att-7975\"><img loading=\"lazy\" decoding=\"async\" class=\"size-full wp-image-7975\" src=\"https:\/\/scootertime.ch\/wp-content\/uploads\/2022\/09\/ampnet_photo_20220909_213998.jpg\" alt=\"Vespatreffen in der Autostadt. ampnet_photo\" width=\"512\" height=\"768\" srcset=\"https:\/\/scootertime.ch\/wp-content\/uploads\/2022\/09\/ampnet_photo_20220909_213998.jpg 512w, https:\/\/scootertime.ch\/wp-content\/uploads\/2022\/09\/ampnet_photo_20220909_213998-200x300.jpg 200w\" sizes=\"auto, (max-width: 512px) 100vw, 512px\" \/><\/a><figcaption id=\"caption-attachment-7975\" class=\"wp-caption-text\"><em>Vespatreffen in der Autostadt. ampnet_photo<\/em><\/figcaption><\/figure>\n<p><strong>Die Zukunft der Mobilit\u00e4t<\/strong> geht auch an der traditionsreichen Marke aus Italien nicht spurlos vorbei. Einer besonders aufsehenerregenden Maschine sah man ihre Einzigartigkeit gar nicht an, doch sie war zu h\u00f6ren \u2013 oder besser gesagt nicht zu h\u00f6ren. Der Elektroingenieur und begeisterte Schrauber Gunnar Austermann stattete seine Vespa V 50 N aus dem Jahr 1967 mit einem Elektromotor aus. Den 1,6-PS-Verbrennungsmotor des Kultrollers ersetzte der eigentlich begeisterte Zweitaktfan durch ein vier kW starkes E-Aggregat. Zuvor hatte der 44-J\u00e4hrige in seinem Leben bereits mehr als 20 Vespa komplett restauriert. \u201eDie anderen wollen mich daf\u00fcr steinigen\u201c, merkte Austermann scherzhaft an, denn in der Vespa-Community sei nur der Zweitakter die richtige Maschine.<\/p>\n<figure id=\"attachment_7972\" aria-describedby=\"caption-attachment-7972\" style=\"width: 502px\" class=\"wp-caption aligncenter\"><a href=\"http:\/\/scootertime.ch\/de\/passione-vespa-in-der-autostadt\/vespatreffen-in-der-autostadt-2\/\" rel=\"attachment wp-att-7972\"><img loading=\"lazy\" decoding=\"async\" class=\"size-full wp-image-7972\" src=\"https:\/\/scootertime.ch\/wp-content\/uploads\/2022\/09\/ampnet_photo_20220909_213997.jpg\" alt=\"Vespatreffen in der Autostadt. ampnet_photo\" width=\"512\" height=\"768\" srcset=\"https:\/\/scootertime.ch\/wp-content\/uploads\/2022\/09\/ampnet_photo_20220909_213997.jpg 512w, https:\/\/scootertime.ch\/wp-content\/uploads\/2022\/09\/ampnet_photo_20220909_213997-200x300.jpg 200w\" sizes=\"auto, (max-width: 512px) 100vw, 512px\" \/><\/a><figcaption id=\"caption-attachment-7972\" class=\"wp-caption-text\"><em>Vespatreffen in der Autostadt. ampnet_photo<\/em><\/figcaption><\/figure>\n<p><strong>Weitere Exemplare<\/strong> ragten aus den Reihen ihrer Schwestermodelle heraus. Ein Vespa-Fan hat seinen Zweitakter mit der historischen und besonders im Rennsport beliebten \u201eGulf Oil\u201c-Lackierung ausgestattet. Ein weiteres Highlight der Veranstaltung war eine Kinder-Vespa. Das Unikat geh\u00f6rt dem Motorroller-Club der Braunschweiger Blechl\u00f6wen und f\u00fchrt den Nachwuchs an die Gemeinschaft der Zweitaktenthusiasten heran.<\/p>\n<p><strong>Im Laufe des Abends<\/strong> wich das italienische Flair den grauen Wolken, als auch die hartgesottensten Vespisti die Heimreise antraten, um dem drohenden Unwetter zuvorzukommen.<\/p>\n<figure id=\"attachment_7969\" aria-describedby=\"caption-attachment-7969\" style=\"width: 1014px\" class=\"wp-caption aligncenter\"><a href=\"http:\/\/scootertime.ch\/de\/passione-vespa-in-der-autostadt\/vespatreffen-in-der-autostadt\/\" rel=\"attachment wp-att-7969\"><img loading=\"lazy\" decoding=\"async\" class=\"size-full wp-image-7969\" src=\"https:\/\/scootertime.ch\/wp-content\/uploads\/2022\/09\/ampnet_photo_20220909_213996.jpg\" alt=\"Vespatreffen in der Autostadt. ampnet_photo\" width=\"1024\" height=\"683\" srcset=\"https:\/\/scootertime.ch\/wp-content\/uploads\/2022\/09\/ampnet_photo_20220909_213996.jpg 1024w, https:\/\/scootertime.ch\/wp-content\/uploads\/2022\/09\/ampnet_photo_20220909_213996-300x200.jpg 300w, https:\/\/scootertime.ch\/wp-content\/uploads\/2022\/09\/ampnet_photo_20220909_213996-768x512.jpg 768w, https:\/\/scootertime.ch\/wp-content\/uploads\/2022\/09\/ampnet_photo_20220909_213996-435x290.jpg 435w, https:\/\/scootertime.ch\/wp-content\/uploads\/2022\/09\/ampnet_photo_20220909_213996-150x100.jpg 150w, https:\/\/scootertime.ch\/wp-content\/uploads\/2022\/09\/ampnet_photo_20220909_213996-370x247.jpg 370w\" sizes=\"auto, (max-width: 1024px) 100vw, 1024px\" \/><\/a><figcaption id=\"caption-attachment-7969\" class=\"wp-caption-text\"><em>Vespatreffen in der Autostadt. ampnet_photo<\/em><\/figcaption><\/figure>\n<p><strong>Das Besondere an der Vespa<\/strong> sei die Einzigartigkeit und die Individualit\u00e4t, die jeder Maschine durch den Charakter ihres Besitzers verliehen wird. Und trotzdem bedeute die italienische Ikone Gemeinschaft und Verbundenheit der Vespisti, fasste Francesco Falsone seine Leidenschaft zusammen. Er hatte als Vorsitzender des 170 Mitglieder starken und damit gr\u00f6\u00dften Vespa-Vereins Deutschlands das Treffen organisiert. (aum\/ls)<\/p>\n","protected":false},"excerpt":{"rendered":"<p>IN DER WOLFSBURGER AUTOSTADT GING ES EINMAL NICHT UM DAS AUTOMOBIL, SONDERN\u2026<\/p>\n","protected":false},"author":1,"featured_media":7984,"comment_status":"open","ping_status":"open","sticky":false,"template":"","format":"standard","meta":{"footnotes":""},"categories":[27],"tags":[],"class_list":["post-7968","post","type-post","status-publish","format-standard","has-post-thumbnail","hentry","category-news-de"],"yoast_head":"<!-- This site is optimized with the Yoast SEO plugin v27.4 - https:\/\/yoast.com\/product\/yoast-seo-wordpress\/ -->\n<title>Passione Vespa in der Autostadt - Scootertime<\/title>\n<meta name=\"robots\" content=\"index, follow, max-snippet:-1, max-image-preview:large, max-video-preview:-1\" \/>\n<link rel=\"canonical\" href=\"https:\/\/scootertime.ch\/de\/passione-vespa-in-der-autostadt\/\" \/>\n<meta property=\"og:locale\" content=\"de_DE\" \/>\n<meta property=\"og:type\" content=\"article\" \/>\n<meta property=\"og:title\" content=\"Passione Vespa in der Autostadt - Scootertime\" \/>\n<meta property=\"og:description\" content=\"IN DER WOLFSBURGER AUTOSTADT GING ES EINMAL NICHT UM DAS AUTOMOBIL, SONDERN\u2026\" \/>\n<meta property=\"og:url\" content=\"https:\/\/scootertime.ch\/de\/passione-vespa-in-der-autostadt\/\" \/>\n<meta property=\"og:site_name\" content=\"Scootertime\" \/>\n<meta property=\"article:published_time\" content=\"2022-09-12T12:28:33+00:00\" \/>\n<meta property=\"article:modified_time\" content=\"2022-09-12T12:28:35+00:00\" \/>\n<meta property=\"og:image\" content=\"https:\/\/scootertime.ch\/wp-content\/uploads\/2022\/09\/ampnet_photo_20220909_214002.jpg\" \/>\n\t<meta property=\"og:image:width\" content=\"1024\" \/>\n\t<meta property=\"og:image:height\" content=\"683\" \/>\n\t<meta property=\"og:image:type\" content=\"image\/jpeg\" \/>\n<meta name=\"author\" content=\"Red. SCT\" \/>\n<meta name=\"twitter:card\" content=\"summary_large_image\" \/>\n<meta name=\"twitter:label1\" content=\"Verfasst von\" \/>\n\t<meta name=\"twitter:data1\" content=\"Red. SCT\" \/>\n\t<meta name=\"twitter:label2\" content=\"Gesch\u00e4tzte Lesezeit\" \/>\n\t<meta name=\"twitter:data2\" content=\"2\u00a0Minuten\" \/>\n<script type=\"application\/ld+json\" class=\"yoast-schema-graph\">{\"@context\":\"https:\\\/\\\/schema.org\",\"@graph\":[{\"@type\":\"Article\",\"@id\":\"https:\\\/\\\/scootertime.ch\\\/de\\\/passione-vespa-in-der-autostadt\\\/#article\",\"isPartOf\":{\"@id\":\"https:\\\/\\\/scootertime.ch\\\/de\\\/passione-vespa-in-der-autostadt\\\/\"},\"author\":{\"name\":\"Red. SCT\",\"@id\":\"https:\\\/\\\/scootertime.ch\\\/#\\\/schema\\\/person\\\/7b982e4db7ec822a53954bf2b0df2537\"},\"headline\":\"Passione Vespa in der Autostadt\",\"datePublished\":\"2022-09-12T12:28:33+00:00\",\"dateModified\":\"2022-09-12T12:28:35+00:00\",\"mainEntityOfPage\":{\"@id\":\"https:\\\/\\\/scootertime.ch\\\/de\\\/passione-vespa-in-der-autostadt\\\/\"},\"wordCount\":500,\"commentCount\":0,\"publisher\":{\"@id\":\"https:\\\/\\\/scootertime.ch\\\/#organization\"},\"image\":{\"@id\":\"https:\\\/\\\/scootertime.ch\\\/de\\\/passione-vespa-in-der-autostadt\\\/#primaryimage\"},\"thumbnailUrl\":\"https:\\\/\\\/scootertime.ch\\\/wp-content\\\/uploads\\\/2022\\\/09\\\/ampnet_photo_20220909_214002.jpg\",\"articleSection\":[\"News\"],\"inLanguage\":\"de\"},{\"@type\":\"WebPage\",\"@id\":\"https:\\\/\\\/scootertime.ch\\\/de\\\/passione-vespa-in-der-autostadt\\\/\",\"url\":\"https:\\\/\\\/scootertime.ch\\\/de\\\/passione-vespa-in-der-autostadt\\\/\",\"name\":\"Passione Vespa in der Autostadt - Scootertime\",\"isPartOf\":{\"@id\":\"https:\\\/\\\/scootertime.ch\\\/#website\"},\"primaryImageOfPage\":{\"@id\":\"https:\\\/\\\/scootertime.ch\\\/de\\\/passione-vespa-in-der-autostadt\\\/#primaryimage\"},\"image\":{\"@id\":\"https:\\\/\\\/scootertime.ch\\\/de\\\/passione-vespa-in-der-autostadt\\\/#primaryimage\"},\"thumbnailUrl\":\"https:\\\/\\\/scootertime.ch\\\/wp-content\\\/uploads\\\/2022\\\/09\\\/ampnet_photo_20220909_214002.jpg\",\"datePublished\":\"2022-09-12T12:28:33+00:00\",\"dateModified\":\"2022-09-12T12:28:35+00:00\",\"breadcrumb\":{\"@id\":\"https:\\\/\\\/scootertime.ch\\\/de\\\/passione-vespa-in-der-autostadt\\\/#breadcrumb\"},\"inLanguage\":\"de\",\"potentialAction\":[{\"@type\":\"ReadAction\",\"target\":[\"https:\\\/\\\/scootertime.ch\\\/de\\\/passione-vespa-in-der-autostadt\\\/\"]}]},{\"@type\":\"ImageObject\",\"inLanguage\":\"de\",\"@id\":\"https:\\\/\\\/scootertime.ch\\\/de\\\/passione-vespa-in-der-autostadt\\\/#primaryimage\",\"url\":\"https:\\\/\\\/scootertime.ch\\\/wp-content\\\/uploads\\\/2022\\\/09\\\/ampnet_photo_20220909_214002.jpg\",\"contentUrl\":\"https:\\\/\\\/scootertime.ch\\\/wp-content\\\/uploads\\\/2022\\\/09\\\/ampnet_photo_20220909_214002.jpg\",\"width\":1024,\"height\":683,\"caption\":\"Vespatreffen in der Autostadt. ampnet_photo\"},{\"@type\":\"BreadcrumbList\",\"@id\":\"https:\\\/\\\/scootertime.ch\\\/de\\\/passione-vespa-in-der-autostadt\\\/#breadcrumb\",\"itemListElement\":[{\"@type\":\"ListItem\",\"position\":1,\"name\":\"Home\",\"item\":\"https:\\\/\\\/scootertime.ch\\\/de\\\/\"},{\"@type\":\"ListItem\",\"position\":2,\"name\":\"Passione Vespa in der Autostadt\"}]},{\"@type\":\"WebSite\",\"@id\":\"https:\\\/\\\/scootertime.ch\\\/#website\",\"url\":\"https:\\\/\\\/scootertime.ch\\\/\",\"name\":\"Scootertime\",\"description\":\"Das erste Schweizer Rollermagazin\",\"publisher\":{\"@id\":\"https:\\\/\\\/scootertime.ch\\\/#organization\"},\"potentialAction\":[{\"@type\":\"SearchAction\",\"target\":{\"@type\":\"EntryPoint\",\"urlTemplate\":\"https:\\\/\\\/scootertime.ch\\\/?s={search_term_string}\"},\"query-input\":{\"@type\":\"PropertyValueSpecification\",\"valueRequired\":true,\"valueName\":\"search_term_string\"}}],\"inLanguage\":\"de\"},{\"@type\":\"Organization\",\"@id\":\"https:\\\/\\\/scootertime.ch\\\/#organization\",\"name\":\"Scootertime\",\"url\":\"https:\\\/\\\/scootertime.ch\\\/\",\"logo\":{\"@type\":\"ImageObject\",\"inLanguage\":\"de\",\"@id\":\"https:\\\/\\\/scootertime.ch\\\/#\\\/schema\\\/logo\\\/image\\\/\",\"url\":\"https:\\\/\\\/scootertime.ch\\\/wp-content\\\/uploads\\\/2018\\\/04\\\/cropped-testata-fondo-nero.jpg\",\"contentUrl\":\"https:\\\/\\\/scootertime.ch\\\/wp-content\\\/uploads\\\/2018\\\/04\\\/cropped-testata-fondo-nero.jpg\",\"width\":280,\"height\":90,\"caption\":\"Scootertime\"},\"image\":{\"@id\":\"https:\\\/\\\/scootertime.ch\\\/#\\\/schema\\\/logo\\\/image\\\/\"}},{\"@type\":\"Person\",\"@id\":\"https:\\\/\\\/scootertime.ch\\\/#\\\/schema\\\/person\\\/7b982e4db7ec822a53954bf2b0df2537\",\"name\":\"Red. SCT\",\"image\":{\"@type\":\"ImageObject\",\"inLanguage\":\"de\",\"@id\":\"https:\\\/\\\/secure.gravatar.com\\\/avatar\\\/919071c8ee7b6d7474a8e74a8fb9c3b6d7b4606b6d24134ae156375f0b34bc19?s=96&d=mm&r=g\",\"url\":\"https:\\\/\\\/secure.gravatar.com\\\/avatar\\\/919071c8ee7b6d7474a8e74a8fb9c3b6d7b4606b6d24134ae156375f0b34bc19?s=96&d=mm&r=g\",\"contentUrl\":\"https:\\\/\\\/secure.gravatar.com\\\/avatar\\\/919071c8ee7b6d7474a8e74a8fb9c3b6d7b4606b6d24134ae156375f0b34bc19?s=96&d=mm&r=g\",\"caption\":\"Red. SCT\"},\"url\":\"https:\\\/\\\/scootertime.ch\\\/de\\\/author\\\/admin\\\/\"}]}<\/script>\n<!-- \/ Yoast SEO plugin. -->","yoast_head_json":{"title":"Passione Vespa in der Autostadt - Scootertime","robots":{"index":"index","follow":"follow","max-snippet":"max-snippet:-1","max-image-preview":"max-image-preview:large","max-video-preview":"max-video-preview:-1"},"canonical":"https:\/\/scootertime.ch\/de\/passione-vespa-in-der-autostadt\/","og_locale":"de_DE","og_type":"article","og_title":"Passione Vespa in der Autostadt - Scootertime","og_description":"IN DER WOLFSBURGER AUTOSTADT GING ES EINMAL NICHT UM DAS AUTOMOBIL, SONDERN\u2026","og_url":"https:\/\/scootertime.ch\/de\/passione-vespa-in-der-autostadt\/","og_site_name":"Scootertime","article_published_time":"2022-09-12T12:28:33+00:00","article_modified_time":"2022-09-12T12:28:35+00:00","og_image":[{"width":1024,"height":683,"url":"https:\/\/scootertime.ch\/wp-content\/uploads\/2022\/09\/ampnet_photo_20220909_214002.jpg","type":"image\/jpeg"}],"author":"Red. SCT","twitter_card":"summary_large_image","twitter_misc":{"Verfasst von":"Red. SCT","Gesch\u00e4tzte Lesezeit":"2\u00a0Minuten"},"schema":{"@context":"https:\/\/schema.org","@graph":[{"@type":"Article","@id":"https:\/\/scootertime.ch\/de\/passione-vespa-in-der-autostadt\/#article","isPartOf":{"@id":"https:\/\/scootertime.ch\/de\/passione-vespa-in-der-autostadt\/"},"author":{"name":"Red. SCT","@id":"https:\/\/scootertime.ch\/#\/schema\/person\/7b982e4db7ec822a53954bf2b0df2537"},"headline":"Passione Vespa in der Autostadt","datePublished":"2022-09-12T12:28:33+00:00","dateModified":"2022-09-12T12:28:35+00:00","mainEntityOfPage":{"@id":"https:\/\/scootertime.ch\/de\/passione-vespa-in-der-autostadt\/"},"wordCount":500,"commentCount":0,"publisher":{"@id":"https:\/\/scootertime.ch\/#organization"},"image":{"@id":"https:\/\/scootertime.ch\/de\/passione-vespa-in-der-autostadt\/#primaryimage"},"thumbnailUrl":"https:\/\/scootertime.ch\/wp-content\/uploads\/2022\/09\/ampnet_photo_20220909_214002.jpg","articleSection":["News"],"inLanguage":"de"},{"@type":"WebPage","@id":"https:\/\/scootertime.ch\/de\/passione-vespa-in-der-autostadt\/","url":"https:\/\/scootertime.ch\/de\/passione-vespa-in-der-autostadt\/","name":"Passione Vespa in der Autostadt - Scootertime","isPartOf":{"@id":"https:\/\/scootertime.ch\/#website"},"primaryImageOfPage":{"@id":"https:\/\/scootertime.ch\/de\/passione-vespa-in-der-autostadt\/#primaryimage"},"image":{"@id":"https:\/\/scootertime.ch\/de\/passione-vespa-in-der-autostadt\/#primaryimage"},"thumbnailUrl":"https:\/\/scootertime.ch\/wp-content\/uploads\/2022\/09\/ampnet_photo_20220909_214002.jpg","datePublished":"2022-09-12T12:28:33+00:00","dateModified":"2022-09-12T12:28:35+00:00","breadcrumb":{"@id":"https:\/\/scootertime.ch\/de\/passione-vespa-in-der-autostadt\/#breadcrumb"},"inLanguage":"de","potentialAction":[{"@type":"ReadAction","target":["https:\/\/scootertime.ch\/de\/passione-vespa-in-der-autostadt\/"]}]},{"@type":"ImageObject","inLanguage":"de","@id":"https:\/\/scootertime.ch\/de\/passione-vespa-in-der-autostadt\/#primaryimage","url":"https:\/\/scootertime.ch\/wp-content\/uploads\/2022\/09\/ampnet_photo_20220909_214002.jpg","contentUrl":"https:\/\/scootertime.ch\/wp-content\/uploads\/2022\/09\/ampnet_photo_20220909_214002.jpg","width":1024,"height":683,"caption":"Vespatreffen in der Autostadt. ampnet_photo"},{"@type":"BreadcrumbList","@id":"https:\/\/scootertime.ch\/de\/passione-vespa-in-der-autostadt\/#breadcrumb","itemListElement":[{"@type":"ListItem","position":1,"name":"Home","item":"https:\/\/scootertime.ch\/de\/"},{"@type":"ListItem","position":2,"name":"Passione Vespa in der Autostadt"}]},{"@type":"WebSite","@id":"https:\/\/scootertime.ch\/#website","url":"https:\/\/scootertime.ch\/","name":"Scootertime","description":"Das erste Schweizer Rollermagazin","publisher":{"@id":"https:\/\/scootertime.ch\/#organization"},"potentialAction":[{"@type":"SearchAction","target":{"@type":"EntryPoint","urlTemplate":"https:\/\/scootertime.ch\/?s={search_term_string}"},"query-input":{"@type":"PropertyValueSpecification","valueRequired":true,"valueName":"search_term_string"}}],"inLanguage":"de"},{"@type":"Organization","@id":"https:\/\/scootertime.ch\/#organization","name":"Scootertime","url":"https:\/\/scootertime.ch\/","logo":{"@type":"ImageObject","inLanguage":"de","@id":"https:\/\/scootertime.ch\/#\/schema\/logo\/image\/","url":"https:\/\/scootertime.ch\/wp-content\/uploads\/2018\/04\/cropped-testata-fondo-nero.jpg","contentUrl":"https:\/\/scootertime.ch\/wp-content\/uploads\/2018\/04\/cropped-testata-fondo-nero.jpg","width":280,"height":90,"caption":"Scootertime"},"image":{"@id":"https:\/\/scootertime.ch\/#\/schema\/logo\/image\/"}},{"@type":"Person","@id":"https:\/\/scootertime.ch\/#\/schema\/person\/7b982e4db7ec822a53954bf2b0df2537","name":"Red. SCT","image":{"@type":"ImageObject","inLanguage":"de","@id":"https:\/\/secure.gravatar.com\/avatar\/919071c8ee7b6d7474a8e74a8fb9c3b6d7b4606b6d24134ae156375f0b34bc19?s=96&d=mm&r=g","url":"https:\/\/secure.gravatar.com\/avatar\/919071c8ee7b6d7474a8e74a8fb9c3b6d7b4606b6d24134ae156375f0b34bc19?s=96&d=mm&r=g","contentUrl":"https:\/\/secure.gravatar.com\/avatar\/919071c8ee7b6d7474a8e74a8fb9c3b6d7b4606b6d24134ae156375f0b34bc19?s=96&d=mm&r=g","caption":"Red. SCT"},"url":"https:\/\/scootertime.ch\/de\/author\/admin\/"}]}},"_links":{"self":[{"href":"https:\/\/scootertime.ch\/de\/wp-json\/wp\/v2\/posts\/7968","targetHints":{"allow":["GET"]}}],"collection":[{"href":"https:\/\/scootertime.ch\/de\/wp-json\/wp\/v2\/posts"}],"about":[{"href":"https:\/\/scootertime.ch\/de\/wp-json\/wp\/v2\/types\/post"}],"author":[{"embeddable":true,"href":"https:\/\/scootertime.ch\/de\/wp-json\/wp\/v2\/users\/1"}],"replies":[{"embeddable":true,"href":"https:\/\/scootertime.ch\/de\/wp-json\/wp\/v2\/comments?post=7968"}],"version-history":[{"count":2,"href":"https:\/\/scootertime.ch\/de\/wp-json\/wp\/v2\/posts\/7968\/revisions"}],"predecessor-version":[{"id":7988,"href":"https:\/\/scootertime.ch\/de\/wp-json\/wp\/v2\/posts\/7968\/revisions\/7988"}],"wp:featuredmedia":[{"embeddable":true,"href":"https:\/\/scootertime.ch\/de\/wp-json\/wp\/v2\/media\/7984"}],"wp:attachment":[{"href":"https:\/\/scootertime.ch\/de\/wp-json\/wp\/v2\/media?parent=7968"}],"wp:term":[{"taxonomy":"category","embeddable":true,"href":"https:\/\/scootertime.ch\/de\/wp-json\/wp\/v2\/categories?post=7968"},{"taxonomy":"post_tag","embeddable":true,"href":"https:\/\/scootertime.ch\/de\/wp-json\/wp\/v2\/tags?post=7968"}],"curies":[{"name":"wp","href":"https:\/\/api.w.org\/{rel}","templated":true}]}}