{"id":8065,"date":"2022-09-29T18:02:42","date_gmt":"2022-09-29T18:02:42","guid":{"rendered":"http:\/\/scootertime.ch\/?p=8065"},"modified":"2022-09-29T18:02:43","modified_gmt":"2022-09-29T18:02:43","slug":"der-groesste-zweirad-event-der-schweiz","status":"publish","type":"post","link":"https:\/\/scootertime.ch\/de\/der-groesste-zweirad-event-der-schweiz\/","title":{"rendered":"Der gr\u00f6sste Zweirad-Event der Schweiz"},"content":{"rendered":"\n<h4 class=\"wp-block-heading\"> DAS MOTOFESTIVAL, DIE NEUE NATIONALE T\u00d6FF-LEITVERANSTALTUNG VOM 23. BIS 26. FEBRUAR 2023 IN DEN HALLEN DER BERNEXPO, WIRD DER GR\u00d6SSTE ZWEIRAD-EVENT DER SCHWEIZ WERDEN &#8211; HOCHKAR\u00c4TIGE KONZERTE MIT GOTTHARD, DER SCHWEIZER KULTBAND NUMMER 1 &#8211;  <\/h4>\n\n\n\n<p><em>Bern, 29. September 2022 &#8211;<\/em> Im Zentrum stehen das aktuelle Motorrad-, Roller- und Zubeh\u00f6rprogramm, jede Menge Action, beste Unterhaltung und hochkar\u00e4tige Konzerte mit Gotthard, der Schweizer Kultband Nummer 1, als Top-Act.<\/p>\n<p>Alle Aktivit\u00e4ten indoor Nach zwei Jahren unfreiwilliger Corona-Pause ist es bald soweit: Das motofestival, die neue, nationale T\u00f6ff-Leitveranstaltung, wird das Schweizer Motorradvolk vom 23. bis 26. Februar 2023 in den Hallen der BERNEXPO in seinen Bann ziehen. Das motofestival wird gleichzeitig der Startschuss in die neue T\u00f6ff-Saison sein. Dank der grossz\u00fcgigen Ausstellungshallen k\u00f6nnen s\u00e4mtliche Aktivit\u00e4ten indoor durchgef\u00fchrt werden, das motofestival ist also wetterunabh\u00e4ngig.<\/p>\n<p><strong>Benziner und Stromer<\/strong><\/p>\n<p>Das motofestival wird eine umfassende Pr\u00e4sentation des aktuellen Motorrad-, Roller- und\u00a0Zubeh\u00f6rangebots in der Schweiz bieten, inklusive aller Neuheiten f\u00fcr 2023. Neben den\u00a0klassischen, benzingetriebenen Motorr\u00e4dern in diversen Segmenten werden auch\u00a0strombetriebene Zweir\u00e4der f\u00fcr den vorwiegenden Einsatz in Stadt und Agglomeration zu sehen\u00a0sein.<\/p>\n<p><strong>Viel Action, diverse Sondershows, Customizing<\/strong><\/p>\n<p>Das Rahmenprogramm ist breit gef\u00e4chert: Freestyle Jump Show, Freestyle Street-Bike Show, Trial Show, Sondershow Schweizer Motorradbauer, Sondershow legend\u00e4re Motorr\u00e4der aus verschiedenen Epochen als Timeline, Vintage Racing, Europacup der Zweiradberufe mit Teilnehmenden aus acht Nationen. Nat\u00fcrlich wird auch die Customizing-Szene mit diversen \u00abEyecatchern\u00bb am motofestival vertreten sein. Ein Highlight wird am Samstagabend das Konzert von Gotthard, der absoluten Kultband Nummer 1 der Schweiz, werden. Ein breit gef\u00e4chertes Foodfestival mit rund 15 St\u00e4nden und einer hochwertigen kulinarischen Vielfalt wird f\u00fcr das leibliche Wohl der Besucherinnen und Besucher sorgen.<\/p>\n<p><strong>Kombi-Tickets f\u00fcr motofestival und Gotthard-Konzert <\/strong><\/p>\n<p>Der Ticketverkauf sowohl f\u00fcr das motofestival als auch f\u00fcr das Gotthard-Konzert am Samstag, 25. Februar 2023, ist bereits er\u00f6ffnet. Ausstellungs-Besucherinnen und -Besucher erhalten eine Verg\u00fcnstigung beim Kauf eines kombinierten Tickets f\u00fcr Ausstellung und Konzert. Die Tickets gibt es direkt im Ticketshop auf www.motofestival.ch.<\/p>\n","protected":false},"excerpt":{"rendered":"<p>DAS MOTOFESTIVAL, DIE NEUE NATIONALE T\u00d6FF-LEITVERANSTALTUNG VOM 23. BIS 26. FEBRUAR 2023\u2026<\/p>\n","protected":false},"author":1,"featured_media":6371,"comment_status":"open","ping_status":"open","sticky":false,"template":"","format":"standard","meta":{"footnotes":""},"categories":[27],"tags":[],"class_list":["post-8065","post","type-post","status-publish","format-standard","has-post-thumbnail","hentry","category-news-de"],"yoast_head":"<!-- This site is optimized with the Yoast SEO plugin v27.4 - https:\/\/yoast.com\/product\/yoast-seo-wordpress\/ -->\n<title>Der gr\u00f6sste Zweirad-Event der Schweiz - Scootertime<\/title>\n<meta name=\"robots\" content=\"index, follow, max-snippet:-1, max-image-preview:large, max-video-preview:-1\" \/>\n<link rel=\"canonical\" href=\"https:\/\/scootertime.ch\/de\/der-groesste-zweirad-event-der-schweiz\/\" \/>\n<meta property=\"og:locale\" content=\"de_DE\" \/>\n<meta property=\"og:type\" content=\"article\" \/>\n<meta property=\"og:title\" content=\"Der gr\u00f6sste Zweirad-Event der Schweiz - Scootertime\" \/>\n<meta property=\"og:description\" content=\"DAS MOTOFESTIVAL, DIE NEUE NATIONALE T\u00d6FF-LEITVERANSTALTUNG VOM 23. BIS 26. FEBRUAR 2023\u2026\" \/>\n<meta property=\"og:url\" content=\"https:\/\/scootertime.ch\/de\/der-groesste-zweirad-event-der-schweiz\/\" \/>\n<meta property=\"og:site_name\" content=\"Scootertime\" \/>\n<meta property=\"article:published_time\" content=\"2022-09-29T18:02:42+00:00\" \/>\n<meta property=\"article:modified_time\" content=\"2022-09-29T18:02:43+00:00\" \/>\n<meta property=\"og:image\" content=\"https:\/\/scootertime.ch\/wp-content\/uploads\/2021\/07\/BEX_Medienbild_5_WEB-1.jpg\" \/>\n\t<meta property=\"og:image:width\" content=\"567\" \/>\n\t<meta property=\"og:image:height\" content=\"397\" \/>\n\t<meta property=\"og:image:type\" content=\"image\/jpeg\" \/>\n<meta name=\"author\" content=\"Red. SCT\" \/>\n<meta name=\"twitter:card\" content=\"summary_large_image\" \/>\n<meta name=\"twitter:label1\" content=\"Verfasst von\" \/>\n\t<meta name=\"twitter:data1\" content=\"Red. SCT\" \/>\n\t<meta name=\"twitter:label2\" content=\"Gesch\u00e4tzte Lesezeit\" \/>\n\t<meta name=\"twitter:data2\" content=\"2\u00a0Minuten\" \/>\n<script type=\"application\/ld+json\" class=\"yoast-schema-graph\">{\"@context\":\"https:\\\/\\\/schema.org\",\"@graph\":[{\"@type\":\"Article\",\"@id\":\"https:\\\/\\\/scootertime.ch\\\/de\\\/der-groesste-zweirad-event-der-schweiz\\\/#article\",\"isPartOf\":{\"@id\":\"https:\\\/\\\/scootertime.ch\\\/de\\\/der-groesste-zweirad-event-der-schweiz\\\/\"},\"author\":{\"name\":\"Red. SCT\",\"@id\":\"https:\\\/\\\/scootertime.ch\\\/#\\\/schema\\\/person\\\/7b982e4db7ec822a53954bf2b0df2537\"},\"headline\":\"Der gr\u00f6sste Zweirad-Event der Schweiz\",\"datePublished\":\"2022-09-29T18:02:42+00:00\",\"dateModified\":\"2022-09-29T18:02:43+00:00\",\"mainEntityOfPage\":{\"@id\":\"https:\\\/\\\/scootertime.ch\\\/de\\\/der-groesste-zweirad-event-der-schweiz\\\/\"},\"wordCount\":341,\"commentCount\":0,\"publisher\":{\"@id\":\"https:\\\/\\\/scootertime.ch\\\/#organization\"},\"image\":{\"@id\":\"https:\\\/\\\/scootertime.ch\\\/de\\\/der-groesste-zweirad-event-der-schweiz\\\/#primaryimage\"},\"thumbnailUrl\":\"https:\\\/\\\/scootertime.ch\\\/wp-content\\\/uploads\\\/2021\\\/07\\\/BEX_Medienbild_5_WEB-1.jpg\",\"articleSection\":[\"News\"],\"inLanguage\":\"de\"},{\"@type\":\"WebPage\",\"@id\":\"https:\\\/\\\/scootertime.ch\\\/de\\\/der-groesste-zweirad-event-der-schweiz\\\/\",\"url\":\"https:\\\/\\\/scootertime.ch\\\/de\\\/der-groesste-zweirad-event-der-schweiz\\\/\",\"name\":\"Der gr\u00f6sste Zweirad-Event der Schweiz - Scootertime\",\"isPartOf\":{\"@id\":\"https:\\\/\\\/scootertime.ch\\\/#website\"},\"primaryImageOfPage\":{\"@id\":\"https:\\\/\\\/scootertime.ch\\\/de\\\/der-groesste-zweirad-event-der-schweiz\\\/#primaryimage\"},\"image\":{\"@id\":\"https:\\\/\\\/scootertime.ch\\\/de\\\/der-groesste-zweirad-event-der-schweiz\\\/#primaryimage\"},\"thumbnailUrl\":\"https:\\\/\\\/scootertime.ch\\\/wp-content\\\/uploads\\\/2021\\\/07\\\/BEX_Medienbild_5_WEB-1.jpg\",\"datePublished\":\"2022-09-29T18:02:42+00:00\",\"dateModified\":\"2022-09-29T18:02:43+00:00\",\"breadcrumb\":{\"@id\":\"https:\\\/\\\/scootertime.ch\\\/de\\\/der-groesste-zweirad-event-der-schweiz\\\/#breadcrumb\"},\"inLanguage\":\"de\",\"potentialAction\":[{\"@type\":\"ReadAction\",\"target\":[\"https:\\\/\\\/scootertime.ch\\\/de\\\/der-groesste-zweirad-event-der-schweiz\\\/\"]}]},{\"@type\":\"ImageObject\",\"inLanguage\":\"de\",\"@id\":\"https:\\\/\\\/scootertime.ch\\\/de\\\/der-groesste-zweirad-event-der-schweiz\\\/#primaryimage\",\"url\":\"https:\\\/\\\/scootertime.ch\\\/wp-content\\\/uploads\\\/2021\\\/07\\\/BEX_Medienbild_5_WEB-1.jpg\",\"contentUrl\":\"https:\\\/\\\/scootertime.ch\\\/wp-content\\\/uploads\\\/2021\\\/07\\\/BEX_Medienbild_5_WEB-1.jpg\",\"width\":567,\"height\":397,\"caption\":\"BEX_Medienbild_5_WEB\"},{\"@type\":\"BreadcrumbList\",\"@id\":\"https:\\\/\\\/scootertime.ch\\\/de\\\/der-groesste-zweirad-event-der-schweiz\\\/#breadcrumb\",\"itemListElement\":[{\"@type\":\"ListItem\",\"position\":1,\"name\":\"Home\",\"item\":\"https:\\\/\\\/scootertime.ch\\\/de\\\/\"},{\"@type\":\"ListItem\",\"position\":2,\"name\":\"Der gr\u00f6sste Zweirad-Event der Schweiz\"}]},{\"@type\":\"WebSite\",\"@id\":\"https:\\\/\\\/scootertime.ch\\\/#website\",\"url\":\"https:\\\/\\\/scootertime.ch\\\/\",\"name\":\"Scootertime\",\"description\":\"Das erste Schweizer Rollermagazin\",\"publisher\":{\"@id\":\"https:\\\/\\\/scootertime.ch\\\/#organization\"},\"potentialAction\":[{\"@type\":\"SearchAction\",\"target\":{\"@type\":\"EntryPoint\",\"urlTemplate\":\"https:\\\/\\\/scootertime.ch\\\/?s={search_term_string}\"},\"query-input\":{\"@type\":\"PropertyValueSpecification\",\"valueRequired\":true,\"valueName\":\"search_term_string\"}}],\"inLanguage\":\"de\"},{\"@type\":\"Organization\",\"@id\":\"https:\\\/\\\/scootertime.ch\\\/#organization\",\"name\":\"Scootertime\",\"url\":\"https:\\\/\\\/scootertime.ch\\\/\",\"logo\":{\"@type\":\"ImageObject\",\"inLanguage\":\"de\",\"@id\":\"https:\\\/\\\/scootertime.ch\\\/#\\\/schema\\\/logo\\\/image\\\/\",\"url\":\"https:\\\/\\\/scootertime.ch\\\/wp-content\\\/uploads\\\/2018\\\/04\\\/cropped-testata-fondo-nero.jpg\",\"contentUrl\":\"https:\\\/\\\/scootertime.ch\\\/wp-content\\\/uploads\\\/2018\\\/04\\\/cropped-testata-fondo-nero.jpg\",\"width\":280,\"height\":90,\"caption\":\"Scootertime\"},\"image\":{\"@id\":\"https:\\\/\\\/scootertime.ch\\\/#\\\/schema\\\/logo\\\/image\\\/\"}},{\"@type\":\"Person\",\"@id\":\"https:\\\/\\\/scootertime.ch\\\/#\\\/schema\\\/person\\\/7b982e4db7ec822a53954bf2b0df2537\",\"name\":\"Red. SCT\",\"image\":{\"@type\":\"ImageObject\",\"inLanguage\":\"de\",\"@id\":\"https:\\\/\\\/secure.gravatar.com\\\/avatar\\\/919071c8ee7b6d7474a8e74a8fb9c3b6d7b4606b6d24134ae156375f0b34bc19?s=96&d=mm&r=g\",\"url\":\"https:\\\/\\\/secure.gravatar.com\\\/avatar\\\/919071c8ee7b6d7474a8e74a8fb9c3b6d7b4606b6d24134ae156375f0b34bc19?s=96&d=mm&r=g\",\"contentUrl\":\"https:\\\/\\\/secure.gravatar.com\\\/avatar\\\/919071c8ee7b6d7474a8e74a8fb9c3b6d7b4606b6d24134ae156375f0b34bc19?s=96&d=mm&r=g\",\"caption\":\"Red. SCT\"},\"url\":\"https:\\\/\\\/scootertime.ch\\\/de\\\/author\\\/admin\\\/\"}]}<\/script>\n<!-- \/ Yoast SEO plugin. -->","yoast_head_json":{"title":"Der gr\u00f6sste Zweirad-Event der Schweiz - Scootertime","robots":{"index":"index","follow":"follow","max-snippet":"max-snippet:-1","max-image-preview":"max-image-preview:large","max-video-preview":"max-video-preview:-1"},"canonical":"https:\/\/scootertime.ch\/de\/der-groesste-zweirad-event-der-schweiz\/","og_locale":"de_DE","og_type":"article","og_title":"Der gr\u00f6sste Zweirad-Event der Schweiz - Scootertime","og_description":"DAS MOTOFESTIVAL, DIE NEUE NATIONALE T\u00d6FF-LEITVERANSTALTUNG VOM 23. BIS 26. FEBRUAR 2023\u2026","og_url":"https:\/\/scootertime.ch\/de\/der-groesste-zweirad-event-der-schweiz\/","og_site_name":"Scootertime","article_published_time":"2022-09-29T18:02:42+00:00","article_modified_time":"2022-09-29T18:02:43+00:00","og_image":[{"width":567,"height":397,"url":"https:\/\/scootertime.ch\/wp-content\/uploads\/2021\/07\/BEX_Medienbild_5_WEB-1.jpg","type":"image\/jpeg"}],"author":"Red. SCT","twitter_card":"summary_large_image","twitter_misc":{"Verfasst von":"Red. SCT","Gesch\u00e4tzte Lesezeit":"2\u00a0Minuten"},"schema":{"@context":"https:\/\/schema.org","@graph":[{"@type":"Article","@id":"https:\/\/scootertime.ch\/de\/der-groesste-zweirad-event-der-schweiz\/#article","isPartOf":{"@id":"https:\/\/scootertime.ch\/de\/der-groesste-zweirad-event-der-schweiz\/"},"author":{"name":"Red. SCT","@id":"https:\/\/scootertime.ch\/#\/schema\/person\/7b982e4db7ec822a53954bf2b0df2537"},"headline":"Der gr\u00f6sste Zweirad-Event der Schweiz","datePublished":"2022-09-29T18:02:42+00:00","dateModified":"2022-09-29T18:02:43+00:00","mainEntityOfPage":{"@id":"https:\/\/scootertime.ch\/de\/der-groesste-zweirad-event-der-schweiz\/"},"wordCount":341,"commentCount":0,"publisher":{"@id":"https:\/\/scootertime.ch\/#organization"},"image":{"@id":"https:\/\/scootertime.ch\/de\/der-groesste-zweirad-event-der-schweiz\/#primaryimage"},"thumbnailUrl":"https:\/\/scootertime.ch\/wp-content\/uploads\/2021\/07\/BEX_Medienbild_5_WEB-1.jpg","articleSection":["News"],"inLanguage":"de"},{"@type":"WebPage","@id":"https:\/\/scootertime.ch\/de\/der-groesste-zweirad-event-der-schweiz\/","url":"https:\/\/scootertime.ch\/de\/der-groesste-zweirad-event-der-schweiz\/","name":"Der gr\u00f6sste Zweirad-Event der Schweiz - Scootertime","isPartOf":{"@id":"https:\/\/scootertime.ch\/#website"},"primaryImageOfPage":{"@id":"https:\/\/scootertime.ch\/de\/der-groesste-zweirad-event-der-schweiz\/#primaryimage"},"image":{"@id":"https:\/\/scootertime.ch\/de\/der-groesste-zweirad-event-der-schweiz\/#primaryimage"},"thumbnailUrl":"https:\/\/scootertime.ch\/wp-content\/uploads\/2021\/07\/BEX_Medienbild_5_WEB-1.jpg","datePublished":"2022-09-29T18:02:42+00:00","dateModified":"2022-09-29T18:02:43+00:00","breadcrumb":{"@id":"https:\/\/scootertime.ch\/de\/der-groesste-zweirad-event-der-schweiz\/#breadcrumb"},"inLanguage":"de","potentialAction":[{"@type":"ReadAction","target":["https:\/\/scootertime.ch\/de\/der-groesste-zweirad-event-der-schweiz\/"]}]},{"@type":"ImageObject","inLanguage":"de","@id":"https:\/\/scootertime.ch\/de\/der-groesste-zweirad-event-der-schweiz\/#primaryimage","url":"https:\/\/scootertime.ch\/wp-content\/uploads\/2021\/07\/BEX_Medienbild_5_WEB-1.jpg","contentUrl":"https:\/\/scootertime.ch\/wp-content\/uploads\/2021\/07\/BEX_Medienbild_5_WEB-1.jpg","width":567,"height":397,"caption":"BEX_Medienbild_5_WEB"},{"@type":"BreadcrumbList","@id":"https:\/\/scootertime.ch\/de\/der-groesste-zweirad-event-der-schweiz\/#breadcrumb","itemListElement":[{"@type":"ListItem","position":1,"name":"Home","item":"https:\/\/scootertime.ch\/de\/"},{"@type":"ListItem","position":2,"name":"Der gr\u00f6sste Zweirad-Event der Schweiz"}]},{"@type":"WebSite","@id":"https:\/\/scootertime.ch\/#website","url":"https:\/\/scootertime.ch\/","name":"Scootertime","description":"Das erste Schweizer Rollermagazin","publisher":{"@id":"https:\/\/scootertime.ch\/#organization"},"potentialAction":[{"@type":"SearchAction","target":{"@type":"EntryPoint","urlTemplate":"https:\/\/scootertime.ch\/?s={search_term_string}"},"query-input":{"@type":"PropertyValueSpecification","valueRequired":true,"valueName":"search_term_string"}}],"inLanguage":"de"},{"@type":"Organization","@id":"https:\/\/scootertime.ch\/#organization","name":"Scootertime","url":"https:\/\/scootertime.ch\/","logo":{"@type":"ImageObject","inLanguage":"de","@id":"https:\/\/scootertime.ch\/#\/schema\/logo\/image\/","url":"https:\/\/scootertime.ch\/wp-content\/uploads\/2018\/04\/cropped-testata-fondo-nero.jpg","contentUrl":"https:\/\/scootertime.ch\/wp-content\/uploads\/2018\/04\/cropped-testata-fondo-nero.jpg","width":280,"height":90,"caption":"Scootertime"},"image":{"@id":"https:\/\/scootertime.ch\/#\/schema\/logo\/image\/"}},{"@type":"Person","@id":"https:\/\/scootertime.ch\/#\/schema\/person\/7b982e4db7ec822a53954bf2b0df2537","name":"Red. SCT","image":{"@type":"ImageObject","inLanguage":"de","@id":"https:\/\/secure.gravatar.com\/avatar\/919071c8ee7b6d7474a8e74a8fb9c3b6d7b4606b6d24134ae156375f0b34bc19?s=96&d=mm&r=g","url":"https:\/\/secure.gravatar.com\/avatar\/919071c8ee7b6d7474a8e74a8fb9c3b6d7b4606b6d24134ae156375f0b34bc19?s=96&d=mm&r=g","contentUrl":"https:\/\/secure.gravatar.com\/avatar\/919071c8ee7b6d7474a8e74a8fb9c3b6d7b4606b6d24134ae156375f0b34bc19?s=96&d=mm&r=g","caption":"Red. SCT"},"url":"https:\/\/scootertime.ch\/de\/author\/admin\/"}]}},"_links":{"self":[{"href":"https:\/\/scootertime.ch\/de\/wp-json\/wp\/v2\/posts\/8065","targetHints":{"allow":["GET"]}}],"collection":[{"href":"https:\/\/scootertime.ch\/de\/wp-json\/wp\/v2\/posts"}],"about":[{"href":"https:\/\/scootertime.ch\/de\/wp-json\/wp\/v2\/types\/post"}],"author":[{"embeddable":true,"href":"https:\/\/scootertime.ch\/de\/wp-json\/wp\/v2\/users\/1"}],"replies":[{"embeddable":true,"href":"https:\/\/scootertime.ch\/de\/wp-json\/wp\/v2\/comments?post=8065"}],"version-history":[{"count":1,"href":"https:\/\/scootertime.ch\/de\/wp-json\/wp\/v2\/posts\/8065\/revisions"}],"predecessor-version":[{"id":8066,"href":"https:\/\/scootertime.ch\/de\/wp-json\/wp\/v2\/posts\/8065\/revisions\/8066"}],"wp:featuredmedia":[{"embeddable":true,"href":"https:\/\/scootertime.ch\/de\/wp-json\/wp\/v2\/media\/6371"}],"wp:attachment":[{"href":"https:\/\/scootertime.ch\/de\/wp-json\/wp\/v2\/media?parent=8065"}],"wp:term":[{"taxonomy":"category","embeddable":true,"href":"https:\/\/scootertime.ch\/de\/wp-json\/wp\/v2\/categories?post=8065"},{"taxonomy":"post_tag","embeddable":true,"href":"https:\/\/scootertime.ch\/de\/wp-json\/wp\/v2\/tags?post=8065"}],"curies":[{"name":"wp","href":"https:\/\/api.w.org\/{rel}","templated":true}]}}