{"id":8289,"date":"2022-11-04T14:08:33","date_gmt":"2022-11-04T14:08:33","guid":{"rendered":"http:\/\/scootertime.ch\/?p=8289"},"modified":"2022-11-04T14:12:42","modified_gmt":"2022-11-04T14:12:42","slug":"honda-neue-farben-fuer-die-rollerserie-2023","status":"publish","type":"post","link":"https:\/\/scootertime.ch\/de\/honda-neue-farben-fuer-die-rollerserie-2023\/","title":{"rendered":"Honda &#8211; Neue Farben f\u00fcr die Rollerserie 2023"},"content":{"rendered":"\n<h4 class=\"wp-block-heading\"> DREI NEUE FARBEN F\u00dcR INSGESAMT 6 F\u00dcR DEN EINZIGARTIG SH350I &#8211; NEUN F\u00dcR DEN BESTSELLER SH125\/150I &#8211; EINE F\u00dcR INSGESAMT 3 F\u00dcR DEN UNTERHALTSAMEN PCX125 &#8211; VIER F\u00dcR DEN PRAKTISCHEN VISION 110 &#8211; <\/h4>\n\n\n\n<figure class=\"wp-block-image size-large\"><img loading=\"lazy\" decoding=\"async\" width=\"1024\" height=\"576\" src=\"https:\/\/scootertime.ch\/wp-content\/uploads\/2022\/11\/419328_23YM_HONDA_PCX125-1024x576.jpg\" alt=\"23YM HONDA PCX125\" class=\"wp-image-8279\" srcset=\"https:\/\/scootertime.ch\/wp-content\/uploads\/2022\/11\/419328_23YM_HONDA_PCX125-1024x576.jpg 1024w, https:\/\/scootertime.ch\/wp-content\/uploads\/2022\/11\/419328_23YM_HONDA_PCX125-300x169.jpg 300w, https:\/\/scootertime.ch\/wp-content\/uploads\/2022\/11\/419328_23YM_HONDA_PCX125-768x432.jpg 768w, https:\/\/scootertime.ch\/wp-content\/uploads\/2022\/11\/419328_23YM_HONDA_PCX125-870x489.jpg 870w, https:\/\/scootertime.ch\/wp-content\/uploads\/2022\/11\/419328_23YM_HONDA_PCX125-895x503.jpg 895w, https:\/\/scootertime.ch\/wp-content\/uploads\/2022\/11\/419328_23YM_HONDA_PCX125.jpg 1350w\" sizes=\"auto, (max-width: 1024px) 100vw, 1024px\" \/><figcaption><em>23YM HONDA PCX125<\/em><\/figcaption><\/figure>\n\n\n\n<p><strong>Der beliebte Honda PCX 125<\/strong> \u00fcberzeugt weiterhin als Stadtflitzer mit modernem Design. Die Serienausstattung umfasst einen USB-C Ladeanschluss und die Bedienung mittels Honda SMART Key, w\u00e4hrend die Leistung des eSP+ (enhanced Smart Power Plus) Viertakt-Einzylinder Motors mit Honda Selectable Torque Control (HSTC Traktionskontrolle) und Start-Stopp-Automatik bereitgestellt wird. Der robuste Rahmen sorgt f\u00fcr agiles Handling und Fahrkomfort.<\/p>\n<figure id=\"attachment_8282\" aria-describedby=\"caption-attachment-8282\" style=\"width: 1340px\" class=\"wp-caption aligncenter\"><a href=\"http:\/\/scootertime.ch\/de\/23ym-honda-sh350i-2\/\"><img loading=\"lazy\" decoding=\"async\" class=\"size-full wp-image-8282\" src=\"https:\/\/scootertime.ch\/wp-content\/uploads\/2022\/11\/419344_23YM_HONDA_SH350i.jpg\" alt=\"23YM HONDA SH350i\" width=\"1350\" height=\"900\" srcset=\"https:\/\/scootertime.ch\/wp-content\/uploads\/2022\/11\/419344_23YM_HONDA_SH350i.jpg 1350w, https:\/\/scootertime.ch\/wp-content\/uploads\/2022\/11\/419344_23YM_HONDA_SH350i-300x200.jpg 300w, https:\/\/scootertime.ch\/wp-content\/uploads\/2022\/11\/419344_23YM_HONDA_SH350i-1024x683.jpg 1024w, https:\/\/scootertime.ch\/wp-content\/uploads\/2022\/11\/419344_23YM_HONDA_SH350i-768x512.jpg 768w, https:\/\/scootertime.ch\/wp-content\/uploads\/2022\/11\/419344_23YM_HONDA_SH350i-435x290.jpg 435w, https:\/\/scootertime.ch\/wp-content\/uploads\/2022\/11\/419344_23YM_HONDA_SH350i-150x100.jpg 150w, https:\/\/scootertime.ch\/wp-content\/uploads\/2022\/11\/419344_23YM_HONDA_SH350i-370x247.jpg 370w\" sizes=\"auto, (max-width: 1350px) 100vw, 1350px\" \/><\/a><figcaption id=\"caption-attachment-8282\" class=\"wp-caption-text\"><em>23YM HONDA SH350i<\/em><\/figcaption><\/figure>\n<p><strong>23YM HONDA SH350I &#8211;<\/strong> Das Top Modell der Honda SH Serie verf\u00fcgt \u00fcber eine umfangreiche Serienausstattung: SMART Key System, Honda Selectable Torque Control (HSTC), LED-Beleuchtung, LCD-Anzeige und ein USB-C Anschluss unter dem Sitz.\u00a0F\u00fcr 2023 kommt eine neue Farbe zu den drei bereits angebotenen hinzu.<\/p>\n<figure id=\"attachment_8276\" aria-describedby=\"caption-attachment-8276\" style=\"width: 1168px\" class=\"wp-caption aligncenter\"><a href=\"http:\/\/scootertime.ch\/de\/23ym-honda-sh125i-2\/\"><img loading=\"lazy\" decoding=\"async\" class=\"size-full wp-image-8276\" src=\"https:\/\/scootertime.ch\/wp-content\/uploads\/2022\/11\/419308_23YM_HONDA_SH125i.jpg\" alt=\"23YM HONDA SH125i\" width=\"1178\" height=\"900\" srcset=\"https:\/\/scootertime.ch\/wp-content\/uploads\/2022\/11\/419308_23YM_HONDA_SH125i.jpg 1178w, https:\/\/scootertime.ch\/wp-content\/uploads\/2022\/11\/419308_23YM_HONDA_SH125i-300x229.jpg 300w, https:\/\/scootertime.ch\/wp-content\/uploads\/2022\/11\/419308_23YM_HONDA_SH125i-1024x782.jpg 1024w, https:\/\/scootertime.ch\/wp-content\/uploads\/2022\/11\/419308_23YM_HONDA_SH125i-768x587.jpg 768w\" sizes=\"auto, (max-width: 1178px) 100vw, 1178px\" \/><\/a><figcaption id=\"caption-attachment-8276\" class=\"wp-caption-text\"><em>23YM HONDA SH125i<\/em><\/figcaption><\/figure>\n<p><strong>Der Honda SH125i<\/strong> ist einer der beliebtesten Roller Europas und das mit gutem Grund: Seine umfangreiche Ausstattung umfasst einen Vierventil eSP+ Motor mit Honda Selectable Torque Control (HSTC, Traktionskontrolle) und Start-\/Stopp-Automatik, eine schlanke Silhouette im SH Stil mit flachem Durchstieg, LCD-Anzeige, volle LED-Beleuchtung, 28 Liter Stauraum, einen USB-C Ladeanschluss und das SMART Key System. Vier neue Farbvarianten sorgen im Modelljahr 2023 f\u00fcr zus\u00e4tzliche Attraktivit\u00e4t.<\/p>\n<figure id=\"attachment_8273\" aria-describedby=\"caption-attachment-8273\" style=\"width: 1340px\" class=\"wp-caption aligncenter\"><a href=\"http:\/\/scootertime.ch\/de\/23ym-honda-vision-110-2\/\"><img loading=\"lazy\" decoding=\"async\" class=\"size-full wp-image-8273\" src=\"https:\/\/scootertime.ch\/wp-content\/uploads\/2022\/11\/419291_23YM_HONDA_VISION_110.jpg\" alt=\"23YM HONDA VISION 110\" width=\"1350\" height=\"900\" srcset=\"https:\/\/scootertime.ch\/wp-content\/uploads\/2022\/11\/419291_23YM_HONDA_VISION_110.jpg 1350w, https:\/\/scootertime.ch\/wp-content\/uploads\/2022\/11\/419291_23YM_HONDA_VISION_110-300x200.jpg 300w, https:\/\/scootertime.ch\/wp-content\/uploads\/2022\/11\/419291_23YM_HONDA_VISION_110-1024x683.jpg 1024w, https:\/\/scootertime.ch\/wp-content\/uploads\/2022\/11\/419291_23YM_HONDA_VISION_110-768x512.jpg 768w, https:\/\/scootertime.ch\/wp-content\/uploads\/2022\/11\/419291_23YM_HONDA_VISION_110-435x290.jpg 435w, https:\/\/scootertime.ch\/wp-content\/uploads\/2022\/11\/419291_23YM_HONDA_VISION_110-150x100.jpg 150w, https:\/\/scootertime.ch\/wp-content\/uploads\/2022\/11\/419291_23YM_HONDA_VISION_110-370x247.jpg 370w\" sizes=\"auto, (max-width: 1350px) 100vw, 1350px\" \/><\/a><figcaption id=\"caption-attachment-8273\" class=\"wp-caption-text\"><em>23YM HONDA VISION 110<\/em><\/figcaption><\/figure>\n<p><strong>Der alltagstaugliche Honda Roller Vision 110<\/strong> bietet seit langem eine hohe Verarbeitungsqualit\u00e4t und ein fantastisches Preis-Leistungs-Verh\u00e4ltnis. Die Ausstattung umfasst einen flachen Durchstieg, eine LCD-Instrumententafel und die Bedienung mittels Honda SMART Key. Die leichtgewichtige innovative Smart Architecture Frame (eSAF) Konstruktion wird mit einem sparsamen \u201aEnhanced Smart Power\u2018 (eSP) Motor und praktischer Start-Stopp-Funktion kombiniert. Im Modelljahr 2023 kommen zwei neue Farbvarianten hinzu.<\/p>\n","protected":false},"excerpt":{"rendered":"<p>DREI NEUE FARBEN F\u00dcR INSGESAMT 6 F\u00dcR DEN EINZIGARTIG SH350I &#8211; NEUN\u2026<\/p>\n","protected":false},"author":1,"featured_media":8267,"comment_status":"open","ping_status":"open","sticky":false,"template":"","format":"standard","meta":{"footnotes":""},"categories":[27],"tags":[],"class_list":["post-8289","post","type-post","status-publish","format-standard","has-post-thumbnail","hentry","category-news-de"],"yoast_head":"<!-- This site is optimized with the Yoast SEO plugin v27.4 - https:\/\/yoast.com\/product\/yoast-seo-wordpress\/ -->\n<title>Honda - Neue Farben f\u00fcr die Rollerserie 2023 - Scootertime<\/title>\n<meta name=\"robots\" content=\"index, follow, max-snippet:-1, max-image-preview:large, max-video-preview:-1\" \/>\n<link rel=\"canonical\" href=\"https:\/\/scootertime.ch\/de\/honda-neue-farben-fuer-die-rollerserie-2023\/\" \/>\n<meta property=\"og:locale\" content=\"de_DE\" \/>\n<meta property=\"og:type\" content=\"article\" \/>\n<meta property=\"og:title\" content=\"Honda - Neue Farben f\u00fcr die Rollerserie 2023 - Scootertime\" \/>\n<meta property=\"og:description\" content=\"DREI NEUE FARBEN F\u00dcR INSGESAMT 6 F\u00dcR DEN EINZIGARTIG SH350I &#8211; NEUN\u2026\" \/>\n<meta property=\"og:url\" content=\"https:\/\/scootertime.ch\/de\/honda-neue-farben-fuer-die-rollerserie-2023\/\" \/>\n<meta property=\"og:site_name\" content=\"Scootertime\" \/>\n<meta property=\"article:published_time\" content=\"2022-11-04T14:08:33+00:00\" \/>\n<meta property=\"article:modified_time\" content=\"2022-11-04T14:12:42+00:00\" \/>\n<meta property=\"og:image\" content=\"https:\/\/scootertime.ch\/wp-content\/uploads\/2022\/11\/419438_23YM_LINE_UP_NEW_MODEL-e1667570876858.jpg\" \/>\n\t<meta property=\"og:image:width\" content=\"1136\" \/>\n\t<meta property=\"og:image:height\" content=\"652\" \/>\n\t<meta property=\"og:image:type\" content=\"image\/jpeg\" \/>\n<meta name=\"author\" content=\"Red. SCT\" \/>\n<meta name=\"twitter:card\" content=\"summary_large_image\" \/>\n<meta name=\"twitter:label1\" content=\"Verfasst von\" \/>\n\t<meta name=\"twitter:data1\" content=\"Red. SCT\" \/>\n\t<meta name=\"twitter:label2\" content=\"Gesch\u00e4tzte Lesezeit\" \/>\n\t<meta name=\"twitter:data2\" content=\"2\u00a0Minuten\" \/>\n<script type=\"application\/ld+json\" class=\"yoast-schema-graph\">{\"@context\":\"https:\\\/\\\/schema.org\",\"@graph\":[{\"@type\":\"Article\",\"@id\":\"https:\\\/\\\/scootertime.ch\\\/de\\\/honda-neue-farben-fuer-die-rollerserie-2023\\\/#article\",\"isPartOf\":{\"@id\":\"https:\\\/\\\/scootertime.ch\\\/de\\\/honda-neue-farben-fuer-die-rollerserie-2023\\\/\"},\"author\":{\"name\":\"Red. SCT\",\"@id\":\"https:\\\/\\\/scootertime.ch\\\/#\\\/schema\\\/person\\\/7b982e4db7ec822a53954bf2b0df2537\"},\"headline\":\"Honda &#8211; Neue Farben f\u00fcr die Rollerserie 2023\",\"datePublished\":\"2022-11-04T14:08:33+00:00\",\"dateModified\":\"2022-11-04T14:12:42+00:00\",\"mainEntityOfPage\":{\"@id\":\"https:\\\/\\\/scootertime.ch\\\/de\\\/honda-neue-farben-fuer-die-rollerserie-2023\\\/\"},\"wordCount\":312,\"commentCount\":0,\"publisher\":{\"@id\":\"https:\\\/\\\/scootertime.ch\\\/#organization\"},\"image\":{\"@id\":\"https:\\\/\\\/scootertime.ch\\\/de\\\/honda-neue-farben-fuer-die-rollerserie-2023\\\/#primaryimage\"},\"thumbnailUrl\":\"https:\\\/\\\/scootertime.ch\\\/wp-content\\\/uploads\\\/2022\\\/11\\\/419438_23YM_LINE_UP_NEW_MODEL-e1667570876858.jpg\",\"articleSection\":[\"News\"],\"inLanguage\":\"de\"},{\"@type\":\"WebPage\",\"@id\":\"https:\\\/\\\/scootertime.ch\\\/de\\\/honda-neue-farben-fuer-die-rollerserie-2023\\\/\",\"url\":\"https:\\\/\\\/scootertime.ch\\\/de\\\/honda-neue-farben-fuer-die-rollerserie-2023\\\/\",\"name\":\"Honda - Neue Farben f\u00fcr die Rollerserie 2023 - Scootertime\",\"isPartOf\":{\"@id\":\"https:\\\/\\\/scootertime.ch\\\/#website\"},\"primaryImageOfPage\":{\"@id\":\"https:\\\/\\\/scootertime.ch\\\/de\\\/honda-neue-farben-fuer-die-rollerserie-2023\\\/#primaryimage\"},\"image\":{\"@id\":\"https:\\\/\\\/scootertime.ch\\\/de\\\/honda-neue-farben-fuer-die-rollerserie-2023\\\/#primaryimage\"},\"thumbnailUrl\":\"https:\\\/\\\/scootertime.ch\\\/wp-content\\\/uploads\\\/2022\\\/11\\\/419438_23YM_LINE_UP_NEW_MODEL-e1667570876858.jpg\",\"datePublished\":\"2022-11-04T14:08:33+00:00\",\"dateModified\":\"2022-11-04T14:12:42+00:00\",\"breadcrumb\":{\"@id\":\"https:\\\/\\\/scootertime.ch\\\/de\\\/honda-neue-farben-fuer-die-rollerserie-2023\\\/#breadcrumb\"},\"inLanguage\":\"de\",\"potentialAction\":[{\"@type\":\"ReadAction\",\"target\":[\"https:\\\/\\\/scootertime.ch\\\/de\\\/honda-neue-farben-fuer-die-rollerserie-2023\\\/\"]}]},{\"@type\":\"ImageObject\",\"inLanguage\":\"de\",\"@id\":\"https:\\\/\\\/scootertime.ch\\\/de\\\/honda-neue-farben-fuer-die-rollerserie-2023\\\/#primaryimage\",\"url\":\"https:\\\/\\\/scootertime.ch\\\/wp-content\\\/uploads\\\/2022\\\/11\\\/419438_23YM_LINE_UP_NEW_MODEL-e1667570876858.jpg\",\"contentUrl\":\"https:\\\/\\\/scootertime.ch\\\/wp-content\\\/uploads\\\/2022\\\/11\\\/419438_23YM_LINE_UP_NEW_MODEL-e1667570876858.jpg\",\"width\":1136,\"height\":652,\"caption\":\"23YM LINE UP NEW MODEL\"},{\"@type\":\"BreadcrumbList\",\"@id\":\"https:\\\/\\\/scootertime.ch\\\/de\\\/honda-neue-farben-fuer-die-rollerserie-2023\\\/#breadcrumb\",\"itemListElement\":[{\"@type\":\"ListItem\",\"position\":1,\"name\":\"Home\",\"item\":\"https:\\\/\\\/scootertime.ch\\\/de\\\/\"},{\"@type\":\"ListItem\",\"position\":2,\"name\":\"Honda &#8211; Neue Farben f\u00fcr die Rollerserie 2023\"}]},{\"@type\":\"WebSite\",\"@id\":\"https:\\\/\\\/scootertime.ch\\\/#website\",\"url\":\"https:\\\/\\\/scootertime.ch\\\/\",\"name\":\"Scootertime\",\"description\":\"Das erste Schweizer Rollermagazin\",\"publisher\":{\"@id\":\"https:\\\/\\\/scootertime.ch\\\/#organization\"},\"potentialAction\":[{\"@type\":\"SearchAction\",\"target\":{\"@type\":\"EntryPoint\",\"urlTemplate\":\"https:\\\/\\\/scootertime.ch\\\/?s={search_term_string}\"},\"query-input\":{\"@type\":\"PropertyValueSpecification\",\"valueRequired\":true,\"valueName\":\"search_term_string\"}}],\"inLanguage\":\"de\"},{\"@type\":\"Organization\",\"@id\":\"https:\\\/\\\/scootertime.ch\\\/#organization\",\"name\":\"Scootertime\",\"url\":\"https:\\\/\\\/scootertime.ch\\\/\",\"logo\":{\"@type\":\"ImageObject\",\"inLanguage\":\"de\",\"@id\":\"https:\\\/\\\/scootertime.ch\\\/#\\\/schema\\\/logo\\\/image\\\/\",\"url\":\"https:\\\/\\\/scootertime.ch\\\/wp-content\\\/uploads\\\/2018\\\/04\\\/cropped-testata-fondo-nero.jpg\",\"contentUrl\":\"https:\\\/\\\/scootertime.ch\\\/wp-content\\\/uploads\\\/2018\\\/04\\\/cropped-testata-fondo-nero.jpg\",\"width\":280,\"height\":90,\"caption\":\"Scootertime\"},\"image\":{\"@id\":\"https:\\\/\\\/scootertime.ch\\\/#\\\/schema\\\/logo\\\/image\\\/\"}},{\"@type\":\"Person\",\"@id\":\"https:\\\/\\\/scootertime.ch\\\/#\\\/schema\\\/person\\\/7b982e4db7ec822a53954bf2b0df2537\",\"name\":\"Red. SCT\",\"image\":{\"@type\":\"ImageObject\",\"inLanguage\":\"de\",\"@id\":\"https:\\\/\\\/secure.gravatar.com\\\/avatar\\\/919071c8ee7b6d7474a8e74a8fb9c3b6d7b4606b6d24134ae156375f0b34bc19?s=96&d=mm&r=g\",\"url\":\"https:\\\/\\\/secure.gravatar.com\\\/avatar\\\/919071c8ee7b6d7474a8e74a8fb9c3b6d7b4606b6d24134ae156375f0b34bc19?s=96&d=mm&r=g\",\"contentUrl\":\"https:\\\/\\\/secure.gravatar.com\\\/avatar\\\/919071c8ee7b6d7474a8e74a8fb9c3b6d7b4606b6d24134ae156375f0b34bc19?s=96&d=mm&r=g\",\"caption\":\"Red. SCT\"},\"url\":\"https:\\\/\\\/scootertime.ch\\\/de\\\/author\\\/admin\\\/\"}]}<\/script>\n<!-- \/ Yoast SEO plugin. -->","yoast_head_json":{"title":"Honda - Neue Farben f\u00fcr die Rollerserie 2023 - Scootertime","robots":{"index":"index","follow":"follow","max-snippet":"max-snippet:-1","max-image-preview":"max-image-preview:large","max-video-preview":"max-video-preview:-1"},"canonical":"https:\/\/scootertime.ch\/de\/honda-neue-farben-fuer-die-rollerserie-2023\/","og_locale":"de_DE","og_type":"article","og_title":"Honda - Neue Farben f\u00fcr die Rollerserie 2023 - Scootertime","og_description":"DREI NEUE FARBEN F\u00dcR INSGESAMT 6 F\u00dcR DEN EINZIGARTIG SH350I &#8211; NEUN\u2026","og_url":"https:\/\/scootertime.ch\/de\/honda-neue-farben-fuer-die-rollerserie-2023\/","og_site_name":"Scootertime","article_published_time":"2022-11-04T14:08:33+00:00","article_modified_time":"2022-11-04T14:12:42+00:00","og_image":[{"width":1136,"height":652,"url":"https:\/\/scootertime.ch\/wp-content\/uploads\/2022\/11\/419438_23YM_LINE_UP_NEW_MODEL-e1667570876858.jpg","type":"image\/jpeg"}],"author":"Red. SCT","twitter_card":"summary_large_image","twitter_misc":{"Verfasst von":"Red. SCT","Gesch\u00e4tzte Lesezeit":"2\u00a0Minuten"},"schema":{"@context":"https:\/\/schema.org","@graph":[{"@type":"Article","@id":"https:\/\/scootertime.ch\/de\/honda-neue-farben-fuer-die-rollerserie-2023\/#article","isPartOf":{"@id":"https:\/\/scootertime.ch\/de\/honda-neue-farben-fuer-die-rollerserie-2023\/"},"author":{"name":"Red. SCT","@id":"https:\/\/scootertime.ch\/#\/schema\/person\/7b982e4db7ec822a53954bf2b0df2537"},"headline":"Honda &#8211; Neue Farben f\u00fcr die Rollerserie 2023","datePublished":"2022-11-04T14:08:33+00:00","dateModified":"2022-11-04T14:12:42+00:00","mainEntityOfPage":{"@id":"https:\/\/scootertime.ch\/de\/honda-neue-farben-fuer-die-rollerserie-2023\/"},"wordCount":312,"commentCount":0,"publisher":{"@id":"https:\/\/scootertime.ch\/#organization"},"image":{"@id":"https:\/\/scootertime.ch\/de\/honda-neue-farben-fuer-die-rollerserie-2023\/#primaryimage"},"thumbnailUrl":"https:\/\/scootertime.ch\/wp-content\/uploads\/2022\/11\/419438_23YM_LINE_UP_NEW_MODEL-e1667570876858.jpg","articleSection":["News"],"inLanguage":"de"},{"@type":"WebPage","@id":"https:\/\/scootertime.ch\/de\/honda-neue-farben-fuer-die-rollerserie-2023\/","url":"https:\/\/scootertime.ch\/de\/honda-neue-farben-fuer-die-rollerserie-2023\/","name":"Honda - Neue Farben f\u00fcr die Rollerserie 2023 - Scootertime","isPartOf":{"@id":"https:\/\/scootertime.ch\/#website"},"primaryImageOfPage":{"@id":"https:\/\/scootertime.ch\/de\/honda-neue-farben-fuer-die-rollerserie-2023\/#primaryimage"},"image":{"@id":"https:\/\/scootertime.ch\/de\/honda-neue-farben-fuer-die-rollerserie-2023\/#primaryimage"},"thumbnailUrl":"https:\/\/scootertime.ch\/wp-content\/uploads\/2022\/11\/419438_23YM_LINE_UP_NEW_MODEL-e1667570876858.jpg","datePublished":"2022-11-04T14:08:33+00:00","dateModified":"2022-11-04T14:12:42+00:00","breadcrumb":{"@id":"https:\/\/scootertime.ch\/de\/honda-neue-farben-fuer-die-rollerserie-2023\/#breadcrumb"},"inLanguage":"de","potentialAction":[{"@type":"ReadAction","target":["https:\/\/scootertime.ch\/de\/honda-neue-farben-fuer-die-rollerserie-2023\/"]}]},{"@type":"ImageObject","inLanguage":"de","@id":"https:\/\/scootertime.ch\/de\/honda-neue-farben-fuer-die-rollerserie-2023\/#primaryimage","url":"https:\/\/scootertime.ch\/wp-content\/uploads\/2022\/11\/419438_23YM_LINE_UP_NEW_MODEL-e1667570876858.jpg","contentUrl":"https:\/\/scootertime.ch\/wp-content\/uploads\/2022\/11\/419438_23YM_LINE_UP_NEW_MODEL-e1667570876858.jpg","width":1136,"height":652,"caption":"23YM LINE UP NEW MODEL"},{"@type":"BreadcrumbList","@id":"https:\/\/scootertime.ch\/de\/honda-neue-farben-fuer-die-rollerserie-2023\/#breadcrumb","itemListElement":[{"@type":"ListItem","position":1,"name":"Home","item":"https:\/\/scootertime.ch\/de\/"},{"@type":"ListItem","position":2,"name":"Honda &#8211; Neue Farben f\u00fcr die Rollerserie 2023"}]},{"@type":"WebSite","@id":"https:\/\/scootertime.ch\/#website","url":"https:\/\/scootertime.ch\/","name":"Scootertime","description":"Das erste Schweizer Rollermagazin","publisher":{"@id":"https:\/\/scootertime.ch\/#organization"},"potentialAction":[{"@type":"SearchAction","target":{"@type":"EntryPoint","urlTemplate":"https:\/\/scootertime.ch\/?s={search_term_string}"},"query-input":{"@type":"PropertyValueSpecification","valueRequired":true,"valueName":"search_term_string"}}],"inLanguage":"de"},{"@type":"Organization","@id":"https:\/\/scootertime.ch\/#organization","name":"Scootertime","url":"https:\/\/scootertime.ch\/","logo":{"@type":"ImageObject","inLanguage":"de","@id":"https:\/\/scootertime.ch\/#\/schema\/logo\/image\/","url":"https:\/\/scootertime.ch\/wp-content\/uploads\/2018\/04\/cropped-testata-fondo-nero.jpg","contentUrl":"https:\/\/scootertime.ch\/wp-content\/uploads\/2018\/04\/cropped-testata-fondo-nero.jpg","width":280,"height":90,"caption":"Scootertime"},"image":{"@id":"https:\/\/scootertime.ch\/#\/schema\/logo\/image\/"}},{"@type":"Person","@id":"https:\/\/scootertime.ch\/#\/schema\/person\/7b982e4db7ec822a53954bf2b0df2537","name":"Red. SCT","image":{"@type":"ImageObject","inLanguage":"de","@id":"https:\/\/secure.gravatar.com\/avatar\/919071c8ee7b6d7474a8e74a8fb9c3b6d7b4606b6d24134ae156375f0b34bc19?s=96&d=mm&r=g","url":"https:\/\/secure.gravatar.com\/avatar\/919071c8ee7b6d7474a8e74a8fb9c3b6d7b4606b6d24134ae156375f0b34bc19?s=96&d=mm&r=g","contentUrl":"https:\/\/secure.gravatar.com\/avatar\/919071c8ee7b6d7474a8e74a8fb9c3b6d7b4606b6d24134ae156375f0b34bc19?s=96&d=mm&r=g","caption":"Red. SCT"},"url":"https:\/\/scootertime.ch\/de\/author\/admin\/"}]}},"_links":{"self":[{"href":"https:\/\/scootertime.ch\/de\/wp-json\/wp\/v2\/posts\/8289","targetHints":{"allow":["GET"]}}],"collection":[{"href":"https:\/\/scootertime.ch\/de\/wp-json\/wp\/v2\/posts"}],"about":[{"href":"https:\/\/scootertime.ch\/de\/wp-json\/wp\/v2\/types\/post"}],"author":[{"embeddable":true,"href":"https:\/\/scootertime.ch\/de\/wp-json\/wp\/v2\/users\/1"}],"replies":[{"embeddable":true,"href":"https:\/\/scootertime.ch\/de\/wp-json\/wp\/v2\/comments?post=8289"}],"version-history":[{"count":1,"href":"https:\/\/scootertime.ch\/de\/wp-json\/wp\/v2\/posts\/8289\/revisions"}],"predecessor-version":[{"id":8290,"href":"https:\/\/scootertime.ch\/de\/wp-json\/wp\/v2\/posts\/8289\/revisions\/8290"}],"wp:featuredmedia":[{"embeddable":true,"href":"https:\/\/scootertime.ch\/de\/wp-json\/wp\/v2\/media\/8267"}],"wp:attachment":[{"href":"https:\/\/scootertime.ch\/de\/wp-json\/wp\/v2\/media?parent=8289"}],"wp:term":[{"taxonomy":"category","embeddable":true,"href":"https:\/\/scootertime.ch\/de\/wp-json\/wp\/v2\/categories?post=8289"},{"taxonomy":"post_tag","embeddable":true,"href":"https:\/\/scootertime.ch\/de\/wp-json\/wp\/v2\/tags?post=8289"}],"curies":[{"name":"wp","href":"https:\/\/api.w.org\/{rel}","templated":true}]}}