{"id":8341,"date":"2022-11-09T14:37:04","date_gmt":"2022-11-09T14:37:04","guid":{"rendered":"http:\/\/scootertime.ch\/?p=8341"},"modified":"2022-11-09T14:37:05","modified_gmt":"2022-11-09T14:37:05","slug":"eicma-2022-honda-enthuellt-seinen-ersten-elektroroller-em1-e","status":"publish","type":"post","link":"https:\/\/scootertime.ch\/de\/eicma-2022-honda-enthuellt-seinen-ersten-elektroroller-em1-e\/","title":{"rendered":"EICMA 2022 &#8211; Honda enth\u00fcllt seinen ersten Elektroroller EM1 e:"},"content":{"rendered":"\n<h4 class=\"wp-block-heading\">EM1 e: ANGETRIEBEN VOM LANGLEBIGEN UND EFFIZIENTEN HONDA MOBILE POWER PACK E: &#8211; FORZA 125 UND FORZA 350 ERHALTEN EINEN NEUEN LOOK &#8211;<\/h4>\n\n\n\n<figure class=\"wp-block-image size-large\"><img loading=\"lazy\" decoding=\"async\" width=\"1024\" height=\"683\" src=\"https:\/\/scootertime.ch\/wp-content\/uploads\/2022\/11\/421527_23YM_HONDA_EM1e_Location-1024x683.jpg\" alt=\"23YM HONDA EM1e Location\" class=\"wp-image-8308\" srcset=\"https:\/\/scootertime.ch\/wp-content\/uploads\/2022\/11\/421527_23YM_HONDA_EM1e_Location-1024x683.jpg 1024w, https:\/\/scootertime.ch\/wp-content\/uploads\/2022\/11\/421527_23YM_HONDA_EM1e_Location-300x200.jpg 300w, https:\/\/scootertime.ch\/wp-content\/uploads\/2022\/11\/421527_23YM_HONDA_EM1e_Location-768x512.jpg 768w, https:\/\/scootertime.ch\/wp-content\/uploads\/2022\/11\/421527_23YM_HONDA_EM1e_Location-435x290.jpg 435w, https:\/\/scootertime.ch\/wp-content\/uploads\/2022\/11\/421527_23YM_HONDA_EM1e_Location-150x100.jpg 150w, https:\/\/scootertime.ch\/wp-content\/uploads\/2022\/11\/421527_23YM_HONDA_EM1e_Location-370x247.jpg 370w, https:\/\/scootertime.ch\/wp-content\/uploads\/2022\/11\/421527_23YM_HONDA_EM1e_Location.jpg 1350w\" sizes=\"auto, (max-width: 1024px) 100vw, 1024px\" \/><figcaption> <em>23YM HONDA EM1e:<\/em><\/figcaption><\/figure>\n\n\n\n<p>Der EM1 e: ist das erste Honda EV Zweirad f\u00fcr Kunden in Europa und ist f\u00fcr den Marktstart im Sommer 2023 vorgesehen. Es ist das erste Modell, das nach der Ank\u00fcndigung von Honda, weltweit bis zum Jahr 2025 10 oder mehr Elektromotorr\u00e4der anzubieten, enth\u00fcllt wird.\u00a0 Die Premiere ist ein bedeutender erster Schritt, um die angestrebte Klimaneutralit\u00e4t f\u00fcr das gesamte Motorrad Line Up in den 2040er Jahren zu erreichen.<\/p>\n<div id='gallery-1' class='gallery galleryid-8341 gallery-columns-2 gallery-size-full'><figure class='gallery-item'>\n\t\t\t<div class='gallery-icon landscape'>\n\t\t\t\t<a href='https:\/\/scootertime.ch\/de\/23ym-honda-em1-e-2-2\/'><img loading=\"lazy\" decoding=\"async\" width=\"1149\" height=\"856\" src=\"https:\/\/scootertime.ch\/wp-content\/uploads\/2022\/11\/421495_23YM_HONDA_EM1_e.jpg\" class=\"attachment-full size-full\" alt=\"23YM HONDA EM1 e:\" srcset=\"https:\/\/scootertime.ch\/wp-content\/uploads\/2022\/11\/421495_23YM_HONDA_EM1_e.jpg 1149w, https:\/\/scootertime.ch\/wp-content\/uploads\/2022\/11\/421495_23YM_HONDA_EM1_e-300x223.jpg 300w, https:\/\/scootertime.ch\/wp-content\/uploads\/2022\/11\/421495_23YM_HONDA_EM1_e-1024x763.jpg 1024w, https:\/\/scootertime.ch\/wp-content\/uploads\/2022\/11\/421495_23YM_HONDA_EM1_e-768x572.jpg 768w\" sizes=\"auto, (max-width: 1149px) 100vw, 1149px\" \/><\/a>\n\t\t\t<\/div><\/figure><figure class='gallery-item'>\n\t\t\t<div class='gallery-icon landscape'>\n\t\t\t\t<a href='https:\/\/scootertime.ch\/de\/23ym-honda-em1-e-2\/'><img loading=\"lazy\" decoding=\"async\" width=\"1147\" height=\"856\" src=\"https:\/\/scootertime.ch\/wp-content\/uploads\/2022\/11\/421494_23YM_HONDA_EM1_e.jpg\" class=\"attachment-full size-full\" alt=\"23YM HONDA EM1 e:\" srcset=\"https:\/\/scootertime.ch\/wp-content\/uploads\/2022\/11\/421494_23YM_HONDA_EM1_e.jpg 1147w, https:\/\/scootertime.ch\/wp-content\/uploads\/2022\/11\/421494_23YM_HONDA_EM1_e-300x224.jpg 300w, https:\/\/scootertime.ch\/wp-content\/uploads\/2022\/11\/421494_23YM_HONDA_EM1_e-1024x764.jpg 1024w, https:\/\/scootertime.ch\/wp-content\/uploads\/2022\/11\/421494_23YM_HONDA_EM1_e-768x573.jpg 768w\" sizes=\"auto, (max-width: 1147px) 100vw, 1147px\" \/><\/a>\n\t\t\t<\/div><\/figure><figure class='gallery-item'>\n\t\t\t<div class='gallery-icon landscape'>\n\t\t\t\t<a href='https:\/\/scootertime.ch\/de\/23ym-honda-em1-e-4-2\/'><img loading=\"lazy\" decoding=\"async\" width=\"1150\" height=\"858\" src=\"https:\/\/scootertime.ch\/wp-content\/uploads\/2022\/11\/421499_23YM_HONDA_EM1_e.jpg\" class=\"attachment-full size-full\" alt=\"23YM HONDA EM1 e:\" srcset=\"https:\/\/scootertime.ch\/wp-content\/uploads\/2022\/11\/421499_23YM_HONDA_EM1_e.jpg 1150w, https:\/\/scootertime.ch\/wp-content\/uploads\/2022\/11\/421499_23YM_HONDA_EM1_e-300x224.jpg 300w, https:\/\/scootertime.ch\/wp-content\/uploads\/2022\/11\/421499_23YM_HONDA_EM1_e-1024x764.jpg 1024w, https:\/\/scootertime.ch\/wp-content\/uploads\/2022\/11\/421499_23YM_HONDA_EM1_e-768x573.jpg 768w\" sizes=\"auto, (max-width: 1150px) 100vw, 1150px\" \/><\/a>\n\t\t\t<\/div><\/figure><figure class='gallery-item'>\n\t\t\t<div class='gallery-icon landscape'>\n\t\t\t\t<a href='https:\/\/scootertime.ch\/de\/23ym-honda-em1-e-3-2\/'><img loading=\"lazy\" decoding=\"async\" width=\"1297\" height=\"862\" src=\"https:\/\/scootertime.ch\/wp-content\/uploads\/2022\/11\/421496_23YM_HONDA_EM1_e.jpg\" class=\"attachment-full size-full\" alt=\"23YM HONDA EM1 e:\" srcset=\"https:\/\/scootertime.ch\/wp-content\/uploads\/2022\/11\/421496_23YM_HONDA_EM1_e.jpg 1297w, https:\/\/scootertime.ch\/wp-content\/uploads\/2022\/11\/421496_23YM_HONDA_EM1_e-300x199.jpg 300w, https:\/\/scootertime.ch\/wp-content\/uploads\/2022\/11\/421496_23YM_HONDA_EM1_e-1024x681.jpg 1024w, https:\/\/scootertime.ch\/wp-content\/uploads\/2022\/11\/421496_23YM_HONDA_EM1_e-768x510.jpg 768w, https:\/\/scootertime.ch\/wp-content\/uploads\/2022\/11\/421496_23YM_HONDA_EM1_e-435x290.jpg 435w, https:\/\/scootertime.ch\/wp-content\/uploads\/2022\/11\/421496_23YM_HONDA_EM1_e-150x100.jpg 150w, https:\/\/scootertime.ch\/wp-content\/uploads\/2022\/11\/421496_23YM_HONDA_EM1_e-370x247.jpg 370w\" sizes=\"auto, (max-width: 1297px) 100vw, 1297px\" \/><\/a>\n\t\t\t<\/div><\/figure>\n\t\t<\/div>\n\n<p>EM steht f\u00fcr \u00abElektro Moped\u00bb und richtet sich an eine junge Zielgruppe, die sich unkomplizierten Fahrspass im urbanen Bereich w\u00fcnscht. Der EM1 e: ist kompakt, verf\u00fcgt \u00fcber einen flachen Durchstieg und ein elegantes Styling, das seine Einzigartigkeit im Honda Sortiment unterstreicht. Perfekt f\u00fcr kurze Strecken in der Stadt und effizientes, leises und emissionsfreies Fahren, erf\u00fcllt der EM1 e: die modernen Erwartungen an urbane Mobilit\u00e4t.<\/p>\n<p>Der Honda EM1 e: verf\u00fcgt \u00fcber einen Elektroantrieb, der seine Energie aus dem Honda Mobile Power Pack e: bezieht, mit Fokus auf Langlebigkeit, Zuverl\u00e4ssigkeit und Qualit\u00e4t. Eine einzelne Ladung bietet eine Reichweite von mehr als 40 km, und das Mobile Power Pack (MPP) wurde daf\u00fcr konzipiert, unterschiedlichen Temperaturen, Luftfeuchtigkeit und weiteren Bedingungen standzuhalten. Das MPP ist eine austauschbare Batterie, die von Honda selbst entwickelt wurde, und ein schnelles und einfaches Entfernen zum Aufladen zu Hause erm\u00f6glicht.<\/p>\n<figure id=\"attachment_8323\" aria-describedby=\"caption-attachment-8323\" style=\"width: 710px\" class=\"wp-caption aligncenter\"><a href=\"http:\/\/scootertime.ch\/de\/?attachment_id=8323\"><img loading=\"lazy\" decoding=\"async\" class=\"wp-image-8323 size-full\" src=\"https:\/\/scootertime.ch\/wp-content\/uploads\/2022\/11\/421485_23YM_HONDA_FORZA_350-e1668004468795.jpg\" alt=\"23YM HONDA FORZA 350\" width=\"720\" height=\"355\" srcset=\"https:\/\/scootertime.ch\/wp-content\/uploads\/2022\/11\/421485_23YM_HONDA_FORZA_350-e1668004468795.jpg 720w, https:\/\/scootertime.ch\/wp-content\/uploads\/2022\/11\/421485_23YM_HONDA_FORZA_350-e1668004468795-300x148.jpg 300w\" sizes=\"auto, (max-width: 720px) 100vw, 720px\" \/><\/a><figcaption id=\"caption-attachment-8323\" class=\"wp-caption-text\"><em>23YM HONDA FORZA 350<\/em><\/figcaption><\/figure>\n<h2><strong>Forza 125 und Forza 350 erhalten einen neuen Look<\/strong><\/h2>\n<p>Die Forza Roller im Honda Line Up stehen f\u00fcr einen Premium Mix aus Komfort, Sportlichkeit und GT-Elementen. Sowohl Forza 350 und Forza 125 verf\u00fcgen \u00fcber eine umfangreiche Serienausstattung inklusive Honda Selectable Torque Control (HSTC), elektrisch verstellbarem Windschild, USB-C Ladeanschluss, reichlich Stauraum f\u00fcr zwei Integralhelme, volle LED-Beleuchtung und SMART Key System. Im Jahr 2020 kam der Forza 750 zur Modellfamilie hinzu und seit dem Start des Forza 125 im Jahr 2012 bis jetzt konnten 160\u2019000 St\u00fcck dieser Premium Roller verkauft werden.<\/p>\n<div id='gallery-2' class='gallery galleryid-8341 gallery-columns-2 gallery-size-full'><figure class='gallery-item'>\n\t\t\t<div class='gallery-icon landscape'>\n\t\t\t\t<a href='https:\/\/scootertime.ch\/de\/23ym-honda-forza-350-3-2\/'><img loading=\"lazy\" decoding=\"async\" width=\"1350\" height=\"900\" src=\"https:\/\/scootertime.ch\/wp-content\/uploads\/2022\/11\/421452_23YM_HONDA_FORZA_350.jpg\" class=\"attachment-full size-full\" alt=\"23YM HONDA FORZA 350\" aria-describedby=\"gallery-2-8326\" srcset=\"https:\/\/scootertime.ch\/wp-content\/uploads\/2022\/11\/421452_23YM_HONDA_FORZA_350.jpg 1350w, https:\/\/scootertime.ch\/wp-content\/uploads\/2022\/11\/421452_23YM_HONDA_FORZA_350-300x200.jpg 300w, https:\/\/scootertime.ch\/wp-content\/uploads\/2022\/11\/421452_23YM_HONDA_FORZA_350-1024x683.jpg 1024w, https:\/\/scootertime.ch\/wp-content\/uploads\/2022\/11\/421452_23YM_HONDA_FORZA_350-768x512.jpg 768w, https:\/\/scootertime.ch\/wp-content\/uploads\/2022\/11\/421452_23YM_HONDA_FORZA_350-435x290.jpg 435w, https:\/\/scootertime.ch\/wp-content\/uploads\/2022\/11\/421452_23YM_HONDA_FORZA_350-150x100.jpg 150w, https:\/\/scootertime.ch\/wp-content\/uploads\/2022\/11\/421452_23YM_HONDA_FORZA_350-370x247.jpg 370w\" sizes=\"auto, (max-width: 1350px) 100vw, 1350px\" \/><\/a>\n\t\t\t<\/div>\n\t\t\t\t<figcaption class='wp-caption-text gallery-caption' id='gallery-2-8326'>\n\t\t\t\t23YM HONDA FORZA 350\n\t\t\t\t<\/figcaption><\/figure><figure class='gallery-item'>\n\t\t\t<div class='gallery-icon landscape'>\n\t\t\t\t<a href='https:\/\/scootertime.ch\/de\/23ym-honda-forza-350-2\/'><img loading=\"lazy\" decoding=\"async\" width=\"1350\" height=\"900\" src=\"https:\/\/scootertime.ch\/wp-content\/uploads\/2022\/11\/421439_23YM_HONDA_FORZA_350.jpg\" class=\"attachment-full size-full\" alt=\"23YM HONDA FORZA 350\" aria-describedby=\"gallery-2-8320\" srcset=\"https:\/\/scootertime.ch\/wp-content\/uploads\/2022\/11\/421439_23YM_HONDA_FORZA_350.jpg 1350w, https:\/\/scootertime.ch\/wp-content\/uploads\/2022\/11\/421439_23YM_HONDA_FORZA_350-300x200.jpg 300w, https:\/\/scootertime.ch\/wp-content\/uploads\/2022\/11\/421439_23YM_HONDA_FORZA_350-1024x683.jpg 1024w, https:\/\/scootertime.ch\/wp-content\/uploads\/2022\/11\/421439_23YM_HONDA_FORZA_350-768x512.jpg 768w, https:\/\/scootertime.ch\/wp-content\/uploads\/2022\/11\/421439_23YM_HONDA_FORZA_350-435x290.jpg 435w, https:\/\/scootertime.ch\/wp-content\/uploads\/2022\/11\/421439_23YM_HONDA_FORZA_350-150x100.jpg 150w, https:\/\/scootertime.ch\/wp-content\/uploads\/2022\/11\/421439_23YM_HONDA_FORZA_350-370x247.jpg 370w\" sizes=\"auto, (max-width: 1350px) 100vw, 1350px\" \/><\/a>\n\t\t\t<\/div>\n\t\t\t\t<figcaption class='wp-caption-text gallery-caption' id='gallery-2-8320'>\n\t\t\t\t23YM HONDA FORZA 350\n\t\t\t\t<\/figcaption><\/figure><figure class='gallery-item'>\n\t\t\t<div class='gallery-icon landscape'>\n\t\t\t\t<a href='https:\/\/scootertime.ch\/de\/23ym-honda-forza-125-2\/'><img loading=\"lazy\" decoding=\"async\" width=\"1200\" height=\"900\" src=\"https:\/\/scootertime.ch\/wp-content\/uploads\/2022\/11\/421392_23YM_HONDA_FORZA_125.jpg\" class=\"attachment-full size-full\" alt=\"23YM HONDA FORZA 125\" aria-describedby=\"gallery-2-8314\" srcset=\"https:\/\/scootertime.ch\/wp-content\/uploads\/2022\/11\/421392_23YM_HONDA_FORZA_125.jpg 1200w, https:\/\/scootertime.ch\/wp-content\/uploads\/2022\/11\/421392_23YM_HONDA_FORZA_125-300x225.jpg 300w, https:\/\/scootertime.ch\/wp-content\/uploads\/2022\/11\/421392_23YM_HONDA_FORZA_125-1024x768.jpg 1024w, https:\/\/scootertime.ch\/wp-content\/uploads\/2022\/11\/421392_23YM_HONDA_FORZA_125-768x576.jpg 768w\" sizes=\"auto, (max-width: 1200px) 100vw, 1200px\" \/><\/a>\n\t\t\t<\/div>\n\t\t\t\t<figcaption class='wp-caption-text gallery-caption' id='gallery-2-8314'>\n\t\t\t\t23YM HONDA FORZA 125\n\t\t\t\t<\/figcaption><\/figure><figure class='gallery-item'>\n\t\t\t<div class='gallery-icon landscape'>\n\t\t\t\t<a href='https:\/\/scootertime.ch\/de\/23ym-forza-125-2\/'><img loading=\"lazy\" decoding=\"async\" width=\"1200\" height=\"900\" src=\"https:\/\/scootertime.ch\/wp-content\/uploads\/2022\/11\/421313_23YM_FORZA_125.jpg\" class=\"attachment-full size-full\" alt=\"23YM FORZA 125\" aria-describedby=\"gallery-2-8311\" srcset=\"https:\/\/scootertime.ch\/wp-content\/uploads\/2022\/11\/421313_23YM_FORZA_125.jpg 1200w, https:\/\/scootertime.ch\/wp-content\/uploads\/2022\/11\/421313_23YM_FORZA_125-300x225.jpg 300w, https:\/\/scootertime.ch\/wp-content\/uploads\/2022\/11\/421313_23YM_FORZA_125-1024x768.jpg 1024w, https:\/\/scootertime.ch\/wp-content\/uploads\/2022\/11\/421313_23YM_FORZA_125-768x576.jpg 768w\" sizes=\"auto, (max-width: 1200px) 100vw, 1200px\" \/><\/a>\n\t\t\t<\/div>\n\t\t\t\t<figcaption class='wp-caption-text gallery-caption' id='gallery-2-8311'>\n\t\t\t\t23YM FORZA 125\n\t\t\t\t<\/figcaption><\/figure>\n\t\t<\/div>\n\n<p>Im Modelljahr 2023 erhalten Forza 350 und Forza 125 eine neue Frontverkleidung f\u00fcr einen noch eleganteren Look, der seine Design Anleihen aus dem Forza 750 bezieht. Angef\u00fchrt von den schlanken Doppel-LED-Scheinwerfern dr\u00fcckt die neue Front eine ausserordentlich sportliche energetische Form und Premium Look aus. Eine neu designte Instrumententafel kombiniert analoge und digitale Anzeige-Elemente.<\/p>\n<figure id=\"attachment_8317\" aria-describedby=\"caption-attachment-8317\" style=\"width: 1340px\" class=\"wp-caption aligncenter\"><a href=\"http:\/\/scootertime.ch\/de\/23ym-honda-forza-125-2-2\/\"><img loading=\"lazy\" decoding=\"async\" class=\"size-full wp-image-8317\" src=\"https:\/\/scootertime.ch\/wp-content\/uploads\/2022\/11\/421397_23YM_HONDA_FORZA_125.jpg\" alt=\"23YM HONDA FORZA 125\" width=\"1350\" height=\"900\" srcset=\"https:\/\/scootertime.ch\/wp-content\/uploads\/2022\/11\/421397_23YM_HONDA_FORZA_125.jpg 1350w, https:\/\/scootertime.ch\/wp-content\/uploads\/2022\/11\/421397_23YM_HONDA_FORZA_125-300x200.jpg 300w, https:\/\/scootertime.ch\/wp-content\/uploads\/2022\/11\/421397_23YM_HONDA_FORZA_125-1024x683.jpg 1024w, https:\/\/scootertime.ch\/wp-content\/uploads\/2022\/11\/421397_23YM_HONDA_FORZA_125-768x512.jpg 768w, https:\/\/scootertime.ch\/wp-content\/uploads\/2022\/11\/421397_23YM_HONDA_FORZA_125-435x290.jpg 435w, https:\/\/scootertime.ch\/wp-content\/uploads\/2022\/11\/421397_23YM_HONDA_FORZA_125-150x100.jpg 150w, https:\/\/scootertime.ch\/wp-content\/uploads\/2022\/11\/421397_23YM_HONDA_FORZA_125-370x247.jpg 370w\" sizes=\"auto, (max-width: 1350px) 100vw, 1350px\" \/><\/a><figcaption id=\"caption-attachment-8317\" class=\"wp-caption-text\"><em>23YM HONDA FORZA 125<\/em><\/figcaption><\/figure>\n","protected":false},"excerpt":{"rendered":"<p>EM1 e: ANGETRIEBEN VOM LANGLEBIGEN UND EFFIZIENTEN HONDA MOBILE POWER PACK E:\u2026<\/p>\n","protected":false},"author":1,"featured_media":8342,"comment_status":"open","ping_status":"open","sticky":false,"template":"","format":"standard","meta":{"footnotes":""},"categories":[27],"tags":[],"class_list":["post-8341","post","type-post","status-publish","format-standard","has-post-thumbnail","hentry","category-news-de"],"yoast_head":"<!-- This site is optimized with the Yoast SEO plugin v27.4 - https:\/\/yoast.com\/product\/yoast-seo-wordpress\/ -->\n<title>EICMA 2022 - Honda enth\u00fcllt seinen ersten Elektroroller EM1 e: - Scootertime<\/title>\n<meta name=\"robots\" content=\"index, follow, max-snippet:-1, max-image-preview:large, max-video-preview:-1\" \/>\n<link rel=\"canonical\" href=\"https:\/\/scootertime.ch\/de\/eicma-2022-honda-enthuellt-seinen-ersten-elektroroller-em1-e\/\" \/>\n<meta property=\"og:locale\" content=\"de_DE\" \/>\n<meta property=\"og:type\" content=\"article\" \/>\n<meta property=\"og:title\" content=\"EICMA 2022 - Honda enth\u00fcllt seinen ersten Elektroroller EM1 e: - Scootertime\" \/>\n<meta property=\"og:description\" content=\"EM1 e: ANGETRIEBEN VOM LANGLEBIGEN UND EFFIZIENTEN HONDA MOBILE POWER PACK E:\u2026\" \/>\n<meta property=\"og:url\" content=\"https:\/\/scootertime.ch\/de\/eicma-2022-honda-enthuellt-seinen-ersten-elektroroller-em1-e\/\" \/>\n<meta property=\"og:site_name\" content=\"Scootertime\" \/>\n<meta property=\"article:published_time\" content=\"2022-11-09T14:37:04+00:00\" \/>\n<meta property=\"article:modified_time\" content=\"2022-11-09T14:37:05+00:00\" \/>\n<meta property=\"og:image\" content=\"https:\/\/scootertime.ch\/wp-content\/uploads\/2022\/11\/23YM_HONDA_EM1e.jpg\" \/>\n\t<meta property=\"og:image:width\" content=\"600\" \/>\n\t<meta property=\"og:image:height\" content=\"400\" \/>\n\t<meta property=\"og:image:type\" content=\"image\/jpeg\" \/>\n<meta name=\"author\" content=\"Red. SCT\" \/>\n<meta name=\"twitter:card\" content=\"summary_large_image\" \/>\n<meta name=\"twitter:label1\" content=\"Verfasst von\" \/>\n\t<meta name=\"twitter:data1\" content=\"Red. SCT\" \/>\n\t<meta name=\"twitter:label2\" content=\"Gesch\u00e4tzte Lesezeit\" \/>\n\t<meta name=\"twitter:data2\" content=\"2\u00a0Minuten\" \/>\n<script type=\"application\/ld+json\" class=\"yoast-schema-graph\">{\"@context\":\"https:\\\/\\\/schema.org\",\"@graph\":[{\"@type\":\"Article\",\"@id\":\"https:\\\/\\\/scootertime.ch\\\/de\\\/eicma-2022-honda-enthuellt-seinen-ersten-elektroroller-em1-e\\\/#article\",\"isPartOf\":{\"@id\":\"https:\\\/\\\/scootertime.ch\\\/de\\\/eicma-2022-honda-enthuellt-seinen-ersten-elektroroller-em1-e\\\/\"},\"author\":{\"name\":\"Red. SCT\",\"@id\":\"https:\\\/\\\/scootertime.ch\\\/#\\\/schema\\\/person\\\/7b982e4db7ec822a53954bf2b0df2537\"},\"headline\":\"EICMA 2022 &#8211; Honda enth\u00fcllt seinen ersten Elektroroller EM1 e:\",\"datePublished\":\"2022-11-09T14:37:04+00:00\",\"dateModified\":\"2022-11-09T14:37:05+00:00\",\"mainEntityOfPage\":{\"@id\":\"https:\\\/\\\/scootertime.ch\\\/de\\\/eicma-2022-honda-enthuellt-seinen-ersten-elektroroller-em1-e\\\/\"},\"wordCount\":423,\"commentCount\":0,\"publisher\":{\"@id\":\"https:\\\/\\\/scootertime.ch\\\/#organization\"},\"image\":{\"@id\":\"https:\\\/\\\/scootertime.ch\\\/de\\\/eicma-2022-honda-enthuellt-seinen-ersten-elektroroller-em1-e\\\/#primaryimage\"},\"thumbnailUrl\":\"https:\\\/\\\/scootertime.ch\\\/wp-content\\\/uploads\\\/2022\\\/11\\\/23YM_HONDA_EM1e.jpg\",\"articleSection\":[\"News\"],\"inLanguage\":\"de\"},{\"@type\":\"WebPage\",\"@id\":\"https:\\\/\\\/scootertime.ch\\\/de\\\/eicma-2022-honda-enthuellt-seinen-ersten-elektroroller-em1-e\\\/\",\"url\":\"https:\\\/\\\/scootertime.ch\\\/de\\\/eicma-2022-honda-enthuellt-seinen-ersten-elektroroller-em1-e\\\/\",\"name\":\"EICMA 2022 - Honda enth\u00fcllt seinen ersten Elektroroller EM1 e: - Scootertime\",\"isPartOf\":{\"@id\":\"https:\\\/\\\/scootertime.ch\\\/#website\"},\"primaryImageOfPage\":{\"@id\":\"https:\\\/\\\/scootertime.ch\\\/de\\\/eicma-2022-honda-enthuellt-seinen-ersten-elektroroller-em1-e\\\/#primaryimage\"},\"image\":{\"@id\":\"https:\\\/\\\/scootertime.ch\\\/de\\\/eicma-2022-honda-enthuellt-seinen-ersten-elektroroller-em1-e\\\/#primaryimage\"},\"thumbnailUrl\":\"https:\\\/\\\/scootertime.ch\\\/wp-content\\\/uploads\\\/2022\\\/11\\\/23YM_HONDA_EM1e.jpg\",\"datePublished\":\"2022-11-09T14:37:04+00:00\",\"dateModified\":\"2022-11-09T14:37:05+00:00\",\"breadcrumb\":{\"@id\":\"https:\\\/\\\/scootertime.ch\\\/de\\\/eicma-2022-honda-enthuellt-seinen-ersten-elektroroller-em1-e\\\/#breadcrumb\"},\"inLanguage\":\"de\",\"potentialAction\":[{\"@type\":\"ReadAction\",\"target\":[\"https:\\\/\\\/scootertime.ch\\\/de\\\/eicma-2022-honda-enthuellt-seinen-ersten-elektroroller-em1-e\\\/\"]}]},{\"@type\":\"ImageObject\",\"inLanguage\":\"de\",\"@id\":\"https:\\\/\\\/scootertime.ch\\\/de\\\/eicma-2022-honda-enthuellt-seinen-ersten-elektroroller-em1-e\\\/#primaryimage\",\"url\":\"https:\\\/\\\/scootertime.ch\\\/wp-content\\\/uploads\\\/2022\\\/11\\\/23YM_HONDA_EM1e.jpg\",\"contentUrl\":\"https:\\\/\\\/scootertime.ch\\\/wp-content\\\/uploads\\\/2022\\\/11\\\/23YM_HONDA_EM1e.jpg\",\"width\":600,\"height\":400,\"caption\":\"23YM HONDA EM1e\"},{\"@type\":\"BreadcrumbList\",\"@id\":\"https:\\\/\\\/scootertime.ch\\\/de\\\/eicma-2022-honda-enthuellt-seinen-ersten-elektroroller-em1-e\\\/#breadcrumb\",\"itemListElement\":[{\"@type\":\"ListItem\",\"position\":1,\"name\":\"Home\",\"item\":\"https:\\\/\\\/scootertime.ch\\\/de\\\/\"},{\"@type\":\"ListItem\",\"position\":2,\"name\":\"EICMA 2022 &#8211; Honda enth\u00fcllt seinen ersten Elektroroller EM1 e:\"}]},{\"@type\":\"WebSite\",\"@id\":\"https:\\\/\\\/scootertime.ch\\\/#website\",\"url\":\"https:\\\/\\\/scootertime.ch\\\/\",\"name\":\"Scootertime\",\"description\":\"Das erste Schweizer Rollermagazin\",\"publisher\":{\"@id\":\"https:\\\/\\\/scootertime.ch\\\/#organization\"},\"potentialAction\":[{\"@type\":\"SearchAction\",\"target\":{\"@type\":\"EntryPoint\",\"urlTemplate\":\"https:\\\/\\\/scootertime.ch\\\/?s={search_term_string}\"},\"query-input\":{\"@type\":\"PropertyValueSpecification\",\"valueRequired\":true,\"valueName\":\"search_term_string\"}}],\"inLanguage\":\"de\"},{\"@type\":\"Organization\",\"@id\":\"https:\\\/\\\/scootertime.ch\\\/#organization\",\"name\":\"Scootertime\",\"url\":\"https:\\\/\\\/scootertime.ch\\\/\",\"logo\":{\"@type\":\"ImageObject\",\"inLanguage\":\"de\",\"@id\":\"https:\\\/\\\/scootertime.ch\\\/#\\\/schema\\\/logo\\\/image\\\/\",\"url\":\"https:\\\/\\\/scootertime.ch\\\/wp-content\\\/uploads\\\/2018\\\/04\\\/cropped-testata-fondo-nero.jpg\",\"contentUrl\":\"https:\\\/\\\/scootertime.ch\\\/wp-content\\\/uploads\\\/2018\\\/04\\\/cropped-testata-fondo-nero.jpg\",\"width\":280,\"height\":90,\"caption\":\"Scootertime\"},\"image\":{\"@id\":\"https:\\\/\\\/scootertime.ch\\\/#\\\/schema\\\/logo\\\/image\\\/\"}},{\"@type\":\"Person\",\"@id\":\"https:\\\/\\\/scootertime.ch\\\/#\\\/schema\\\/person\\\/7b982e4db7ec822a53954bf2b0df2537\",\"name\":\"Red. SCT\",\"image\":{\"@type\":\"ImageObject\",\"inLanguage\":\"de\",\"@id\":\"https:\\\/\\\/secure.gravatar.com\\\/avatar\\\/919071c8ee7b6d7474a8e74a8fb9c3b6d7b4606b6d24134ae156375f0b34bc19?s=96&d=mm&r=g\",\"url\":\"https:\\\/\\\/secure.gravatar.com\\\/avatar\\\/919071c8ee7b6d7474a8e74a8fb9c3b6d7b4606b6d24134ae156375f0b34bc19?s=96&d=mm&r=g\",\"contentUrl\":\"https:\\\/\\\/secure.gravatar.com\\\/avatar\\\/919071c8ee7b6d7474a8e74a8fb9c3b6d7b4606b6d24134ae156375f0b34bc19?s=96&d=mm&r=g\",\"caption\":\"Red. SCT\"},\"url\":\"https:\\\/\\\/scootertime.ch\\\/de\\\/author\\\/admin\\\/\"}]}<\/script>\n<!-- \/ Yoast SEO plugin. -->","yoast_head_json":{"title":"EICMA 2022 - Honda enth\u00fcllt seinen ersten Elektroroller EM1 e: - Scootertime","robots":{"index":"index","follow":"follow","max-snippet":"max-snippet:-1","max-image-preview":"max-image-preview:large","max-video-preview":"max-video-preview:-1"},"canonical":"https:\/\/scootertime.ch\/de\/eicma-2022-honda-enthuellt-seinen-ersten-elektroroller-em1-e\/","og_locale":"de_DE","og_type":"article","og_title":"EICMA 2022 - Honda enth\u00fcllt seinen ersten Elektroroller EM1 e: - Scootertime","og_description":"EM1 e: ANGETRIEBEN VOM LANGLEBIGEN UND EFFIZIENTEN HONDA MOBILE POWER PACK E:\u2026","og_url":"https:\/\/scootertime.ch\/de\/eicma-2022-honda-enthuellt-seinen-ersten-elektroroller-em1-e\/","og_site_name":"Scootertime","article_published_time":"2022-11-09T14:37:04+00:00","article_modified_time":"2022-11-09T14:37:05+00:00","og_image":[{"width":600,"height":400,"url":"https:\/\/scootertime.ch\/wp-content\/uploads\/2022\/11\/23YM_HONDA_EM1e.jpg","type":"image\/jpeg"}],"author":"Red. SCT","twitter_card":"summary_large_image","twitter_misc":{"Verfasst von":"Red. SCT","Gesch\u00e4tzte Lesezeit":"2\u00a0Minuten"},"schema":{"@context":"https:\/\/schema.org","@graph":[{"@type":"Article","@id":"https:\/\/scootertime.ch\/de\/eicma-2022-honda-enthuellt-seinen-ersten-elektroroller-em1-e\/#article","isPartOf":{"@id":"https:\/\/scootertime.ch\/de\/eicma-2022-honda-enthuellt-seinen-ersten-elektroroller-em1-e\/"},"author":{"name":"Red. SCT","@id":"https:\/\/scootertime.ch\/#\/schema\/person\/7b982e4db7ec822a53954bf2b0df2537"},"headline":"EICMA 2022 &#8211; Honda enth\u00fcllt seinen ersten Elektroroller EM1 e:","datePublished":"2022-11-09T14:37:04+00:00","dateModified":"2022-11-09T14:37:05+00:00","mainEntityOfPage":{"@id":"https:\/\/scootertime.ch\/de\/eicma-2022-honda-enthuellt-seinen-ersten-elektroroller-em1-e\/"},"wordCount":423,"commentCount":0,"publisher":{"@id":"https:\/\/scootertime.ch\/#organization"},"image":{"@id":"https:\/\/scootertime.ch\/de\/eicma-2022-honda-enthuellt-seinen-ersten-elektroroller-em1-e\/#primaryimage"},"thumbnailUrl":"https:\/\/scootertime.ch\/wp-content\/uploads\/2022\/11\/23YM_HONDA_EM1e.jpg","articleSection":["News"],"inLanguage":"de"},{"@type":"WebPage","@id":"https:\/\/scootertime.ch\/de\/eicma-2022-honda-enthuellt-seinen-ersten-elektroroller-em1-e\/","url":"https:\/\/scootertime.ch\/de\/eicma-2022-honda-enthuellt-seinen-ersten-elektroroller-em1-e\/","name":"EICMA 2022 - Honda enth\u00fcllt seinen ersten Elektroroller EM1 e: - Scootertime","isPartOf":{"@id":"https:\/\/scootertime.ch\/#website"},"primaryImageOfPage":{"@id":"https:\/\/scootertime.ch\/de\/eicma-2022-honda-enthuellt-seinen-ersten-elektroroller-em1-e\/#primaryimage"},"image":{"@id":"https:\/\/scootertime.ch\/de\/eicma-2022-honda-enthuellt-seinen-ersten-elektroroller-em1-e\/#primaryimage"},"thumbnailUrl":"https:\/\/scootertime.ch\/wp-content\/uploads\/2022\/11\/23YM_HONDA_EM1e.jpg","datePublished":"2022-11-09T14:37:04+00:00","dateModified":"2022-11-09T14:37:05+00:00","breadcrumb":{"@id":"https:\/\/scootertime.ch\/de\/eicma-2022-honda-enthuellt-seinen-ersten-elektroroller-em1-e\/#breadcrumb"},"inLanguage":"de","potentialAction":[{"@type":"ReadAction","target":["https:\/\/scootertime.ch\/de\/eicma-2022-honda-enthuellt-seinen-ersten-elektroroller-em1-e\/"]}]},{"@type":"ImageObject","inLanguage":"de","@id":"https:\/\/scootertime.ch\/de\/eicma-2022-honda-enthuellt-seinen-ersten-elektroroller-em1-e\/#primaryimage","url":"https:\/\/scootertime.ch\/wp-content\/uploads\/2022\/11\/23YM_HONDA_EM1e.jpg","contentUrl":"https:\/\/scootertime.ch\/wp-content\/uploads\/2022\/11\/23YM_HONDA_EM1e.jpg","width":600,"height":400,"caption":"23YM HONDA EM1e"},{"@type":"BreadcrumbList","@id":"https:\/\/scootertime.ch\/de\/eicma-2022-honda-enthuellt-seinen-ersten-elektroroller-em1-e\/#breadcrumb","itemListElement":[{"@type":"ListItem","position":1,"name":"Home","item":"https:\/\/scootertime.ch\/de\/"},{"@type":"ListItem","position":2,"name":"EICMA 2022 &#8211; Honda enth\u00fcllt seinen ersten Elektroroller EM1 e:"}]},{"@type":"WebSite","@id":"https:\/\/scootertime.ch\/#website","url":"https:\/\/scootertime.ch\/","name":"Scootertime","description":"Das erste Schweizer Rollermagazin","publisher":{"@id":"https:\/\/scootertime.ch\/#organization"},"potentialAction":[{"@type":"SearchAction","target":{"@type":"EntryPoint","urlTemplate":"https:\/\/scootertime.ch\/?s={search_term_string}"},"query-input":{"@type":"PropertyValueSpecification","valueRequired":true,"valueName":"search_term_string"}}],"inLanguage":"de"},{"@type":"Organization","@id":"https:\/\/scootertime.ch\/#organization","name":"Scootertime","url":"https:\/\/scootertime.ch\/","logo":{"@type":"ImageObject","inLanguage":"de","@id":"https:\/\/scootertime.ch\/#\/schema\/logo\/image\/","url":"https:\/\/scootertime.ch\/wp-content\/uploads\/2018\/04\/cropped-testata-fondo-nero.jpg","contentUrl":"https:\/\/scootertime.ch\/wp-content\/uploads\/2018\/04\/cropped-testata-fondo-nero.jpg","width":280,"height":90,"caption":"Scootertime"},"image":{"@id":"https:\/\/scootertime.ch\/#\/schema\/logo\/image\/"}},{"@type":"Person","@id":"https:\/\/scootertime.ch\/#\/schema\/person\/7b982e4db7ec822a53954bf2b0df2537","name":"Red. SCT","image":{"@type":"ImageObject","inLanguage":"de","@id":"https:\/\/secure.gravatar.com\/avatar\/919071c8ee7b6d7474a8e74a8fb9c3b6d7b4606b6d24134ae156375f0b34bc19?s=96&d=mm&r=g","url":"https:\/\/secure.gravatar.com\/avatar\/919071c8ee7b6d7474a8e74a8fb9c3b6d7b4606b6d24134ae156375f0b34bc19?s=96&d=mm&r=g","contentUrl":"https:\/\/secure.gravatar.com\/avatar\/919071c8ee7b6d7474a8e74a8fb9c3b6d7b4606b6d24134ae156375f0b34bc19?s=96&d=mm&r=g","caption":"Red. SCT"},"url":"https:\/\/scootertime.ch\/de\/author\/admin\/"}]}},"_links":{"self":[{"href":"https:\/\/scootertime.ch\/de\/wp-json\/wp\/v2\/posts\/8341","targetHints":{"allow":["GET"]}}],"collection":[{"href":"https:\/\/scootertime.ch\/de\/wp-json\/wp\/v2\/posts"}],"about":[{"href":"https:\/\/scootertime.ch\/de\/wp-json\/wp\/v2\/types\/post"}],"author":[{"embeddable":true,"href":"https:\/\/scootertime.ch\/de\/wp-json\/wp\/v2\/users\/1"}],"replies":[{"embeddable":true,"href":"https:\/\/scootertime.ch\/de\/wp-json\/wp\/v2\/comments?post=8341"}],"version-history":[{"count":1,"href":"https:\/\/scootertime.ch\/de\/wp-json\/wp\/v2\/posts\/8341\/revisions"}],"predecessor-version":[{"id":8345,"href":"https:\/\/scootertime.ch\/de\/wp-json\/wp\/v2\/posts\/8341\/revisions\/8345"}],"wp:featuredmedia":[{"embeddable":true,"href":"https:\/\/scootertime.ch\/de\/wp-json\/wp\/v2\/media\/8342"}],"wp:attachment":[{"href":"https:\/\/scootertime.ch\/de\/wp-json\/wp\/v2\/media?parent=8341"}],"wp:term":[{"taxonomy":"category","embeddable":true,"href":"https:\/\/scootertime.ch\/de\/wp-json\/wp\/v2\/categories?post=8341"},{"taxonomy":"post_tag","embeddable":true,"href":"https:\/\/scootertime.ch\/de\/wp-json\/wp\/v2\/tags?post=8341"}],"curies":[{"name":"wp","href":"https:\/\/api.w.org\/{rel}","templated":true}]}}