{"id":8931,"date":"2023-07-14T16:24:24","date_gmt":"2023-07-14T16:24:24","guid":{"rendered":"http:\/\/scootertime.ch\/?p=8931"},"modified":"2023-07-14T16:24:25","modified_gmt":"2023-07-14T16:24:25","slug":"der-neue-bmw-ce-02","status":"publish","type":"post","link":"https:\/\/scootertime.ch\/de\/der-neue-bmw-ce-02\/","title":{"rendered":"DER NEUE BMW CE 02"},"content":{"rendered":"\n<h4 class=\"wp-block-heading\"><strong>Der neue BMW CE 02 \u2013 weder E-Scooter noch E-Motorrad:&nbsp;Der coole eParkourer f\u00fcr Cities und Urban Areas &#8211;<\/strong><\/h4>\n\n\n<div id='gallery-1' class='gallery galleryid-8931 gallery-columns-2 gallery-size-full'><figure class='gallery-item'>\n\t\t\t<div class='gallery-icon landscape'>\n\t\t\t\t<a href='https:\/\/scootertime.ch\/de\/der-neue-bmw-ce-02\/p90512757_lowres_bmw-ce-04-and-bmw-ce\/#main'><img loading=\"lazy\" decoding=\"async\" width=\"600\" height=\"400\" src=\"https:\/\/scootertime.ch\/wp-content\/uploads\/2023\/07\/P90512757_lowRes_bmw-ce-04-and-bmw-ce.jpg\" class=\"attachment-full size-full\" alt=\"P90512757_lowRes_bmw-ce-04-and-bmw-ce\" srcset=\"https:\/\/scootertime.ch\/wp-content\/uploads\/2023\/07\/P90512757_lowRes_bmw-ce-04-and-bmw-ce.jpg 600w, https:\/\/scootertime.ch\/wp-content\/uploads\/2023\/07\/P90512757_lowRes_bmw-ce-04-and-bmw-ce-300x200.jpg 300w, https:\/\/scootertime.ch\/wp-content\/uploads\/2023\/07\/P90512757_lowRes_bmw-ce-04-and-bmw-ce-435x290.jpg 435w, https:\/\/scootertime.ch\/wp-content\/uploads\/2023\/07\/P90512757_lowRes_bmw-ce-04-and-bmw-ce-150x100.jpg 150w, https:\/\/scootertime.ch\/wp-content\/uploads\/2023\/07\/P90512757_lowRes_bmw-ce-04-and-bmw-ce-370x247.jpg 370w\" sizes=\"auto, (max-width: 600px) 100vw, 600px\" \/><\/a>\n\t\t\t<\/div><\/figure><figure class='gallery-item'>\n\t\t\t<div class='gallery-icon landscape'>\n\t\t\t\t<a href='https:\/\/scootertime.ch\/de\/der-neue-bmw-ce-02\/p90512814_lowres_the-new-bmw-ce-02-07\/#main'><img loading=\"lazy\" decoding=\"async\" width=\"600\" height=\"400\" src=\"https:\/\/scootertime.ch\/wp-content\/uploads\/2023\/07\/P90512814_lowRes_the-new-bmw-ce-02-07.jpg\" class=\"attachment-full size-full\" alt=\"P90512814_lowRes_the-new-bmw-ce-02-07\" srcset=\"https:\/\/scootertime.ch\/wp-content\/uploads\/2023\/07\/P90512814_lowRes_the-new-bmw-ce-02-07.jpg 600w, https:\/\/scootertime.ch\/wp-content\/uploads\/2023\/07\/P90512814_lowRes_the-new-bmw-ce-02-07-300x200.jpg 300w, https:\/\/scootertime.ch\/wp-content\/uploads\/2023\/07\/P90512814_lowRes_the-new-bmw-ce-02-07-435x290.jpg 435w, https:\/\/scootertime.ch\/wp-content\/uploads\/2023\/07\/P90512814_lowRes_the-new-bmw-ce-02-07-150x100.jpg 150w, https:\/\/scootertime.ch\/wp-content\/uploads\/2023\/07\/P90512814_lowRes_the-new-bmw-ce-02-07-370x247.jpg 370w\" sizes=\"auto, (max-width: 600px) 100vw, 600px\" \/><\/a>\n\t\t\t<\/div><\/figure><figure class='gallery-item'>\n\t\t\t<div class='gallery-icon landscape'>\n\t\t\t\t<a href='https:\/\/scootertime.ch\/de\/der-neue-bmw-ce-02\/p90512795_lowres_the-new-bmw-ce-02-07\/#main'><img loading=\"lazy\" decoding=\"async\" width=\"600\" height=\"400\" src=\"https:\/\/scootertime.ch\/wp-content\/uploads\/2023\/07\/P90512795_lowRes_the-new-bmw-ce-02-07.jpg\" class=\"attachment-full size-full\" alt=\"P90512795_lowRes_the-new-bmw-ce-02-07\" srcset=\"https:\/\/scootertime.ch\/wp-content\/uploads\/2023\/07\/P90512795_lowRes_the-new-bmw-ce-02-07.jpg 600w, https:\/\/scootertime.ch\/wp-content\/uploads\/2023\/07\/P90512795_lowRes_the-new-bmw-ce-02-07-300x200.jpg 300w, https:\/\/scootertime.ch\/wp-content\/uploads\/2023\/07\/P90512795_lowRes_the-new-bmw-ce-02-07-435x290.jpg 435w, https:\/\/scootertime.ch\/wp-content\/uploads\/2023\/07\/P90512795_lowRes_the-new-bmw-ce-02-07-150x100.jpg 150w, https:\/\/scootertime.ch\/wp-content\/uploads\/2023\/07\/P90512795_lowRes_the-new-bmw-ce-02-07-370x247.jpg 370w\" sizes=\"auto, (max-width: 600px) 100vw, 600px\" \/><\/a>\n\t\t\t<\/div><\/figure><figure class='gallery-item'>\n\t\t\t<div class='gallery-icon landscape'>\n\t\t\t\t<a href='https:\/\/scootertime.ch\/de\/der-neue-bmw-ce-02\/p90512812_lowres_the-new-bmw-ce-02-07\/#main'><img loading=\"lazy\" decoding=\"async\" width=\"600\" height=\"400\" src=\"https:\/\/scootertime.ch\/wp-content\/uploads\/2023\/07\/P90512812_lowRes_the-new-bmw-ce-02-07.jpg\" class=\"attachment-full size-full\" alt=\"P90512812_lowRes_the-new-bmw-ce-02-07\" srcset=\"https:\/\/scootertime.ch\/wp-content\/uploads\/2023\/07\/P90512812_lowRes_the-new-bmw-ce-02-07.jpg 600w, https:\/\/scootertime.ch\/wp-content\/uploads\/2023\/07\/P90512812_lowRes_the-new-bmw-ce-02-07-300x200.jpg 300w, https:\/\/scootertime.ch\/wp-content\/uploads\/2023\/07\/P90512812_lowRes_the-new-bmw-ce-02-07-435x290.jpg 435w, https:\/\/scootertime.ch\/wp-content\/uploads\/2023\/07\/P90512812_lowRes_the-new-bmw-ce-02-07-150x100.jpg 150w, https:\/\/scootertime.ch\/wp-content\/uploads\/2023\/07\/P90512812_lowRes_the-new-bmw-ce-02-07-370x247.jpg 370w\" sizes=\"auto, (max-width: 600px) 100vw, 600px\" \/><\/a>\n\t\t\t<\/div><\/figure><figure class='gallery-item'>\n\t\t\t<div class='gallery-icon landscape'>\n\t\t\t\t<a href='https:\/\/scootertime.ch\/de\/der-neue-bmw-ce-02\/p90512799_lowres_the-new-bmw-ce-02-07\/#main'><img loading=\"lazy\" decoding=\"async\" width=\"600\" height=\"400\" src=\"https:\/\/scootertime.ch\/wp-content\/uploads\/2023\/07\/P90512799_lowRes_the-new-bmw-ce-02-07.jpg\" class=\"attachment-full size-full\" alt=\"P90512799_lowRes_the-new-bmw-ce-02-07\" srcset=\"https:\/\/scootertime.ch\/wp-content\/uploads\/2023\/07\/P90512799_lowRes_the-new-bmw-ce-02-07.jpg 600w, https:\/\/scootertime.ch\/wp-content\/uploads\/2023\/07\/P90512799_lowRes_the-new-bmw-ce-02-07-300x200.jpg 300w, https:\/\/scootertime.ch\/wp-content\/uploads\/2023\/07\/P90512799_lowRes_the-new-bmw-ce-02-07-435x290.jpg 435w, https:\/\/scootertime.ch\/wp-content\/uploads\/2023\/07\/P90512799_lowRes_the-new-bmw-ce-02-07-150x100.jpg 150w, https:\/\/scootertime.ch\/wp-content\/uploads\/2023\/07\/P90512799_lowRes_the-new-bmw-ce-02-07-370x247.jpg 370w\" sizes=\"auto, (max-width: 600px) 100vw, 600px\" \/><\/a>\n\t\t\t<\/div><\/figure><figure class='gallery-item'>\n\t\t\t<div class='gallery-icon landscape'>\n\t\t\t\t<a href='https:\/\/scootertime.ch\/de\/der-neue-bmw-ce-02\/p90512766_lowres_the-new-bmw-ce-02-07\/#main'><img loading=\"lazy\" decoding=\"async\" width=\"600\" height=\"400\" src=\"https:\/\/scootertime.ch\/wp-content\/uploads\/2023\/07\/P90512766_lowRes_the-new-bmw-ce-02-07.jpg\" class=\"attachment-full size-full\" alt=\"P90512766_lowRes_the-new-bmw-ce-02-07\" srcset=\"https:\/\/scootertime.ch\/wp-content\/uploads\/2023\/07\/P90512766_lowRes_the-new-bmw-ce-02-07.jpg 600w, https:\/\/scootertime.ch\/wp-content\/uploads\/2023\/07\/P90512766_lowRes_the-new-bmw-ce-02-07-300x200.jpg 300w, https:\/\/scootertime.ch\/wp-content\/uploads\/2023\/07\/P90512766_lowRes_the-new-bmw-ce-02-07-435x290.jpg 435w, https:\/\/scootertime.ch\/wp-content\/uploads\/2023\/07\/P90512766_lowRes_the-new-bmw-ce-02-07-150x100.jpg 150w, https:\/\/scootertime.ch\/wp-content\/uploads\/2023\/07\/P90512766_lowRes_the-new-bmw-ce-02-07-370x247.jpg 370w\" sizes=\"auto, (max-width: 600px) 100vw, 600px\" \/><\/a>\n\t\t\t<\/div><\/figure><figure class='gallery-item'>\n\t\t\t<div class='gallery-icon landscape'>\n\t\t\t\t<a href='https:\/\/scootertime.ch\/de\/der-neue-bmw-ce-02\/p90512763_lowres_the-new-bmw-ce-02-07\/#main'><img loading=\"lazy\" decoding=\"async\" width=\"600\" height=\"400\" src=\"https:\/\/scootertime.ch\/wp-content\/uploads\/2023\/07\/P90512763_lowRes_the-new-bmw-ce-02-07.jpg\" class=\"attachment-full size-full\" alt=\"P90512763_lowRes_the-new-bmw-ce-02-07\" srcset=\"https:\/\/scootertime.ch\/wp-content\/uploads\/2023\/07\/P90512763_lowRes_the-new-bmw-ce-02-07.jpg 600w, https:\/\/scootertime.ch\/wp-content\/uploads\/2023\/07\/P90512763_lowRes_the-new-bmw-ce-02-07-300x200.jpg 300w, https:\/\/scootertime.ch\/wp-content\/uploads\/2023\/07\/P90512763_lowRes_the-new-bmw-ce-02-07-435x290.jpg 435w, https:\/\/scootertime.ch\/wp-content\/uploads\/2023\/07\/P90512763_lowRes_the-new-bmw-ce-02-07-150x100.jpg 150w, https:\/\/scootertime.ch\/wp-content\/uploads\/2023\/07\/P90512763_lowRes_the-new-bmw-ce-02-07-370x247.jpg 370w\" sizes=\"auto, (max-width: 600px) 100vw, 600px\" \/><\/a>\n\t\t\t<\/div><\/figure><figure class='gallery-item'>\n\t\t\t<div class='gallery-icon landscape'>\n\t\t\t\t<a href='https:\/\/scootertime.ch\/de\/der-neue-bmw-ce-02\/p90512761_lowres_the-new-bmw-ce-02-07\/#main'><img loading=\"lazy\" decoding=\"async\" width=\"600\" height=\"400\" src=\"https:\/\/scootertime.ch\/wp-content\/uploads\/2023\/07\/P90512761_lowRes_the-new-bmw-ce-02-07.jpg\" class=\"attachment-full size-full\" alt=\"P90512761_lowRes_the-new-bmw-ce-02-07\" srcset=\"https:\/\/scootertime.ch\/wp-content\/uploads\/2023\/07\/P90512761_lowRes_the-new-bmw-ce-02-07.jpg 600w, https:\/\/scootertime.ch\/wp-content\/uploads\/2023\/07\/P90512761_lowRes_the-new-bmw-ce-02-07-300x200.jpg 300w, https:\/\/scootertime.ch\/wp-content\/uploads\/2023\/07\/P90512761_lowRes_the-new-bmw-ce-02-07-435x290.jpg 435w, https:\/\/scootertime.ch\/wp-content\/uploads\/2023\/07\/P90512761_lowRes_the-new-bmw-ce-02-07-150x100.jpg 150w, https:\/\/scootertime.ch\/wp-content\/uploads\/2023\/07\/P90512761_lowRes_the-new-bmw-ce-02-07-370x247.jpg 370w\" sizes=\"auto, (max-width: 600px) 100vw, 600px\" \/><\/a>\n\t\t\t<\/div><\/figure>\n\t\t<\/div>\n\n\n\n<p>Mit dem neuen BMW CE 02 pr\u00e4sentiert BMW Motorrad rund zwei Jahre nach dem CE 04 ein weiteres E-Fahrzeug f\u00fcr urbane Ballungsr\u00e4ume und setzt seine Elektromobilit\u00e4tsstrategie damit weiter konsequent fort. Mit elektrischem Antrieb, zukunftsweisendem Design und innovativen L\u00f6sungen steht der eParkourer als dynamischer Partner f\u00fcr eine neue Art der Mobilit\u00e4t und sorgt f\u00fcr eine kr\u00e4ftige Portion Fahrspass im urbanen Umfeld.<\/p>\n<p><strong>Der neue BMW CE 02 \u2013 weder E-Scooter noch E-Motorrad:&nbsp;Der coole eParkourer f\u00fcr Cities und Urban Areas.<\/strong><strong><br><\/strong>Mit dem neuen BMW CE 02 pr\u00e4sentiert BMW Motorrad rund zwei Jahre nach dem CE 04 ein weiteres E-Fahrzeug f\u00fcr urbane Ballungsr\u00e4ume und setzt seine Elektromobilit\u00e4tsstrategie damit weiter konsequent fort. Mit elektrischem Antrieb, zukunftsweisendem Design und innovativen L\u00f6sungen steht der eParkourer als dynamischer Partner f\u00fcr eine neue Art der Mobilit\u00e4t und sorgt f\u00fcr eine kr\u00e4ftige Portion Fahrspass im urbanen Umfeld.<br><br><strong>Progressives Design mit neuartigen Proportionen und viel Raum f\u00fcr Individualisierung.<\/strong><strong><br><\/strong>Der neue BMW CE 02 steht f\u00fcr einen neuen Zugang zu BMW Motorrad. Er ist elektrisch, er spricht insbesondere auch Jugendliche an und er ist weder E-Motorrad noch E-Scooter. Er ist eParkourer. Geschaffen f\u00fcr die City und f\u00fcrs urbane Umfeld. Flink, praktisch, robust und formsprachlich auf das Notwendigste reduziert. Grosse R\u00e4der l\u00f6sen den Anspruch an Robustheit ein und stehen gleichzeitig f\u00fcr Fahrspass auf vielen Terrains. Schwarz als Grundfarbe f\u00fcr Rahmen, R\u00e4der, Frontfender und Gabelbr\u00fcckenverkleidung oben sowie Granitgrau metallic matt f\u00fcr die Motorabdeckung bieten einen ebenso spannenden Kontrast wie das Wechselspiel aus matten und hochgl\u00e4nzenden Oberfl\u00e4chen. In der Sonderausstattung HIGHLINE pr\u00e4sentiert sich der neue CE 02 indes extrovertiert und farbenfroh. Eine in Gold eloxierte Gabel und ein Tape-Design in Verbindung mit Petrol als Kontrastfarbe l\u00e4sst den CE 02 bereits im Stand dynamisch und zukunftsorientiert wirken.<br><br><strong>Kraftvoller Antrieb, geringes Gewicht und praxisgerechte Reichweite. Zwei Leistungsvarianten.<\/strong><strong><br><\/strong>Mit einer Maximalleistung von 11 kW (15 PS) ist der neue CE 02 bereits ab 16 Jahren fahrbar. In einer 4 kW (5 PS) (Nennleistung 3,2 kW (4 PS)) starken und auf 45 km\/h begrenzten Version erf\u00fcllt der neue CE 02 zudem die Anforderungen der F\u00fchrerscheinklasse AM und darf beispielsweise in Deutschland bereits ab 15 Jahren sowie mit dem Autof\u00fchrerschein gefahren werden. Dar\u00fcber hinaus existieren weitere l\u00e4nderspezifische Regelungen. Der kraftvolle Antrieb erm\u00f6glicht dem neuen CE 02 in der 11 kW-Version rasante Ampelstarts und bietet ein dynamisches Fahrerlebnis. 95 km\/h H\u00f6chstgeschwindigkeit sorgen auch auf Schnellstrassen f\u00fcr z\u00fcgiges Vorankommen und eine Reichweite von \u00fcber 90 km (11 kW-Version nach WMTC) erm\u00f6glicht ausgedehnte urbane Abenteuer. Dank des Fahrzeuggewichts von nur 132 kg (11 kW-Version) bzw. 119 kg (4 kW-Version) und der geringen Sitzh\u00f6he von lediglich 750 mm \u00fcberzeugt der neue CE 02 zudem mit spielerischem Handling.<br><br><strong>Zwei Fahrmodi \u201eFlow\u201c und \u201eSurf\u201c serienm\u00e4ssig sowie \u201eFlash\u201c als Sonderausstattung und Original BMW Motorrad Zubeh\u00f6r.<\/strong><strong><br><\/strong>Bereits serienm\u00e4ssig ab Werk verf\u00fcgt der neue CE 02 \u00fcber die Fahrmodi \u201eFlow\u201c und \u201eSurf\u201c. \u201eFlow\u201c bietet die optimale Antriebsabstimmung f\u00fcr das Mitschwimmen im st\u00e4dtischen Verkehr, w\u00e4hrend \u201eSurf\u201c ausserhalb des lebhaften Stadtverkehrs f\u00fcr ein dynamisches Fahrerlebnis sorgt. Im Rahmen der Sonderausstattung HIGHLINE sowie als Original BMW Motorrad Zubeh\u00f6r steht dar\u00fcber hinaus der Fahrmodus \u201eFlash\u201c als sportlich-dynamische Erg\u00e4nzung bereit.<br><br><strong>Externes Ladeger\u00e4t serienm\u00e4ssig sowie Schnelladeger\u00e4t als Sonderausstattung sowie als Original BMW Motorrad Zubeh\u00f6r.<\/strong><strong><br><\/strong>Bereits serienm\u00e4ssig ab Werk verf\u00fcgt der neue BMW CE 02 \u00fcber ein externes Ladeger\u00e4t mit einer Ladeleistung von 0,9 kW, das Ladevorg\u00e4nge schnell und bequem an handels\u00fcblichen Haushaltssteckdosen erm\u00f6glicht. Noch schneller geht es mit dem Schnelladeger\u00e4t mit 1,5 kW Ladeleistung, das in der Sonderausstattung HIGHLINE sowie als Original BMW Motorrad Zubeh\u00f6r erh\u00e4ltlich ist (nur 11 kW-Version).<br><br><strong>Fahrwerk mit Doppelschleifenrahmen, Telegabel, Einarmschwinge und Leichtmetall-Gussr\u00e4dern.<\/strong><\/p>\n<p>Fahrwerksseitig vertraut der neue BMW CE 02 auf einen torsionssteifen Doppelschleifenrahmen aus Stahlrohr. Vorne arbeitet eine hydraulisch ged\u00e4mpfte Teleskopgabel, w\u00e4hrend hinten eine Einarmschwinge sowie ein direkt angelenktes Federbein zum Einsatz kommen. Im Scheibenrad-Design gestaltete Leichtmetall-Gussr\u00e4der tragen breite Pneus und f\u00fcr sichere Verz\u00f6gerung sorgen vorne und hinten Scheibenbremsen. Vorne unterst\u00fctzt vom BMW Motorrad ABS.<br><br><strong>TFT-Display, USB-C-Ladebuchse und Connectivity-L\u00f6sungen.<\/strong><strong><br><\/strong>Im Cockpit informiert ein gut ablesbares TFT-Display den Fahrer \u00fcber Fahrgeschwindigkeit, Ladezustand der Batterie und vieles mehr. Eine USB-C-Ladebuchse erm\u00f6glicht zudem die Stromversorgung eines Smartphones. \u00dcber die BMW Motorrad Connected App zeigt das Smartphone dank der Vernetzung \u00fcber Bluetooth wie beim BMW CE 04 das prognostizierte Ladeende an. In der HIGHLINE Variante l\u00e4sst sich \u00fcber den Cradle-Modus die BMW Motorrad App im Smartphone (gehalten \u00fcber einen Smartphone-Halter) als zus\u00e4tzliches Display mit Hilfe des Tastenfelds am Lenker sicher steuern. Zudem bietet sich die M\u00f6glichkeit, Fahrten \u00fcber die App aufzuzeichnen. Mit den ebenfalls im HIGHLINE-Paket beinhalteten BMW Motorrad Connected Services k\u00f6nnen \u00fcber die App jederzeit von \u00fcberall der Lade-Status und weitere Fahrzeuginformationen des CE 02 eingesehen werden.<\/p>\n<p>Lancierung: voraussichtlich Q2 2024<\/p>\n<p>Preis f\u00fcr die Schweiz:<\/p>\n<p>Modell &nbsp;&nbsp;&nbsp;&nbsp;&nbsp;&nbsp;&nbsp;&nbsp;&nbsp;&nbsp;&nbsp;&nbsp;&nbsp;&nbsp;&nbsp;&nbsp;&nbsp;&nbsp;&nbsp;&nbsp;&nbsp;Ab Preis CHF<\/p>\n<p>BMW CE 02 11kw&nbsp; &nbsp; &nbsp; &nbsp; &nbsp; &nbsp; &nbsp; 8&#8217;700.-<\/p>\n<p>BMW CE 02 4kw &nbsp;&nbsp;&nbsp;&nbsp;&nbsp;&nbsp;&nbsp;&nbsp;&nbsp;&nbsp;&nbsp;&nbsp;&nbsp; 7&#8217;700.-<\/p>\n","protected":false},"excerpt":{"rendered":"<p>Der neue BMW CE 02 \u2013 weder E-Scooter noch E-Motorrad:&nbsp;Der coole eParkourer\u2026<\/p>\n","protected":false},"author":1,"featured_media":8944,"comment_status":"open","ping_status":"open","sticky":false,"template":"","format":"standard","meta":{"footnotes":""},"categories":[27],"tags":[],"class_list":["post-8931","post","type-post","status-publish","format-standard","has-post-thumbnail","hentry","category-news-de"],"yoast_head":"<!-- This site is optimized with the Yoast SEO plugin v27.4 - https:\/\/yoast.com\/product\/yoast-seo-wordpress\/ -->\n<title>DER NEUE BMW CE 02 - Scootertime<\/title>\n<meta name=\"robots\" content=\"index, follow, max-snippet:-1, max-image-preview:large, max-video-preview:-1\" \/>\n<link rel=\"canonical\" href=\"https:\/\/scootertime.ch\/de\/der-neue-bmw-ce-02\/\" \/>\n<meta property=\"og:locale\" content=\"de_DE\" \/>\n<meta property=\"og:type\" content=\"article\" \/>\n<meta property=\"og:title\" content=\"DER NEUE BMW CE 02 - Scootertime\" \/>\n<meta property=\"og:description\" content=\"Der neue BMW CE 02 \u2013 weder E-Scooter noch E-Motorrad:&nbsp;Der coole eParkourer\u2026\" \/>\n<meta property=\"og:url\" content=\"https:\/\/scootertime.ch\/de\/der-neue-bmw-ce-02\/\" \/>\n<meta property=\"og:site_name\" content=\"Scootertime\" \/>\n<meta property=\"article:published_time\" content=\"2023-07-14T16:24:24+00:00\" \/>\n<meta property=\"article:modified_time\" content=\"2023-07-14T16:24:25+00:00\" \/>\n<meta property=\"og:image\" content=\"https:\/\/scootertime.ch\/wp-content\/uploads\/2023\/07\/P90512766_lowRes_the-new-bmw-ce-02-07.jpg\" \/>\n\t<meta property=\"og:image:width\" content=\"600\" \/>\n\t<meta property=\"og:image:height\" content=\"400\" \/>\n\t<meta property=\"og:image:type\" content=\"image\/jpeg\" \/>\n<meta name=\"author\" content=\"Red. SCT\" \/>\n<meta name=\"twitter:card\" content=\"summary_large_image\" \/>\n<meta name=\"twitter:label1\" content=\"Verfasst von\" \/>\n\t<meta name=\"twitter:data1\" content=\"Red. SCT\" \/>\n\t<meta name=\"twitter:label2\" content=\"Gesch\u00e4tzte Lesezeit\" \/>\n\t<meta name=\"twitter:data2\" content=\"4\u00a0Minuten\" \/>\n<script type=\"application\/ld+json\" class=\"yoast-schema-graph\">{\"@context\":\"https:\\\/\\\/schema.org\",\"@graph\":[{\"@type\":\"Article\",\"@id\":\"https:\\\/\\\/scootertime.ch\\\/de\\\/der-neue-bmw-ce-02\\\/#article\",\"isPartOf\":{\"@id\":\"https:\\\/\\\/scootertime.ch\\\/de\\\/der-neue-bmw-ce-02\\\/\"},\"author\":{\"name\":\"Red. SCT\",\"@id\":\"https:\\\/\\\/scootertime.ch\\\/#\\\/schema\\\/person\\\/7b982e4db7ec822a53954bf2b0df2537\"},\"headline\":\"DER NEUE BMW CE 02\",\"datePublished\":\"2023-07-14T16:24:24+00:00\",\"dateModified\":\"2023-07-14T16:24:25+00:00\",\"mainEntityOfPage\":{\"@id\":\"https:\\\/\\\/scootertime.ch\\\/de\\\/der-neue-bmw-ce-02\\\/\"},\"wordCount\":894,\"commentCount\":0,\"publisher\":{\"@id\":\"https:\\\/\\\/scootertime.ch\\\/#organization\"},\"image\":{\"@id\":\"https:\\\/\\\/scootertime.ch\\\/de\\\/der-neue-bmw-ce-02\\\/#primaryimage\"},\"thumbnailUrl\":\"https:\\\/\\\/scootertime.ch\\\/wp-content\\\/uploads\\\/2023\\\/07\\\/P90512766_lowRes_the-new-bmw-ce-02-07.jpg\",\"articleSection\":[\"News\"],\"inLanguage\":\"de\"},{\"@type\":\"WebPage\",\"@id\":\"https:\\\/\\\/scootertime.ch\\\/de\\\/der-neue-bmw-ce-02\\\/\",\"url\":\"https:\\\/\\\/scootertime.ch\\\/de\\\/der-neue-bmw-ce-02\\\/\",\"name\":\"DER NEUE BMW CE 02 - Scootertime\",\"isPartOf\":{\"@id\":\"https:\\\/\\\/scootertime.ch\\\/#website\"},\"primaryImageOfPage\":{\"@id\":\"https:\\\/\\\/scootertime.ch\\\/de\\\/der-neue-bmw-ce-02\\\/#primaryimage\"},\"image\":{\"@id\":\"https:\\\/\\\/scootertime.ch\\\/de\\\/der-neue-bmw-ce-02\\\/#primaryimage\"},\"thumbnailUrl\":\"https:\\\/\\\/scootertime.ch\\\/wp-content\\\/uploads\\\/2023\\\/07\\\/P90512766_lowRes_the-new-bmw-ce-02-07.jpg\",\"datePublished\":\"2023-07-14T16:24:24+00:00\",\"dateModified\":\"2023-07-14T16:24:25+00:00\",\"breadcrumb\":{\"@id\":\"https:\\\/\\\/scootertime.ch\\\/de\\\/der-neue-bmw-ce-02\\\/#breadcrumb\"},\"inLanguage\":\"de\",\"potentialAction\":[{\"@type\":\"ReadAction\",\"target\":[\"https:\\\/\\\/scootertime.ch\\\/de\\\/der-neue-bmw-ce-02\\\/\"]}]},{\"@type\":\"ImageObject\",\"inLanguage\":\"de\",\"@id\":\"https:\\\/\\\/scootertime.ch\\\/de\\\/der-neue-bmw-ce-02\\\/#primaryimage\",\"url\":\"https:\\\/\\\/scootertime.ch\\\/wp-content\\\/uploads\\\/2023\\\/07\\\/P90512766_lowRes_the-new-bmw-ce-02-07.jpg\",\"contentUrl\":\"https:\\\/\\\/scootertime.ch\\\/wp-content\\\/uploads\\\/2023\\\/07\\\/P90512766_lowRes_the-new-bmw-ce-02-07.jpg\",\"width\":600,\"height\":400,\"caption\":\"P90512766_lowRes_the-new-bmw-ce-02-07\"},{\"@type\":\"BreadcrumbList\",\"@id\":\"https:\\\/\\\/scootertime.ch\\\/de\\\/der-neue-bmw-ce-02\\\/#breadcrumb\",\"itemListElement\":[{\"@type\":\"ListItem\",\"position\":1,\"name\":\"Home\",\"item\":\"https:\\\/\\\/scootertime.ch\\\/de\\\/\"},{\"@type\":\"ListItem\",\"position\":2,\"name\":\"DER NEUE BMW CE 02\"}]},{\"@type\":\"WebSite\",\"@id\":\"https:\\\/\\\/scootertime.ch\\\/#website\",\"url\":\"https:\\\/\\\/scootertime.ch\\\/\",\"name\":\"Scootertime\",\"description\":\"Das erste Schweizer Rollermagazin\",\"publisher\":{\"@id\":\"https:\\\/\\\/scootertime.ch\\\/#organization\"},\"potentialAction\":[{\"@type\":\"SearchAction\",\"target\":{\"@type\":\"EntryPoint\",\"urlTemplate\":\"https:\\\/\\\/scootertime.ch\\\/?s={search_term_string}\"},\"query-input\":{\"@type\":\"PropertyValueSpecification\",\"valueRequired\":true,\"valueName\":\"search_term_string\"}}],\"inLanguage\":\"de\"},{\"@type\":\"Organization\",\"@id\":\"https:\\\/\\\/scootertime.ch\\\/#organization\",\"name\":\"Scootertime\",\"url\":\"https:\\\/\\\/scootertime.ch\\\/\",\"logo\":{\"@type\":\"ImageObject\",\"inLanguage\":\"de\",\"@id\":\"https:\\\/\\\/scootertime.ch\\\/#\\\/schema\\\/logo\\\/image\\\/\",\"url\":\"https:\\\/\\\/scootertime.ch\\\/wp-content\\\/uploads\\\/2018\\\/04\\\/cropped-testata-fondo-nero.jpg\",\"contentUrl\":\"https:\\\/\\\/scootertime.ch\\\/wp-content\\\/uploads\\\/2018\\\/04\\\/cropped-testata-fondo-nero.jpg\",\"width\":280,\"height\":90,\"caption\":\"Scootertime\"},\"image\":{\"@id\":\"https:\\\/\\\/scootertime.ch\\\/#\\\/schema\\\/logo\\\/image\\\/\"}},{\"@type\":\"Person\",\"@id\":\"https:\\\/\\\/scootertime.ch\\\/#\\\/schema\\\/person\\\/7b982e4db7ec822a53954bf2b0df2537\",\"name\":\"Red. SCT\",\"image\":{\"@type\":\"ImageObject\",\"inLanguage\":\"de\",\"@id\":\"https:\\\/\\\/secure.gravatar.com\\\/avatar\\\/919071c8ee7b6d7474a8e74a8fb9c3b6d7b4606b6d24134ae156375f0b34bc19?s=96&d=mm&r=g\",\"url\":\"https:\\\/\\\/secure.gravatar.com\\\/avatar\\\/919071c8ee7b6d7474a8e74a8fb9c3b6d7b4606b6d24134ae156375f0b34bc19?s=96&d=mm&r=g\",\"contentUrl\":\"https:\\\/\\\/secure.gravatar.com\\\/avatar\\\/919071c8ee7b6d7474a8e74a8fb9c3b6d7b4606b6d24134ae156375f0b34bc19?s=96&d=mm&r=g\",\"caption\":\"Red. SCT\"},\"url\":\"https:\\\/\\\/scootertime.ch\\\/de\\\/author\\\/admin\\\/\"}]}<\/script>\n<!-- \/ Yoast SEO plugin. -->","yoast_head_json":{"title":"DER NEUE BMW CE 02 - Scootertime","robots":{"index":"index","follow":"follow","max-snippet":"max-snippet:-1","max-image-preview":"max-image-preview:large","max-video-preview":"max-video-preview:-1"},"canonical":"https:\/\/scootertime.ch\/de\/der-neue-bmw-ce-02\/","og_locale":"de_DE","og_type":"article","og_title":"DER NEUE BMW CE 02 - Scootertime","og_description":"Der neue BMW CE 02 \u2013 weder E-Scooter noch E-Motorrad:&nbsp;Der coole eParkourer\u2026","og_url":"https:\/\/scootertime.ch\/de\/der-neue-bmw-ce-02\/","og_site_name":"Scootertime","article_published_time":"2023-07-14T16:24:24+00:00","article_modified_time":"2023-07-14T16:24:25+00:00","og_image":[{"width":600,"height":400,"url":"https:\/\/scootertime.ch\/wp-content\/uploads\/2023\/07\/P90512766_lowRes_the-new-bmw-ce-02-07.jpg","type":"image\/jpeg"}],"author":"Red. SCT","twitter_card":"summary_large_image","twitter_misc":{"Verfasst von":"Red. SCT","Gesch\u00e4tzte Lesezeit":"4\u00a0Minuten"},"schema":{"@context":"https:\/\/schema.org","@graph":[{"@type":"Article","@id":"https:\/\/scootertime.ch\/de\/der-neue-bmw-ce-02\/#article","isPartOf":{"@id":"https:\/\/scootertime.ch\/de\/der-neue-bmw-ce-02\/"},"author":{"name":"Red. SCT","@id":"https:\/\/scootertime.ch\/#\/schema\/person\/7b982e4db7ec822a53954bf2b0df2537"},"headline":"DER NEUE BMW CE 02","datePublished":"2023-07-14T16:24:24+00:00","dateModified":"2023-07-14T16:24:25+00:00","mainEntityOfPage":{"@id":"https:\/\/scootertime.ch\/de\/der-neue-bmw-ce-02\/"},"wordCount":894,"commentCount":0,"publisher":{"@id":"https:\/\/scootertime.ch\/#organization"},"image":{"@id":"https:\/\/scootertime.ch\/de\/der-neue-bmw-ce-02\/#primaryimage"},"thumbnailUrl":"https:\/\/scootertime.ch\/wp-content\/uploads\/2023\/07\/P90512766_lowRes_the-new-bmw-ce-02-07.jpg","articleSection":["News"],"inLanguage":"de"},{"@type":"WebPage","@id":"https:\/\/scootertime.ch\/de\/der-neue-bmw-ce-02\/","url":"https:\/\/scootertime.ch\/de\/der-neue-bmw-ce-02\/","name":"DER NEUE BMW CE 02 - Scootertime","isPartOf":{"@id":"https:\/\/scootertime.ch\/#website"},"primaryImageOfPage":{"@id":"https:\/\/scootertime.ch\/de\/der-neue-bmw-ce-02\/#primaryimage"},"image":{"@id":"https:\/\/scootertime.ch\/de\/der-neue-bmw-ce-02\/#primaryimage"},"thumbnailUrl":"https:\/\/scootertime.ch\/wp-content\/uploads\/2023\/07\/P90512766_lowRes_the-new-bmw-ce-02-07.jpg","datePublished":"2023-07-14T16:24:24+00:00","dateModified":"2023-07-14T16:24:25+00:00","breadcrumb":{"@id":"https:\/\/scootertime.ch\/de\/der-neue-bmw-ce-02\/#breadcrumb"},"inLanguage":"de","potentialAction":[{"@type":"ReadAction","target":["https:\/\/scootertime.ch\/de\/der-neue-bmw-ce-02\/"]}]},{"@type":"ImageObject","inLanguage":"de","@id":"https:\/\/scootertime.ch\/de\/der-neue-bmw-ce-02\/#primaryimage","url":"https:\/\/scootertime.ch\/wp-content\/uploads\/2023\/07\/P90512766_lowRes_the-new-bmw-ce-02-07.jpg","contentUrl":"https:\/\/scootertime.ch\/wp-content\/uploads\/2023\/07\/P90512766_lowRes_the-new-bmw-ce-02-07.jpg","width":600,"height":400,"caption":"P90512766_lowRes_the-new-bmw-ce-02-07"},{"@type":"BreadcrumbList","@id":"https:\/\/scootertime.ch\/de\/der-neue-bmw-ce-02\/#breadcrumb","itemListElement":[{"@type":"ListItem","position":1,"name":"Home","item":"https:\/\/scootertime.ch\/de\/"},{"@type":"ListItem","position":2,"name":"DER NEUE BMW CE 02"}]},{"@type":"WebSite","@id":"https:\/\/scootertime.ch\/#website","url":"https:\/\/scootertime.ch\/","name":"Scootertime","description":"Das erste Schweizer Rollermagazin","publisher":{"@id":"https:\/\/scootertime.ch\/#organization"},"potentialAction":[{"@type":"SearchAction","target":{"@type":"EntryPoint","urlTemplate":"https:\/\/scootertime.ch\/?s={search_term_string}"},"query-input":{"@type":"PropertyValueSpecification","valueRequired":true,"valueName":"search_term_string"}}],"inLanguage":"de"},{"@type":"Organization","@id":"https:\/\/scootertime.ch\/#organization","name":"Scootertime","url":"https:\/\/scootertime.ch\/","logo":{"@type":"ImageObject","inLanguage":"de","@id":"https:\/\/scootertime.ch\/#\/schema\/logo\/image\/","url":"https:\/\/scootertime.ch\/wp-content\/uploads\/2018\/04\/cropped-testata-fondo-nero.jpg","contentUrl":"https:\/\/scootertime.ch\/wp-content\/uploads\/2018\/04\/cropped-testata-fondo-nero.jpg","width":280,"height":90,"caption":"Scootertime"},"image":{"@id":"https:\/\/scootertime.ch\/#\/schema\/logo\/image\/"}},{"@type":"Person","@id":"https:\/\/scootertime.ch\/#\/schema\/person\/7b982e4db7ec822a53954bf2b0df2537","name":"Red. SCT","image":{"@type":"ImageObject","inLanguage":"de","@id":"https:\/\/secure.gravatar.com\/avatar\/919071c8ee7b6d7474a8e74a8fb9c3b6d7b4606b6d24134ae156375f0b34bc19?s=96&d=mm&r=g","url":"https:\/\/secure.gravatar.com\/avatar\/919071c8ee7b6d7474a8e74a8fb9c3b6d7b4606b6d24134ae156375f0b34bc19?s=96&d=mm&r=g","contentUrl":"https:\/\/secure.gravatar.com\/avatar\/919071c8ee7b6d7474a8e74a8fb9c3b6d7b4606b6d24134ae156375f0b34bc19?s=96&d=mm&r=g","caption":"Red. SCT"},"url":"https:\/\/scootertime.ch\/de\/author\/admin\/"}]}},"_links":{"self":[{"href":"https:\/\/scootertime.ch\/de\/wp-json\/wp\/v2\/posts\/8931","targetHints":{"allow":["GET"]}}],"collection":[{"href":"https:\/\/scootertime.ch\/de\/wp-json\/wp\/v2\/posts"}],"about":[{"href":"https:\/\/scootertime.ch\/de\/wp-json\/wp\/v2\/types\/post"}],"author":[{"embeddable":true,"href":"https:\/\/scootertime.ch\/de\/wp-json\/wp\/v2\/users\/1"}],"replies":[{"embeddable":true,"href":"https:\/\/scootertime.ch\/de\/wp-json\/wp\/v2\/comments?post=8931"}],"version-history":[{"count":3,"href":"https:\/\/scootertime.ch\/de\/wp-json\/wp\/v2\/posts\/8931\/revisions"}],"predecessor-version":[{"id":8961,"href":"https:\/\/scootertime.ch\/de\/wp-json\/wp\/v2\/posts\/8931\/revisions\/8961"}],"wp:featuredmedia":[{"embeddable":true,"href":"https:\/\/scootertime.ch\/de\/wp-json\/wp\/v2\/media\/8944"}],"wp:attachment":[{"href":"https:\/\/scootertime.ch\/de\/wp-json\/wp\/v2\/media?parent=8931"}],"wp:term":[{"taxonomy":"category","embeddable":true,"href":"https:\/\/scootertime.ch\/de\/wp-json\/wp\/v2\/categories?post=8931"},{"taxonomy":"post_tag","embeddable":true,"href":"https:\/\/scootertime.ch\/de\/wp-json\/wp\/v2\/tags?post=8931"}],"curies":[{"name":"wp","href":"https:\/\/api.w.org\/{rel}","templated":true}]}}