{"id":9190,"date":"2023-10-19T15:36:07","date_gmt":"2023-10-19T15:36:07","guid":{"rendered":"http:\/\/scootertime.ch\/?p=9190"},"modified":"2023-10-19T15:36:08","modified_gmt":"2023-10-19T15:36:08","slug":"neue-farben-fuer-alle-modelle-der-honda-sh-familie","status":"publish","type":"post","link":"https:\/\/scootertime.ch\/de\/neue-farben-fuer-alle-modelle-der-honda-sh-familie\/","title":{"rendered":"NEUE FARBEN F\u00dcR ALLE MODELLE DER HONDA SH-FAMILIE"},"content":{"rendered":"\n<h4 class=\"wp-block-heading\"><strong>Einzigartige neue Vetro Versionen von SH125i und SH150i an der Spitze der 2024er Modell-Updates f\u00fcr die beliebte Honda SH-Familie &#8211;<\/strong><\/h4>\n\n\n\n<figure class=\"wp-block-image size-large\"><img loading=\"lazy\" decoding=\"async\" width=\"1024\" height=\"428\" src=\"https:\/\/scootertime.ch\/wp-content\/uploads\/2023\/10\/454000_MY24_SH_Family-1024x428.jpg\" alt=\"MY24_SH_Family\" class=\"wp-image-9184\" srcset=\"https:\/\/scootertime.ch\/wp-content\/uploads\/2023\/10\/454000_MY24_SH_Family-1024x428.jpg 1024w, https:\/\/scootertime.ch\/wp-content\/uploads\/2023\/10\/454000_MY24_SH_Family-300x125.jpg 300w, https:\/\/scootertime.ch\/wp-content\/uploads\/2023\/10\/454000_MY24_SH_Family-768x321.jpg 768w, https:\/\/scootertime.ch\/wp-content\/uploads\/2023\/10\/454000_MY24_SH_Family.jpg 1340w\" sizes=\"auto, (max-width: 1024px) 100vw, 1024px\" \/><figcaption><em>MY24_SH_Family<\/em><\/figcaption><\/figure>\n\n\n\n<p><em>Satigny, den 19. Oktober 2023 \u2013<\/em>\u00a0Die renommierte, kraftstoffeffiziente und technologisch fortschrittliche SH-Familie von Honda \u2013 besonders beliebt bei Pendlerinnen und Pendlern \u2013 erh\u00e4lt im Modelljahr 2024 ein neues Design. An der Spitze steht die neue \u201eVetro\u201c Version f\u00fcr die Modelle SH125i und SH150i, welche im n\u00e4chsten Jahr garantiert f\u00fcr Aufsehen in Europas St\u00e4dten sorgen wird.<\/p>\n<figure id=\"attachment_9169\" aria-describedby=\"caption-attachment-9169\" style=\"width: 1190px\" class=\"wp-caption aligncenter\"><a href=\"http:\/\/scootertime.ch\/de\/my24_sh125i-4-2\/\"><img loading=\"lazy\" decoding=\"async\" class=\"size-full wp-image-9169\" src=\"https:\/\/scootertime.ch\/wp-content\/uploads\/2023\/10\/454087_MY24_SH125i.jpg\" alt=\"MY24_SH125i\" width=\"1200\" height=\"900\" srcset=\"https:\/\/scootertime.ch\/wp-content\/uploads\/2023\/10\/454087_MY24_SH125i.jpg 1200w, https:\/\/scootertime.ch\/wp-content\/uploads\/2023\/10\/454087_MY24_SH125i-300x225.jpg 300w, https:\/\/scootertime.ch\/wp-content\/uploads\/2023\/10\/454087_MY24_SH125i-1024x768.jpg 1024w, https:\/\/scootertime.ch\/wp-content\/uploads\/2023\/10\/454087_MY24_SH125i-768x576.jpg 768w\" sizes=\"auto, (max-width: 1200px) 100vw, 1200px\" \/><\/a><figcaption id=\"caption-attachment-9169\" class=\"wp-caption-text\"><strong style=\"font-size: inherit;\">Das Vetro ist die Idee<\/strong><span style=\"font-size: inherit;\"> dahinter \u2013 eine Hommage an die technischen F\u00e4higkeiten der Mitarbeiter im Honda Werk in Atessa, Italien. Das Model verf\u00fcgt \u00fcber charakteristische halbtransparente unlackierte gr\u00fcne Verkleidungsteile, deren Produktion im Vergleich zur Produktion der Standardfarben im Laufe eines Jahres 9,5 % weniger CO2-Emissionen verursacht. Der innovative neue Look beinhaltet ausserdem einen schwarzen vorderen Kotfl\u00fcgel, eine schwarze untere Verkleidung mit auff\u00e4lligem weissen Honda Logo und ein silbernes SH-Logo an der Seitenverkleidung.<\/span><\/figcaption><\/figure>\n<div id='gallery-1' class='gallery galleryid-9190 gallery-columns-2 gallery-size-full'><figure class='gallery-item'>\n\t\t\t<div class='gallery-icon landscape'>\n\t\t\t\t<a href='https:\/\/scootertime.ch\/de\/neue-farben-fuer-alle-modelle-der-honda-sh-familie\/my24_sh125i-8-2\/#main'><img loading=\"lazy\" decoding=\"async\" width=\"1178\" height=\"900\" src=\"https:\/\/scootertime.ch\/wp-content\/uploads\/2023\/10\/454093_MY24_SH125i.jpg\" class=\"attachment-full size-full\" alt=\"MY24_SH125i\" srcset=\"https:\/\/scootertime.ch\/wp-content\/uploads\/2023\/10\/454093_MY24_SH125i.jpg 1178w, https:\/\/scootertime.ch\/wp-content\/uploads\/2023\/10\/454093_MY24_SH125i-300x229.jpg 300w, https:\/\/scootertime.ch\/wp-content\/uploads\/2023\/10\/454093_MY24_SH125i-1024x782.jpg 1024w, https:\/\/scootertime.ch\/wp-content\/uploads\/2023\/10\/454093_MY24_SH125i-768x587.jpg 768w\" sizes=\"auto, (max-width: 1178px) 100vw, 1178px\" \/><\/a>\n\t\t\t<\/div><\/figure><figure class='gallery-item'>\n\t\t\t<div class='gallery-icon landscape'>\n\t\t\t\t<a href='https:\/\/scootertime.ch\/de\/my24_sh125i-2\/'><img loading=\"lazy\" decoding=\"async\" width=\"1178\" height=\"900\" src=\"https:\/\/scootertime.ch\/wp-content\/uploads\/2023\/10\/454074_MY24_SH125i.jpg\" class=\"attachment-full size-full\" alt=\"MY24_SH125i\" srcset=\"https:\/\/scootertime.ch\/wp-content\/uploads\/2023\/10\/454074_MY24_SH125i.jpg 1178w, https:\/\/scootertime.ch\/wp-content\/uploads\/2023\/10\/454074_MY24_SH125i-300x229.jpg 300w, https:\/\/scootertime.ch\/wp-content\/uploads\/2023\/10\/454074_MY24_SH125i-1024x782.jpg 1024w, https:\/\/scootertime.ch\/wp-content\/uploads\/2023\/10\/454074_MY24_SH125i-768x587.jpg 768w\" sizes=\"auto, (max-width: 1178px) 100vw, 1178px\" \/><\/a>\n\t\t\t<\/div><\/figure>\n\t\t<\/div>\n\n<p>\u00a0<\/p>\n<p><strong>Der SH125i und SH150i des Modelljahrs 2024<\/strong> sind die ersten in Atessa gebauten Honda Modelle, welche die neuen Emissionsziele EURO5+ erf\u00fcllen. Die neuen Normen, die ab Ende 2024 f\u00fcr alle neuen Modelltypengenehmigungen gesetzlich vorgeschrieben werden, sehen die Einf\u00fchrung einer neuen \u201eOn-Board\u201c-\u00dcberwachung des Katalysators, die Senkung der Schwelle zur Identifizierung eines emissionsbedingten Fehlers (und damit Sicherstellung einer fr\u00fcheren Warnung f\u00fcr den Fahrer), strengere Ger\u00e4uschanforderungen und strengere langfristige Abgasemissionsanforderungen vor.<\/p>\n<p><a href=\"http:\/\/scootertime.ch\/de\/my24_sh125i-5-2\/\"><img loading=\"lazy\" decoding=\"async\" class=\"size-full wp-image-9172\" src=\"https:\/\/scootertime.ch\/wp-content\/uploads\/2023\/10\/454088_MY24_SH125i.jpg\" alt=\"MY24_SH125i\" width=\"1200\" height=\"900\" srcset=\"https:\/\/scootertime.ch\/wp-content\/uploads\/2023\/10\/454088_MY24_SH125i.jpg 1200w, https:\/\/scootertime.ch\/wp-content\/uploads\/2023\/10\/454088_MY24_SH125i-300x225.jpg 300w, https:\/\/scootertime.ch\/wp-content\/uploads\/2023\/10\/454088_MY24_SH125i-1024x768.jpg 1024w, https:\/\/scootertime.ch\/wp-content\/uploads\/2023\/10\/454088_MY24_SH125i-768x576.jpg 768w\" sizes=\"auto, (max-width: 1200px) 100vw, 1200px\" \/><\/a><\/p>\n<p><strong>Neben der Farbe Matt Coal Black Metallic<\/strong> (erh\u00e4ltlich f\u00fcr SH125i und SH150i) bekommt das Modell SH150i eine zweite \u201eSporty Edition\u201c (SE) in Matt Pearl Cool White \u2013 beide SE-Versionen verf\u00fcgen \u00fcber zus\u00e4tzliche schwarze Details rund um die Bedienelemente, die Frontverkleidung und die untere Verkleidung sowie stilvolle rote N\u00e4hte am Sitz und eigene Logos und Grafiken. Dar\u00fcber hinaus werden neue Farbkombinationen eingef\u00fchrt. Der SH125i ist in der neuen Farbe Pearl Falcon Grey verf\u00fcgbar, w\u00e4hrend der SH150i zus\u00e4tzlich in den Farben\u00a0Matt Pearl Cool White,\u00a0Matt Pearl Pacific Blue und Pearl Nightstar Black erh\u00e4ltlich ist. Alle Varianten beinhalten neue schwarze R\u00e4der und weitere Details.<\/p>\n<div id='gallery-2' class='gallery galleryid-9190 gallery-columns-2 gallery-size-full'><figure class='gallery-item'>\n\t\t\t<div class='gallery-icon landscape'>\n\t\t\t\t<a href='https:\/\/scootertime.ch\/de\/my24_sh125i-7-2\/'><img loading=\"lazy\" decoding=\"async\" width=\"1200\" height=\"900\" src=\"https:\/\/scootertime.ch\/wp-content\/uploads\/2023\/10\/454092_MY24_SH125i.jpg\" class=\"attachment-full size-full\" alt=\"MY24_SH125i\" srcset=\"https:\/\/scootertime.ch\/wp-content\/uploads\/2023\/10\/454092_MY24_SH125i.jpg 1200w, https:\/\/scootertime.ch\/wp-content\/uploads\/2023\/10\/454092_MY24_SH125i-300x225.jpg 300w, https:\/\/scootertime.ch\/wp-content\/uploads\/2023\/10\/454092_MY24_SH125i-1024x768.jpg 1024w, https:\/\/scootertime.ch\/wp-content\/uploads\/2023\/10\/454092_MY24_SH125i-768x576.jpg 768w\" sizes=\"auto, (max-width: 1200px) 100vw, 1200px\" \/><\/a>\n\t\t\t<\/div><\/figure><figure class='gallery-item'>\n\t\t\t<div class='gallery-icon landscape'>\n\t\t\t\t<a href='https:\/\/scootertime.ch\/de\/my24_sh125i-6-2\/'><img loading=\"lazy\" decoding=\"async\" width=\"1200\" height=\"900\" src=\"https:\/\/scootertime.ch\/wp-content\/uploads\/2023\/10\/454089_MY24_SH125i.jpg\" class=\"attachment-full size-full\" alt=\"MY24_SH125i\" srcset=\"https:\/\/scootertime.ch\/wp-content\/uploads\/2023\/10\/454089_MY24_SH125i.jpg 1200w, https:\/\/scootertime.ch\/wp-content\/uploads\/2023\/10\/454089_MY24_SH125i-300x225.jpg 300w, https:\/\/scootertime.ch\/wp-content\/uploads\/2023\/10\/454089_MY24_SH125i-1024x768.jpg 1024w, https:\/\/scootertime.ch\/wp-content\/uploads\/2023\/10\/454089_MY24_SH125i-768x576.jpg 768w\" sizes=\"auto, (max-width: 1200px) 100vw, 1200px\" \/><\/a>\n\t\t\t<\/div><\/figure><figure class='gallery-item'>\n\t\t\t<div class='gallery-icon landscape'>\n\t\t\t\t<a href='https:\/\/scootertime.ch\/de\/my24_sh125i-3-2\/'><img loading=\"lazy\" decoding=\"async\" width=\"1200\" height=\"900\" src=\"https:\/\/scootertime.ch\/wp-content\/uploads\/2023\/10\/454085_MY24_SH125i.jpg\" class=\"attachment-full size-full\" alt=\"MY24_SH125i\" srcset=\"https:\/\/scootertime.ch\/wp-content\/uploads\/2023\/10\/454085_MY24_SH125i.jpg 1200w, https:\/\/scootertime.ch\/wp-content\/uploads\/2023\/10\/454085_MY24_SH125i-300x225.jpg 300w, https:\/\/scootertime.ch\/wp-content\/uploads\/2023\/10\/454085_MY24_SH125i-1024x768.jpg 1024w, https:\/\/scootertime.ch\/wp-content\/uploads\/2023\/10\/454085_MY24_SH125i-768x576.jpg 768w\" sizes=\"auto, (max-width: 1200px) 100vw, 1200px\" \/><\/a>\n\t\t\t<\/div><\/figure><figure class='gallery-item'>\n\t\t\t<div class='gallery-icon landscape'>\n\t\t\t\t<a href='https:\/\/scootertime.ch\/de\/my24_sh125i-2-2\/'><img loading=\"lazy\" decoding=\"async\" width=\"1200\" height=\"900\" src=\"https:\/\/scootertime.ch\/wp-content\/uploads\/2023\/10\/454084_MY24_SH125i.jpg\" class=\"attachment-full size-full\" alt=\"MY24_SH125i\" srcset=\"https:\/\/scootertime.ch\/wp-content\/uploads\/2023\/10\/454084_MY24_SH125i.jpg 1200w, https:\/\/scootertime.ch\/wp-content\/uploads\/2023\/10\/454084_MY24_SH125i-300x225.jpg 300w, https:\/\/scootertime.ch\/wp-content\/uploads\/2023\/10\/454084_MY24_SH125i-1024x768.jpg 1024w, https:\/\/scootertime.ch\/wp-content\/uploads\/2023\/10\/454084_MY24_SH125i-768x576.jpg 768w\" sizes=\"auto, (max-width: 1200px) 100vw, 1200px\" \/><\/a>\n\t\t\t<\/div><\/figure>\n\t\t<\/div>\n\n<p><strong>Im Jahr 2022 wurden in Europa \u00fcber 10\u2019000 Einheiten des Spitzenmodells der SH-Familie,<\/strong> des SH350i, verkauft. Dieser wird im Modelljahr 2024 in zwei brandneuen Farben und neuen Farbkombinationen erh\u00e4ltlich sein. Zu den neuen Farben Zefiro Blue Metallic und Matt Techno Silver Metallic kommen folgende Lackierungen aus dem letzten Jahr hinzu \u2013 Matt Coal Black Metallic,\u00a0Matt Ruthenium Silver Metallic\u00a0und Pearl Cool White. Alle Farben verf\u00fcgen neu \u00fcber schwarze Felgen und Details.<\/p>\n<p><strong>F\u00fcr 2024 erh\u00e4lt der SH Mode 125<\/strong> zwei neue, zeitgem\u00e4sse Farben, die sich an die Klassiker Pearl Jasmine White und Mat Techno Silver aus dem letzten Jahr anschliessen. Der 2024 SH Mode 125 wird in den neuen Farben Candy Luster Red und Matt Galaxy Black Metallic erh\u00e4ltlich sein.<\/p>\n<p><strong>Insgesamt wurden im Jahr 2022 in Europa<\/strong> knapp 49\u2019000 Einheiten der SH-Familie verkauft \u2013 das beinhaltet \u00fcber 10\u2019000 SH350i, \u00fcber 20\u2019000 SH125i, \u00fcber 9\u2019000 SH150i und \u00fcber 8\u2019200 SH Mode.<\/p>\n<p><strong>Ab November 2023<\/strong> werden die neuen SH125i-Modelle f\u00fcr das Jahr 2024 bei Schweizer Honda-H\u00e4ndlern erh\u00e4ltlich sein, gefolgt von den Modellen SH150i, SH350i und SH Mode 125, die ab Januar 2024 verf\u00fcgbar sein werden.<\/p>\n","protected":false},"excerpt":{"rendered":"<p>Einzigartige neue Vetro Versionen von SH125i und SH150i an der Spitze der\u2026<\/p>\n","protected":false},"author":1,"featured_media":9187,"comment_status":"open","ping_status":"open","sticky":false,"template":"","format":"standard","meta":{"footnotes":""},"categories":[27],"tags":[],"class_list":["post-9190","post","type-post","status-publish","format-standard","has-post-thumbnail","hentry","category-news-de"],"yoast_head":"<!-- This site is optimized with the Yoast SEO plugin v27.4 - https:\/\/yoast.com\/product\/yoast-seo-wordpress\/ -->\n<title>NEUE FARBEN F\u00dcR ALLE MODELLE DER HONDA SH-FAMILIE - Scootertime<\/title>\n<meta name=\"robots\" content=\"index, follow, max-snippet:-1, max-image-preview:large, max-video-preview:-1\" \/>\n<link rel=\"canonical\" href=\"https:\/\/scootertime.ch\/de\/neue-farben-fuer-alle-modelle-der-honda-sh-familie\/\" \/>\n<meta property=\"og:locale\" content=\"de_DE\" \/>\n<meta property=\"og:type\" content=\"article\" \/>\n<meta property=\"og:title\" content=\"NEUE FARBEN F\u00dcR ALLE MODELLE DER HONDA SH-FAMILIE - Scootertime\" \/>\n<meta property=\"og:description\" content=\"Einzigartige neue Vetro Versionen von SH125i und SH150i an der Spitze der\u2026\" \/>\n<meta property=\"og:url\" content=\"https:\/\/scootertime.ch\/de\/neue-farben-fuer-alle-modelle-der-honda-sh-familie\/\" \/>\n<meta property=\"og:site_name\" content=\"Scootertime\" \/>\n<meta property=\"article:published_time\" content=\"2023-10-19T15:36:07+00:00\" \/>\n<meta property=\"article:modified_time\" content=\"2023-10-19T15:36:08+00:00\" \/>\n<meta property=\"og:image\" content=\"https:\/\/scootertime.ch\/wp-content\/uploads\/2023\/10\/454054_MY24_SH125i.jpg\" \/>\n\t<meta property=\"og:image:width\" content=\"718\" \/>\n\t<meta property=\"og:image:height\" content=\"580\" \/>\n\t<meta property=\"og:image:type\" content=\"image\/jpeg\" \/>\n<meta name=\"author\" content=\"Red. SCT\" \/>\n<meta name=\"twitter:card\" content=\"summary_large_image\" \/>\n<meta name=\"twitter:label1\" content=\"Verfasst von\" \/>\n\t<meta name=\"twitter:data1\" content=\"Red. SCT\" \/>\n\t<meta name=\"twitter:label2\" content=\"Gesch\u00e4tzte Lesezeit\" \/>\n\t<meta name=\"twitter:data2\" content=\"3\u00a0Minuten\" \/>\n<script type=\"application\/ld+json\" class=\"yoast-schema-graph\">{\"@context\":\"https:\\\/\\\/schema.org\",\"@graph\":[{\"@type\":\"Article\",\"@id\":\"https:\\\/\\\/scootertime.ch\\\/de\\\/neue-farben-fuer-alle-modelle-der-honda-sh-familie\\\/#article\",\"isPartOf\":{\"@id\":\"https:\\\/\\\/scootertime.ch\\\/de\\\/neue-farben-fuer-alle-modelle-der-honda-sh-familie\\\/\"},\"author\":{\"name\":\"Red. SCT\",\"@id\":\"https:\\\/\\\/scootertime.ch\\\/#\\\/schema\\\/person\\\/7b982e4db7ec822a53954bf2b0df2537\"},\"headline\":\"NEUE FARBEN F\u00dcR ALLE MODELLE DER HONDA SH-FAMILIE\",\"datePublished\":\"2023-10-19T15:36:07+00:00\",\"dateModified\":\"2023-10-19T15:36:08+00:00\",\"mainEntityOfPage\":{\"@id\":\"https:\\\/\\\/scootertime.ch\\\/de\\\/neue-farben-fuer-alle-modelle-der-honda-sh-familie\\\/\"},\"wordCount\":560,\"commentCount\":0,\"publisher\":{\"@id\":\"https:\\\/\\\/scootertime.ch\\\/#organization\"},\"image\":{\"@id\":\"https:\\\/\\\/scootertime.ch\\\/de\\\/neue-farben-fuer-alle-modelle-der-honda-sh-familie\\\/#primaryimage\"},\"thumbnailUrl\":\"https:\\\/\\\/scootertime.ch\\\/wp-content\\\/uploads\\\/2023\\\/10\\\/454054_MY24_SH125i.jpg\",\"articleSection\":[\"News\"],\"inLanguage\":\"de\"},{\"@type\":\"WebPage\",\"@id\":\"https:\\\/\\\/scootertime.ch\\\/de\\\/neue-farben-fuer-alle-modelle-der-honda-sh-familie\\\/\",\"url\":\"https:\\\/\\\/scootertime.ch\\\/de\\\/neue-farben-fuer-alle-modelle-der-honda-sh-familie\\\/\",\"name\":\"NEUE FARBEN F\u00dcR ALLE MODELLE DER HONDA SH-FAMILIE - Scootertime\",\"isPartOf\":{\"@id\":\"https:\\\/\\\/scootertime.ch\\\/#website\"},\"primaryImageOfPage\":{\"@id\":\"https:\\\/\\\/scootertime.ch\\\/de\\\/neue-farben-fuer-alle-modelle-der-honda-sh-familie\\\/#primaryimage\"},\"image\":{\"@id\":\"https:\\\/\\\/scootertime.ch\\\/de\\\/neue-farben-fuer-alle-modelle-der-honda-sh-familie\\\/#primaryimage\"},\"thumbnailUrl\":\"https:\\\/\\\/scootertime.ch\\\/wp-content\\\/uploads\\\/2023\\\/10\\\/454054_MY24_SH125i.jpg\",\"datePublished\":\"2023-10-19T15:36:07+00:00\",\"dateModified\":\"2023-10-19T15:36:08+00:00\",\"breadcrumb\":{\"@id\":\"https:\\\/\\\/scootertime.ch\\\/de\\\/neue-farben-fuer-alle-modelle-der-honda-sh-familie\\\/#breadcrumb\"},\"inLanguage\":\"de\",\"potentialAction\":[{\"@type\":\"ReadAction\",\"target\":[\"https:\\\/\\\/scootertime.ch\\\/de\\\/neue-farben-fuer-alle-modelle-der-honda-sh-familie\\\/\"]}]},{\"@type\":\"ImageObject\",\"inLanguage\":\"de\",\"@id\":\"https:\\\/\\\/scootertime.ch\\\/de\\\/neue-farben-fuer-alle-modelle-der-honda-sh-familie\\\/#primaryimage\",\"url\":\"https:\\\/\\\/scootertime.ch\\\/wp-content\\\/uploads\\\/2023\\\/10\\\/454054_MY24_SH125i.jpg\",\"contentUrl\":\"https:\\\/\\\/scootertime.ch\\\/wp-content\\\/uploads\\\/2023\\\/10\\\/454054_MY24_SH125i.jpg\",\"width\":718,\"height\":580,\"caption\":\"MY24_SH125i\"},{\"@type\":\"BreadcrumbList\",\"@id\":\"https:\\\/\\\/scootertime.ch\\\/de\\\/neue-farben-fuer-alle-modelle-der-honda-sh-familie\\\/#breadcrumb\",\"itemListElement\":[{\"@type\":\"ListItem\",\"position\":1,\"name\":\"Home\",\"item\":\"https:\\\/\\\/scootertime.ch\\\/de\\\/\"},{\"@type\":\"ListItem\",\"position\":2,\"name\":\"NEUE FARBEN F\u00dcR ALLE MODELLE DER HONDA SH-FAMILIE\"}]},{\"@type\":\"WebSite\",\"@id\":\"https:\\\/\\\/scootertime.ch\\\/#website\",\"url\":\"https:\\\/\\\/scootertime.ch\\\/\",\"name\":\"Scootertime\",\"description\":\"Das erste Schweizer Rollermagazin\",\"publisher\":{\"@id\":\"https:\\\/\\\/scootertime.ch\\\/#organization\"},\"potentialAction\":[{\"@type\":\"SearchAction\",\"target\":{\"@type\":\"EntryPoint\",\"urlTemplate\":\"https:\\\/\\\/scootertime.ch\\\/?s={search_term_string}\"},\"query-input\":{\"@type\":\"PropertyValueSpecification\",\"valueRequired\":true,\"valueName\":\"search_term_string\"}}],\"inLanguage\":\"de\"},{\"@type\":\"Organization\",\"@id\":\"https:\\\/\\\/scootertime.ch\\\/#organization\",\"name\":\"Scootertime\",\"url\":\"https:\\\/\\\/scootertime.ch\\\/\",\"logo\":{\"@type\":\"ImageObject\",\"inLanguage\":\"de\",\"@id\":\"https:\\\/\\\/scootertime.ch\\\/#\\\/schema\\\/logo\\\/image\\\/\",\"url\":\"https:\\\/\\\/scootertime.ch\\\/wp-content\\\/uploads\\\/2018\\\/04\\\/cropped-testata-fondo-nero.jpg\",\"contentUrl\":\"https:\\\/\\\/scootertime.ch\\\/wp-content\\\/uploads\\\/2018\\\/04\\\/cropped-testata-fondo-nero.jpg\",\"width\":280,\"height\":90,\"caption\":\"Scootertime\"},\"image\":{\"@id\":\"https:\\\/\\\/scootertime.ch\\\/#\\\/schema\\\/logo\\\/image\\\/\"}},{\"@type\":\"Person\",\"@id\":\"https:\\\/\\\/scootertime.ch\\\/#\\\/schema\\\/person\\\/7b982e4db7ec822a53954bf2b0df2537\",\"name\":\"Red. SCT\",\"image\":{\"@type\":\"ImageObject\",\"inLanguage\":\"de\",\"@id\":\"https:\\\/\\\/secure.gravatar.com\\\/avatar\\\/919071c8ee7b6d7474a8e74a8fb9c3b6d7b4606b6d24134ae156375f0b34bc19?s=96&d=mm&r=g\",\"url\":\"https:\\\/\\\/secure.gravatar.com\\\/avatar\\\/919071c8ee7b6d7474a8e74a8fb9c3b6d7b4606b6d24134ae156375f0b34bc19?s=96&d=mm&r=g\",\"contentUrl\":\"https:\\\/\\\/secure.gravatar.com\\\/avatar\\\/919071c8ee7b6d7474a8e74a8fb9c3b6d7b4606b6d24134ae156375f0b34bc19?s=96&d=mm&r=g\",\"caption\":\"Red. SCT\"},\"url\":\"https:\\\/\\\/scootertime.ch\\\/de\\\/author\\\/admin\\\/\"}]}<\/script>\n<!-- \/ Yoast SEO plugin. -->","yoast_head_json":{"title":"NEUE FARBEN F\u00dcR ALLE MODELLE DER HONDA SH-FAMILIE - Scootertime","robots":{"index":"index","follow":"follow","max-snippet":"max-snippet:-1","max-image-preview":"max-image-preview:large","max-video-preview":"max-video-preview:-1"},"canonical":"https:\/\/scootertime.ch\/de\/neue-farben-fuer-alle-modelle-der-honda-sh-familie\/","og_locale":"de_DE","og_type":"article","og_title":"NEUE FARBEN F\u00dcR ALLE MODELLE DER HONDA SH-FAMILIE - Scootertime","og_description":"Einzigartige neue Vetro Versionen von SH125i und SH150i an der Spitze der\u2026","og_url":"https:\/\/scootertime.ch\/de\/neue-farben-fuer-alle-modelle-der-honda-sh-familie\/","og_site_name":"Scootertime","article_published_time":"2023-10-19T15:36:07+00:00","article_modified_time":"2023-10-19T15:36:08+00:00","og_image":[{"width":718,"height":580,"url":"https:\/\/scootertime.ch\/wp-content\/uploads\/2023\/10\/454054_MY24_SH125i.jpg","type":"image\/jpeg"}],"author":"Red. SCT","twitter_card":"summary_large_image","twitter_misc":{"Verfasst von":"Red. SCT","Gesch\u00e4tzte Lesezeit":"3\u00a0Minuten"},"schema":{"@context":"https:\/\/schema.org","@graph":[{"@type":"Article","@id":"https:\/\/scootertime.ch\/de\/neue-farben-fuer-alle-modelle-der-honda-sh-familie\/#article","isPartOf":{"@id":"https:\/\/scootertime.ch\/de\/neue-farben-fuer-alle-modelle-der-honda-sh-familie\/"},"author":{"name":"Red. SCT","@id":"https:\/\/scootertime.ch\/#\/schema\/person\/7b982e4db7ec822a53954bf2b0df2537"},"headline":"NEUE FARBEN F\u00dcR ALLE MODELLE DER HONDA SH-FAMILIE","datePublished":"2023-10-19T15:36:07+00:00","dateModified":"2023-10-19T15:36:08+00:00","mainEntityOfPage":{"@id":"https:\/\/scootertime.ch\/de\/neue-farben-fuer-alle-modelle-der-honda-sh-familie\/"},"wordCount":560,"commentCount":0,"publisher":{"@id":"https:\/\/scootertime.ch\/#organization"},"image":{"@id":"https:\/\/scootertime.ch\/de\/neue-farben-fuer-alle-modelle-der-honda-sh-familie\/#primaryimage"},"thumbnailUrl":"https:\/\/scootertime.ch\/wp-content\/uploads\/2023\/10\/454054_MY24_SH125i.jpg","articleSection":["News"],"inLanguage":"de"},{"@type":"WebPage","@id":"https:\/\/scootertime.ch\/de\/neue-farben-fuer-alle-modelle-der-honda-sh-familie\/","url":"https:\/\/scootertime.ch\/de\/neue-farben-fuer-alle-modelle-der-honda-sh-familie\/","name":"NEUE FARBEN F\u00dcR ALLE MODELLE DER HONDA SH-FAMILIE - Scootertime","isPartOf":{"@id":"https:\/\/scootertime.ch\/#website"},"primaryImageOfPage":{"@id":"https:\/\/scootertime.ch\/de\/neue-farben-fuer-alle-modelle-der-honda-sh-familie\/#primaryimage"},"image":{"@id":"https:\/\/scootertime.ch\/de\/neue-farben-fuer-alle-modelle-der-honda-sh-familie\/#primaryimage"},"thumbnailUrl":"https:\/\/scootertime.ch\/wp-content\/uploads\/2023\/10\/454054_MY24_SH125i.jpg","datePublished":"2023-10-19T15:36:07+00:00","dateModified":"2023-10-19T15:36:08+00:00","breadcrumb":{"@id":"https:\/\/scootertime.ch\/de\/neue-farben-fuer-alle-modelle-der-honda-sh-familie\/#breadcrumb"},"inLanguage":"de","potentialAction":[{"@type":"ReadAction","target":["https:\/\/scootertime.ch\/de\/neue-farben-fuer-alle-modelle-der-honda-sh-familie\/"]}]},{"@type":"ImageObject","inLanguage":"de","@id":"https:\/\/scootertime.ch\/de\/neue-farben-fuer-alle-modelle-der-honda-sh-familie\/#primaryimage","url":"https:\/\/scootertime.ch\/wp-content\/uploads\/2023\/10\/454054_MY24_SH125i.jpg","contentUrl":"https:\/\/scootertime.ch\/wp-content\/uploads\/2023\/10\/454054_MY24_SH125i.jpg","width":718,"height":580,"caption":"MY24_SH125i"},{"@type":"BreadcrumbList","@id":"https:\/\/scootertime.ch\/de\/neue-farben-fuer-alle-modelle-der-honda-sh-familie\/#breadcrumb","itemListElement":[{"@type":"ListItem","position":1,"name":"Home","item":"https:\/\/scootertime.ch\/de\/"},{"@type":"ListItem","position":2,"name":"NEUE FARBEN F\u00dcR ALLE MODELLE DER HONDA SH-FAMILIE"}]},{"@type":"WebSite","@id":"https:\/\/scootertime.ch\/#website","url":"https:\/\/scootertime.ch\/","name":"Scootertime","description":"Das erste Schweizer Rollermagazin","publisher":{"@id":"https:\/\/scootertime.ch\/#organization"},"potentialAction":[{"@type":"SearchAction","target":{"@type":"EntryPoint","urlTemplate":"https:\/\/scootertime.ch\/?s={search_term_string}"},"query-input":{"@type":"PropertyValueSpecification","valueRequired":true,"valueName":"search_term_string"}}],"inLanguage":"de"},{"@type":"Organization","@id":"https:\/\/scootertime.ch\/#organization","name":"Scootertime","url":"https:\/\/scootertime.ch\/","logo":{"@type":"ImageObject","inLanguage":"de","@id":"https:\/\/scootertime.ch\/#\/schema\/logo\/image\/","url":"https:\/\/scootertime.ch\/wp-content\/uploads\/2018\/04\/cropped-testata-fondo-nero.jpg","contentUrl":"https:\/\/scootertime.ch\/wp-content\/uploads\/2018\/04\/cropped-testata-fondo-nero.jpg","width":280,"height":90,"caption":"Scootertime"},"image":{"@id":"https:\/\/scootertime.ch\/#\/schema\/logo\/image\/"}},{"@type":"Person","@id":"https:\/\/scootertime.ch\/#\/schema\/person\/7b982e4db7ec822a53954bf2b0df2537","name":"Red. SCT","image":{"@type":"ImageObject","inLanguage":"de","@id":"https:\/\/secure.gravatar.com\/avatar\/919071c8ee7b6d7474a8e74a8fb9c3b6d7b4606b6d24134ae156375f0b34bc19?s=96&d=mm&r=g","url":"https:\/\/secure.gravatar.com\/avatar\/919071c8ee7b6d7474a8e74a8fb9c3b6d7b4606b6d24134ae156375f0b34bc19?s=96&d=mm&r=g","contentUrl":"https:\/\/secure.gravatar.com\/avatar\/919071c8ee7b6d7474a8e74a8fb9c3b6d7b4606b6d24134ae156375f0b34bc19?s=96&d=mm&r=g","caption":"Red. SCT"},"url":"https:\/\/scootertime.ch\/de\/author\/admin\/"}]}},"_links":{"self":[{"href":"https:\/\/scootertime.ch\/de\/wp-json\/wp\/v2\/posts\/9190","targetHints":{"allow":["GET"]}}],"collection":[{"href":"https:\/\/scootertime.ch\/de\/wp-json\/wp\/v2\/posts"}],"about":[{"href":"https:\/\/scootertime.ch\/de\/wp-json\/wp\/v2\/types\/post"}],"author":[{"embeddable":true,"href":"https:\/\/scootertime.ch\/de\/wp-json\/wp\/v2\/users\/1"}],"replies":[{"embeddable":true,"href":"https:\/\/scootertime.ch\/de\/wp-json\/wp\/v2\/comments?post=9190"}],"version-history":[{"count":1,"href":"https:\/\/scootertime.ch\/de\/wp-json\/wp\/v2\/posts\/9190\/revisions"}],"predecessor-version":[{"id":9191,"href":"https:\/\/scootertime.ch\/de\/wp-json\/wp\/v2\/posts\/9190\/revisions\/9191"}],"wp:featuredmedia":[{"embeddable":true,"href":"https:\/\/scootertime.ch\/de\/wp-json\/wp\/v2\/media\/9187"}],"wp:attachment":[{"href":"https:\/\/scootertime.ch\/de\/wp-json\/wp\/v2\/media?parent=9190"}],"wp:term":[{"taxonomy":"category","embeddable":true,"href":"https:\/\/scootertime.ch\/de\/wp-json\/wp\/v2\/categories?post=9190"},{"taxonomy":"post_tag","embeddable":true,"href":"https:\/\/scootertime.ch\/de\/wp-json\/wp\/v2\/tags?post=9190"}],"curies":[{"name":"wp","href":"https:\/\/api.w.org\/{rel}","templated":true}]}}