{"id":9227,"date":"2023-11-04T15:28:15","date_gmt":"2023-11-04T15:28:15","guid":{"rendered":"http:\/\/scootertime.ch\/?p=9227"},"modified":"2023-11-04T15:28:17","modified_gmt":"2023-11-04T15:28:17","slug":"honda-forza-2024-neues-design-und-farben","status":"publish","type":"post","link":"https:\/\/scootertime.ch\/de\/honda-forza-2024-neues-design-und-farben\/","title":{"rendered":"HONDA FORZA 2024 &#8211; NEUES DESIGN UND FARBEN"},"content":{"rendered":"\n<h4 class=\"wp-block-heading\"><strong>Hondas 2024 GT-Rollerserie wird aufgefrischt &#8211;<\/strong><\/h4>\n\n\n\n<figure class=\"wp-block-image size-large\"><img loading=\"lazy\" decoding=\"async\" width=\"1024\" height=\"768\" src=\"https:\/\/scootertime.ch\/wp-content\/uploads\/2023\/11\/457080_24YM_FORZA_350-1024x768.jpg\" alt=\"24YM FORZA 350\" class=\"wp-image-9234\" srcset=\"https:\/\/scootertime.ch\/wp-content\/uploads\/2023\/11\/457080_24YM_FORZA_350-1024x768.jpg 1024w, https:\/\/scootertime.ch\/wp-content\/uploads\/2023\/11\/457080_24YM_FORZA_350-300x225.jpg 300w, https:\/\/scootertime.ch\/wp-content\/uploads\/2023\/11\/457080_24YM_FORZA_350-768x576.jpg 768w, https:\/\/scootertime.ch\/wp-content\/uploads\/2023\/11\/457080_24YM_FORZA_350.jpg 1200w\" sizes=\"auto, (max-width: 1024px) 100vw, 1024px\" \/><figcaption><em>24YM FORZA 350<\/em><\/figcaption><\/figure>\n\n\n\n<p><strong>Forza 350<\/strong> &#8211; Der mittelgro\u00dfe Gran\u00ad-Tourismo\u00ad-Scooter von Honda f\u00e4hrt nach dem letztj\u00e4hrigen Design-Facelift mit zwei neuen Lackkleidern und einer neuen Farbkombination ins Modelljahr 2024. Der Forza 350 gl\u00e4nzt weiterhin mit dem sparsamen eSP+ Triebwerk, sicherheitsf\u00f6rdernder HSTC-Traktionskontrolle, elektrisch verstellbarer Windscheibe, Stauraum fu\u0308r zwei Integralhelme, USB-Ladebuchse, LED\u00ad-Lichttechnik und Smartkey\u00ad-Bedienung. Punkto Konnektivit\u00e4t verbindet der Forza 350 seinen Fahrer\u00a0\u00fcber die Honda RoadSync-App drahtlos sowohl mit IOS- als auch mit Android-Smartphones.<\/p>\n<figure id=\"attachment_9228\" aria-describedby=\"caption-attachment-9228\" style=\"width: 1190px\" class=\"wp-caption aligncenter\"><a href=\"http:\/\/scootertime.ch\/de\/honda-forza-2024-neues-design-und-farben\/24ym-forza-125\/\" rel=\"attachment wp-att-9228\"><img loading=\"lazy\" decoding=\"async\" class=\"size-full wp-image-9228\" src=\"https:\/\/scootertime.ch\/wp-content\/uploads\/2023\/11\/457049_24YM_FORZA_125.jpg\" alt=\"24YM FORZA 125\" width=\"1200\" height=\"900\" srcset=\"https:\/\/scootertime.ch\/wp-content\/uploads\/2023\/11\/457049_24YM_FORZA_125.jpg 1200w, https:\/\/scootertime.ch\/wp-content\/uploads\/2023\/11\/457049_24YM_FORZA_125-300x225.jpg 300w, https:\/\/scootertime.ch\/wp-content\/uploads\/2023\/11\/457049_24YM_FORZA_125-1024x768.jpg 1024w, https:\/\/scootertime.ch\/wp-content\/uploads\/2023\/11\/457049_24YM_FORZA_125-768x576.jpg 768w\" sizes=\"auto, (max-width: 1200px) 100vw, 1200px\" \/><\/a><figcaption id=\"caption-attachment-9228\" class=\"wp-caption-text\"><em>24YM FORZA 125<\/em><\/figcaption><\/figure>\n<p><strong>\u00a0<\/strong><strong>Forza 125 &#8211;<\/strong> Nach einem Design-Facelift f\u00fcr 2023 f\u00e4hrt Hondas Premium GT-Scooter Forza 125 mit einer eleganten neuen Farbvariante in das Modelljahr 2024.\u00a0Die Serienausstattung kann sich unvera\u0308ndert sehen lassen: sparsamer eSP+ Motor mit Start\/Stopp\u00ad-Automatik, elektrisch verstellbares Windschild, sicherheitsfo\u0308rdernde HSTC\u00ad-Traktionskontrolle, LED-\u00adLichttechnik, USB\u00ad-C\u00ad Ladebuchse, Stauraum fu\u0308r zwei Integralhelme und Smartkey\u00ad-System.<\/p>\n<figure id=\"attachment_9231\" aria-describedby=\"caption-attachment-9231\" style=\"width: 1262px\" class=\"wp-caption aligncenter\"><a href=\"http:\/\/scootertime.ch\/de\/honda-forza-2024-neues-design-und-farben\/24ym-adv350\/\" rel=\"attachment wp-att-9231\"><img loading=\"lazy\" decoding=\"async\" class=\"size-full wp-image-9231\" src=\"https:\/\/scootertime.ch\/wp-content\/uploads\/2023\/11\/457059_24YM_ADV350.jpg\" alt=\"24YM ADV350\" width=\"1272\" height=\"900\" srcset=\"https:\/\/scootertime.ch\/wp-content\/uploads\/2023\/11\/457059_24YM_ADV350.jpg 1272w, https:\/\/scootertime.ch\/wp-content\/uploads\/2023\/11\/457059_24YM_ADV350-300x212.jpg 300w, https:\/\/scootertime.ch\/wp-content\/uploads\/2023\/11\/457059_24YM_ADV350-1024x725.jpg 1024w, https:\/\/scootertime.ch\/wp-content\/uploads\/2023\/11\/457059_24YM_ADV350-768x543.jpg 768w\" sizes=\"auto, (max-width: 1272px) 100vw, 1272px\" \/><\/a><figcaption id=\"caption-attachment-9231\" class=\"wp-caption-text\"><em>24YM ADV350<\/em><\/figcaption><\/figure>\n<p><strong>Der ADV350<\/strong> kombiniert den Adventure\u00ad-Stil des X-\u00adADV mit robustem Auftritt in der mittleren Hubraumklasse. Der 330cm3\u00ad Motor produziert 29 PS und 31,5 Nm Drehmoment, die HSTC-Traktionskontrolle sorgt fu\u0308r Sicherheit. Das Chassis bilden ein stabiler Stahlrohrrahmen, eine 37mm\u00ad Upside\u00ad-Down\u00ad-Gabel sowie eine Aluminiumschwinge mit zwei Federbeinen. Das Windschild ist ho\u0308henverstellbar, unter dem Sitz ist Platz fu\u0308r zwei Integralhelme, das Handschuhfach ist mit einer USB-Ladebuchse bestu\u0308ckt. Honda RoadSync-Konnektivit\u00e4t geh\u00f6rt zur Serienausstattung, ein Smartkey-System erho\u0308ht den Bedienkomfort. 2024 frischen den ADV350 vier neue Farben auf und tragen zu gesteigerter Attraktivit\u00e4t bei.<\/p>\n<figure id=\"attachment_9240\" aria-describedby=\"caption-attachment-9240\" style=\"width: 1340px\" class=\"wp-caption aligncenter\"><a href=\"http:\/\/scootertime.ch\/de\/honda-forza-2024-neues-design-und-farben\/24ym-forza-350-2\/\" rel=\"attachment wp-att-9240\"><img loading=\"lazy\" decoding=\"async\" class=\"wp-image-9240 size-full\" src=\"https:\/\/scootertime.ch\/wp-content\/uploads\/2023\/11\/457516_24YM_FORZA_350-e1699111660159.jpg\" alt=\"24YM FORZA 350\" width=\"1350\" height=\"661\" srcset=\"https:\/\/scootertime.ch\/wp-content\/uploads\/2023\/11\/457516_24YM_FORZA_350-e1699111660159.jpg 1350w, https:\/\/scootertime.ch\/wp-content\/uploads\/2023\/11\/457516_24YM_FORZA_350-e1699111660159-300x147.jpg 300w, https:\/\/scootertime.ch\/wp-content\/uploads\/2023\/11\/457516_24YM_FORZA_350-e1699111660159-1024x501.jpg 1024w, https:\/\/scootertime.ch\/wp-content\/uploads\/2023\/11\/457516_24YM_FORZA_350-e1699111660159-768x376.jpg 768w\" sizes=\"auto, (max-width: 1350px) 100vw, 1350px\" \/><\/a><figcaption id=\"caption-attachment-9240\" class=\"wp-caption-text\"><em>24YM FORZA 350<\/em><\/figcaption><\/figure>\n","protected":false},"excerpt":{"rendered":"<p>Hondas 2024 GT-Rollerserie wird aufgefrischt &#8211;<\/p>\n","protected":false},"author":1,"featured_media":9237,"comment_status":"open","ping_status":"open","sticky":false,"template":"","format":"standard","meta":{"footnotes":""},"categories":[27],"tags":[],"class_list":["post-9227","post","type-post","status-publish","format-standard","has-post-thumbnail","hentry","category-news-de"],"yoast_head":"<!-- This site is optimized with the Yoast SEO plugin v27.4 - https:\/\/yoast.com\/product\/yoast-seo-wordpress\/ -->\n<title>HONDA FORZA 2024 - NEUES DESIGN UND FARBEN - Scootertime<\/title>\n<meta name=\"robots\" content=\"index, follow, max-snippet:-1, max-image-preview:large, max-video-preview:-1\" \/>\n<link rel=\"canonical\" href=\"https:\/\/scootertime.ch\/de\/honda-forza-2024-neues-design-und-farben\/\" \/>\n<meta property=\"og:locale\" content=\"de_DE\" \/>\n<meta property=\"og:type\" content=\"article\" \/>\n<meta property=\"og:title\" content=\"HONDA FORZA 2024 - NEUES DESIGN UND FARBEN - Scootertime\" \/>\n<meta property=\"og:description\" content=\"Hondas 2024 GT-Rollerserie wird aufgefrischt &#8211;\" \/>\n<meta property=\"og:url\" content=\"https:\/\/scootertime.ch\/de\/honda-forza-2024-neues-design-und-farben\/\" \/>\n<meta property=\"og:site_name\" content=\"Scootertime\" \/>\n<meta property=\"article:published_time\" content=\"2023-11-04T15:28:15+00:00\" \/>\n<meta property=\"article:modified_time\" content=\"2023-11-04T15:28:17+00:00\" \/>\n<meta property=\"og:image\" content=\"https:\/\/scootertime.ch\/wp-content\/uploads\/2023\/11\/457090_24YM_Forza_125_social.jpg\" \/>\n\t<meta property=\"og:image:width\" content=\"720\" \/>\n\t<meta property=\"og:image:height\" content=\"900\" \/>\n\t<meta property=\"og:image:type\" content=\"image\/jpeg\" \/>\n<meta name=\"author\" content=\"Red. SCT\" \/>\n<meta name=\"twitter:card\" content=\"summary_large_image\" \/>\n<meta name=\"twitter:label1\" content=\"Verfasst von\" \/>\n\t<meta name=\"twitter:data1\" content=\"Red. SCT\" \/>\n\t<meta name=\"twitter:label2\" content=\"Gesch\u00e4tzte Lesezeit\" \/>\n\t<meta name=\"twitter:data2\" content=\"1\u00a0Minute\" \/>\n<script type=\"application\/ld+json\" class=\"yoast-schema-graph\">{\"@context\":\"https:\\\/\\\/schema.org\",\"@graph\":[{\"@type\":\"Article\",\"@id\":\"https:\\\/\\\/scootertime.ch\\\/de\\\/honda-forza-2024-neues-design-und-farben\\\/#article\",\"isPartOf\":{\"@id\":\"https:\\\/\\\/scootertime.ch\\\/de\\\/honda-forza-2024-neues-design-und-farben\\\/\"},\"author\":{\"name\":\"Red. SCT\",\"@id\":\"https:\\\/\\\/scootertime.ch\\\/#\\\/schema\\\/person\\\/7b982e4db7ec822a53954bf2b0df2537\"},\"headline\":\"HONDA FORZA 2024 &#8211; NEUES DESIGN UND FARBEN\",\"datePublished\":\"2023-11-04T15:28:15+00:00\",\"dateModified\":\"2023-11-04T15:28:17+00:00\",\"mainEntityOfPage\":{\"@id\":\"https:\\\/\\\/scootertime.ch\\\/de\\\/honda-forza-2024-neues-design-und-farben\\\/\"},\"wordCount\":267,\"commentCount\":0,\"publisher\":{\"@id\":\"https:\\\/\\\/scootertime.ch\\\/#organization\"},\"image\":{\"@id\":\"https:\\\/\\\/scootertime.ch\\\/de\\\/honda-forza-2024-neues-design-und-farben\\\/#primaryimage\"},\"thumbnailUrl\":\"https:\\\/\\\/scootertime.ch\\\/wp-content\\\/uploads\\\/2023\\\/11\\\/457090_24YM_Forza_125_social.jpg\",\"articleSection\":[\"News\"],\"inLanguage\":\"de\"},{\"@type\":\"WebPage\",\"@id\":\"https:\\\/\\\/scootertime.ch\\\/de\\\/honda-forza-2024-neues-design-und-farben\\\/\",\"url\":\"https:\\\/\\\/scootertime.ch\\\/de\\\/honda-forza-2024-neues-design-und-farben\\\/\",\"name\":\"HONDA FORZA 2024 - NEUES DESIGN UND FARBEN - Scootertime\",\"isPartOf\":{\"@id\":\"https:\\\/\\\/scootertime.ch\\\/#website\"},\"primaryImageOfPage\":{\"@id\":\"https:\\\/\\\/scootertime.ch\\\/de\\\/honda-forza-2024-neues-design-und-farben\\\/#primaryimage\"},\"image\":{\"@id\":\"https:\\\/\\\/scootertime.ch\\\/de\\\/honda-forza-2024-neues-design-und-farben\\\/#primaryimage\"},\"thumbnailUrl\":\"https:\\\/\\\/scootertime.ch\\\/wp-content\\\/uploads\\\/2023\\\/11\\\/457090_24YM_Forza_125_social.jpg\",\"datePublished\":\"2023-11-04T15:28:15+00:00\",\"dateModified\":\"2023-11-04T15:28:17+00:00\",\"breadcrumb\":{\"@id\":\"https:\\\/\\\/scootertime.ch\\\/de\\\/honda-forza-2024-neues-design-und-farben\\\/#breadcrumb\"},\"inLanguage\":\"de\",\"potentialAction\":[{\"@type\":\"ReadAction\",\"target\":[\"https:\\\/\\\/scootertime.ch\\\/de\\\/honda-forza-2024-neues-design-und-farben\\\/\"]}]},{\"@type\":\"ImageObject\",\"inLanguage\":\"de\",\"@id\":\"https:\\\/\\\/scootertime.ch\\\/de\\\/honda-forza-2024-neues-design-und-farben\\\/#primaryimage\",\"url\":\"https:\\\/\\\/scootertime.ch\\\/wp-content\\\/uploads\\\/2023\\\/11\\\/457090_24YM_Forza_125_social.jpg\",\"contentUrl\":\"https:\\\/\\\/scootertime.ch\\\/wp-content\\\/uploads\\\/2023\\\/11\\\/457090_24YM_Forza_125_social.jpg\",\"width\":720,\"height\":900,\"caption\":\"24YM Forza 125\"},{\"@type\":\"BreadcrumbList\",\"@id\":\"https:\\\/\\\/scootertime.ch\\\/de\\\/honda-forza-2024-neues-design-und-farben\\\/#breadcrumb\",\"itemListElement\":[{\"@type\":\"ListItem\",\"position\":1,\"name\":\"Home\",\"item\":\"https:\\\/\\\/scootertime.ch\\\/de\\\/\"},{\"@type\":\"ListItem\",\"position\":2,\"name\":\"HONDA FORZA 2024 &#8211; NEUES DESIGN UND FARBEN\"}]},{\"@type\":\"WebSite\",\"@id\":\"https:\\\/\\\/scootertime.ch\\\/#website\",\"url\":\"https:\\\/\\\/scootertime.ch\\\/\",\"name\":\"Scootertime\",\"description\":\"Das erste Schweizer Rollermagazin\",\"publisher\":{\"@id\":\"https:\\\/\\\/scootertime.ch\\\/#organization\"},\"potentialAction\":[{\"@type\":\"SearchAction\",\"target\":{\"@type\":\"EntryPoint\",\"urlTemplate\":\"https:\\\/\\\/scootertime.ch\\\/?s={search_term_string}\"},\"query-input\":{\"@type\":\"PropertyValueSpecification\",\"valueRequired\":true,\"valueName\":\"search_term_string\"}}],\"inLanguage\":\"de\"},{\"@type\":\"Organization\",\"@id\":\"https:\\\/\\\/scootertime.ch\\\/#organization\",\"name\":\"Scootertime\",\"url\":\"https:\\\/\\\/scootertime.ch\\\/\",\"logo\":{\"@type\":\"ImageObject\",\"inLanguage\":\"de\",\"@id\":\"https:\\\/\\\/scootertime.ch\\\/#\\\/schema\\\/logo\\\/image\\\/\",\"url\":\"https:\\\/\\\/scootertime.ch\\\/wp-content\\\/uploads\\\/2018\\\/04\\\/cropped-testata-fondo-nero.jpg\",\"contentUrl\":\"https:\\\/\\\/scootertime.ch\\\/wp-content\\\/uploads\\\/2018\\\/04\\\/cropped-testata-fondo-nero.jpg\",\"width\":280,\"height\":90,\"caption\":\"Scootertime\"},\"image\":{\"@id\":\"https:\\\/\\\/scootertime.ch\\\/#\\\/schema\\\/logo\\\/image\\\/\"}},{\"@type\":\"Person\",\"@id\":\"https:\\\/\\\/scootertime.ch\\\/#\\\/schema\\\/person\\\/7b982e4db7ec822a53954bf2b0df2537\",\"name\":\"Red. SCT\",\"image\":{\"@type\":\"ImageObject\",\"inLanguage\":\"de\",\"@id\":\"https:\\\/\\\/secure.gravatar.com\\\/avatar\\\/919071c8ee7b6d7474a8e74a8fb9c3b6d7b4606b6d24134ae156375f0b34bc19?s=96&d=mm&r=g\",\"url\":\"https:\\\/\\\/secure.gravatar.com\\\/avatar\\\/919071c8ee7b6d7474a8e74a8fb9c3b6d7b4606b6d24134ae156375f0b34bc19?s=96&d=mm&r=g\",\"contentUrl\":\"https:\\\/\\\/secure.gravatar.com\\\/avatar\\\/919071c8ee7b6d7474a8e74a8fb9c3b6d7b4606b6d24134ae156375f0b34bc19?s=96&d=mm&r=g\",\"caption\":\"Red. SCT\"},\"url\":\"https:\\\/\\\/scootertime.ch\\\/de\\\/author\\\/admin\\\/\"}]}<\/script>\n<!-- \/ Yoast SEO plugin. -->","yoast_head_json":{"title":"HONDA FORZA 2024 - NEUES DESIGN UND FARBEN - Scootertime","robots":{"index":"index","follow":"follow","max-snippet":"max-snippet:-1","max-image-preview":"max-image-preview:large","max-video-preview":"max-video-preview:-1"},"canonical":"https:\/\/scootertime.ch\/de\/honda-forza-2024-neues-design-und-farben\/","og_locale":"de_DE","og_type":"article","og_title":"HONDA FORZA 2024 - NEUES DESIGN UND FARBEN - Scootertime","og_description":"Hondas 2024 GT-Rollerserie wird aufgefrischt &#8211;","og_url":"https:\/\/scootertime.ch\/de\/honda-forza-2024-neues-design-und-farben\/","og_site_name":"Scootertime","article_published_time":"2023-11-04T15:28:15+00:00","article_modified_time":"2023-11-04T15:28:17+00:00","og_image":[{"width":720,"height":900,"url":"https:\/\/scootertime.ch\/wp-content\/uploads\/2023\/11\/457090_24YM_Forza_125_social.jpg","type":"image\/jpeg"}],"author":"Red. SCT","twitter_card":"summary_large_image","twitter_misc":{"Verfasst von":"Red. SCT","Gesch\u00e4tzte Lesezeit":"1\u00a0Minute"},"schema":{"@context":"https:\/\/schema.org","@graph":[{"@type":"Article","@id":"https:\/\/scootertime.ch\/de\/honda-forza-2024-neues-design-und-farben\/#article","isPartOf":{"@id":"https:\/\/scootertime.ch\/de\/honda-forza-2024-neues-design-und-farben\/"},"author":{"name":"Red. SCT","@id":"https:\/\/scootertime.ch\/#\/schema\/person\/7b982e4db7ec822a53954bf2b0df2537"},"headline":"HONDA FORZA 2024 &#8211; NEUES DESIGN UND FARBEN","datePublished":"2023-11-04T15:28:15+00:00","dateModified":"2023-11-04T15:28:17+00:00","mainEntityOfPage":{"@id":"https:\/\/scootertime.ch\/de\/honda-forza-2024-neues-design-und-farben\/"},"wordCount":267,"commentCount":0,"publisher":{"@id":"https:\/\/scootertime.ch\/#organization"},"image":{"@id":"https:\/\/scootertime.ch\/de\/honda-forza-2024-neues-design-und-farben\/#primaryimage"},"thumbnailUrl":"https:\/\/scootertime.ch\/wp-content\/uploads\/2023\/11\/457090_24YM_Forza_125_social.jpg","articleSection":["News"],"inLanguage":"de"},{"@type":"WebPage","@id":"https:\/\/scootertime.ch\/de\/honda-forza-2024-neues-design-und-farben\/","url":"https:\/\/scootertime.ch\/de\/honda-forza-2024-neues-design-und-farben\/","name":"HONDA FORZA 2024 - NEUES DESIGN UND FARBEN - Scootertime","isPartOf":{"@id":"https:\/\/scootertime.ch\/#website"},"primaryImageOfPage":{"@id":"https:\/\/scootertime.ch\/de\/honda-forza-2024-neues-design-und-farben\/#primaryimage"},"image":{"@id":"https:\/\/scootertime.ch\/de\/honda-forza-2024-neues-design-und-farben\/#primaryimage"},"thumbnailUrl":"https:\/\/scootertime.ch\/wp-content\/uploads\/2023\/11\/457090_24YM_Forza_125_social.jpg","datePublished":"2023-11-04T15:28:15+00:00","dateModified":"2023-11-04T15:28:17+00:00","breadcrumb":{"@id":"https:\/\/scootertime.ch\/de\/honda-forza-2024-neues-design-und-farben\/#breadcrumb"},"inLanguage":"de","potentialAction":[{"@type":"ReadAction","target":["https:\/\/scootertime.ch\/de\/honda-forza-2024-neues-design-und-farben\/"]}]},{"@type":"ImageObject","inLanguage":"de","@id":"https:\/\/scootertime.ch\/de\/honda-forza-2024-neues-design-und-farben\/#primaryimage","url":"https:\/\/scootertime.ch\/wp-content\/uploads\/2023\/11\/457090_24YM_Forza_125_social.jpg","contentUrl":"https:\/\/scootertime.ch\/wp-content\/uploads\/2023\/11\/457090_24YM_Forza_125_social.jpg","width":720,"height":900,"caption":"24YM Forza 125"},{"@type":"BreadcrumbList","@id":"https:\/\/scootertime.ch\/de\/honda-forza-2024-neues-design-und-farben\/#breadcrumb","itemListElement":[{"@type":"ListItem","position":1,"name":"Home","item":"https:\/\/scootertime.ch\/de\/"},{"@type":"ListItem","position":2,"name":"HONDA FORZA 2024 &#8211; NEUES DESIGN UND FARBEN"}]},{"@type":"WebSite","@id":"https:\/\/scootertime.ch\/#website","url":"https:\/\/scootertime.ch\/","name":"Scootertime","description":"Das erste Schweizer Rollermagazin","publisher":{"@id":"https:\/\/scootertime.ch\/#organization"},"potentialAction":[{"@type":"SearchAction","target":{"@type":"EntryPoint","urlTemplate":"https:\/\/scootertime.ch\/?s={search_term_string}"},"query-input":{"@type":"PropertyValueSpecification","valueRequired":true,"valueName":"search_term_string"}}],"inLanguage":"de"},{"@type":"Organization","@id":"https:\/\/scootertime.ch\/#organization","name":"Scootertime","url":"https:\/\/scootertime.ch\/","logo":{"@type":"ImageObject","inLanguage":"de","@id":"https:\/\/scootertime.ch\/#\/schema\/logo\/image\/","url":"https:\/\/scootertime.ch\/wp-content\/uploads\/2018\/04\/cropped-testata-fondo-nero.jpg","contentUrl":"https:\/\/scootertime.ch\/wp-content\/uploads\/2018\/04\/cropped-testata-fondo-nero.jpg","width":280,"height":90,"caption":"Scootertime"},"image":{"@id":"https:\/\/scootertime.ch\/#\/schema\/logo\/image\/"}},{"@type":"Person","@id":"https:\/\/scootertime.ch\/#\/schema\/person\/7b982e4db7ec822a53954bf2b0df2537","name":"Red. SCT","image":{"@type":"ImageObject","inLanguage":"de","@id":"https:\/\/secure.gravatar.com\/avatar\/919071c8ee7b6d7474a8e74a8fb9c3b6d7b4606b6d24134ae156375f0b34bc19?s=96&d=mm&r=g","url":"https:\/\/secure.gravatar.com\/avatar\/919071c8ee7b6d7474a8e74a8fb9c3b6d7b4606b6d24134ae156375f0b34bc19?s=96&d=mm&r=g","contentUrl":"https:\/\/secure.gravatar.com\/avatar\/919071c8ee7b6d7474a8e74a8fb9c3b6d7b4606b6d24134ae156375f0b34bc19?s=96&d=mm&r=g","caption":"Red. SCT"},"url":"https:\/\/scootertime.ch\/de\/author\/admin\/"}]}},"_links":{"self":[{"href":"https:\/\/scootertime.ch\/de\/wp-json\/wp\/v2\/posts\/9227","targetHints":{"allow":["GET"]}}],"collection":[{"href":"https:\/\/scootertime.ch\/de\/wp-json\/wp\/v2\/posts"}],"about":[{"href":"https:\/\/scootertime.ch\/de\/wp-json\/wp\/v2\/types\/post"}],"author":[{"embeddable":true,"href":"https:\/\/scootertime.ch\/de\/wp-json\/wp\/v2\/users\/1"}],"replies":[{"embeddable":true,"href":"https:\/\/scootertime.ch\/de\/wp-json\/wp\/v2\/comments?post=9227"}],"version-history":[{"count":2,"href":"https:\/\/scootertime.ch\/de\/wp-json\/wp\/v2\/posts\/9227\/revisions"}],"predecessor-version":[{"id":9244,"href":"https:\/\/scootertime.ch\/de\/wp-json\/wp\/v2\/posts\/9227\/revisions\/9244"}],"wp:featuredmedia":[{"embeddable":true,"href":"https:\/\/scootertime.ch\/de\/wp-json\/wp\/v2\/media\/9237"}],"wp:attachment":[{"href":"https:\/\/scootertime.ch\/de\/wp-json\/wp\/v2\/media?parent=9227"}],"wp:term":[{"taxonomy":"category","embeddable":true,"href":"https:\/\/scootertime.ch\/de\/wp-json\/wp\/v2\/categories?post=9227"},{"taxonomy":"post_tag","embeddable":true,"href":"https:\/\/scootertime.ch\/de\/wp-json\/wp\/v2\/tags?post=9227"}],"curies":[{"name":"wp","href":"https:\/\/api.w.org\/{rel}","templated":true}]}}