{"id":9539,"date":"2023-12-20T17:09:20","date_gmt":"2023-12-20T17:09:20","guid":{"rendered":"http:\/\/scootertime.ch\/?p=9539"},"modified":"2023-12-20T17:09:21","modified_gmt":"2023-12-20T17:09:21","slug":"ksr-wieder-unter-eigenverwaltung","status":"publish","type":"post","link":"https:\/\/scootertime.ch\/de\/ksr-wieder-unter-eigenverwaltung\/","title":{"rendered":"KSR WIEDER UNTER EIGENVERWALTUNG"},"content":{"rendered":"\n<h4 class=\"wp-block-heading\"><strong>\u00d6sterreich, Deutschland, die Schweiz, Italien, Griechenland und Belgien bleiben als Kernm\u00e4rkte bestehen &#8211;<\/strong><\/h4>\n\n\n\n<p>Das Amtsgericht Krems an der Donau hat das Fremdverwaltungsverfahren der \u00f6sterreichischen KSR Group heute aufgehoben und den Sanierungsplan genehmigt. Zuvor hat die Gl\u00e4ubigerversammlung den geplanten Umstrukturierungsma\u00dfnahmen zugestimmt. Die Gesch\u00e4ftsf\u00fchrung des Zweiradimporteurs und -herstellers kann nach dreieinhalb Monaten ab sofort wieder eigenst\u00e4ndig handeln. Am Firmensitz In Gedersdorf werden \u00fcber 140 Arbeitspl\u00e4tze erhalten. Die Zahl der Mitarbeiter stabilisiert sich damit nach Angaben des Unternehmens auf dem Niveau der Vor-Corona-Zeit.<\/p>\n<figure id=\"attachment_9533\" aria-describedby=\"caption-attachment-9533\" style=\"width: 590px\" class=\"wp-caption aligncenter\"><a href=\"http:\/\/scootertime.ch\/de\/ampnet_photo_20231220_231549-2\/\"><img loading=\"lazy\" decoding=\"async\" class=\"size-full wp-image-9533\" src=\"https:\/\/scootertime.ch\/wp-content\/uploads\/2023\/12\/ampnet_photo_20231220_231549.jpg\" alt=\"ampnet_photo_20231220_231549\" width=\"600\" height=\"400\" srcset=\"https:\/\/scootertime.ch\/wp-content\/uploads\/2023\/12\/ampnet_photo_20231220_231549.jpg 600w, https:\/\/scootertime.ch\/wp-content\/uploads\/2023\/12\/ampnet_photo_20231220_231549-300x200.jpg 300w, https:\/\/scootertime.ch\/wp-content\/uploads\/2023\/12\/ampnet_photo_20231220_231549-435x290.jpg 435w, https:\/\/scootertime.ch\/wp-content\/uploads\/2023\/12\/ampnet_photo_20231220_231549-150x100.jpg 150w, https:\/\/scootertime.ch\/wp-content\/uploads\/2023\/12\/ampnet_photo_20231220_231549-370x247.jpg 370w\" sizes=\"auto, (max-width: 600px) 100vw, 600px\" \/><\/a><figcaption id=\"caption-attachment-9533\" class=\"wp-caption-text\"><em>Christian (links) und Michael Kirschenhofer, Gesch\u00e4ftsf\u00fchrer der KSR Group. Foto: Autoren-Union Mobilit\u00e4t\/KSR Group<\/em><\/figcaption><\/figure>\n<p>Trotz des erfolgreich abgeschlossenen Sanierungsverfahrens laufen derzeit Gespr\u00e4che mit potenziellen Investoren. Zudem stellt sich KSR neu auf, um flexibler zu werden. \u00d6sterreich, Deutschland, die Schweiz, Italien, Griechenland und Belgien bleiben als Kernm\u00e4rkte bestehen, weitere L\u00e4nder werden in Zukunft \u00fcber Importeure abgewickelt. Der globale Vertrieb fokussiert sich in Zukunft auf die Eigenmarken Brixton und Malaguti. Neben dem Bereich \u201eMobility\u201c soll mit dem Vertriebszweig \u201eSmart Products\u201c f\u00fcr Saugroboter \u00fcber Solaranlagen bis zum E-Scooter ein zweites wirtschaftliches Standbein aufgebaut werden. (aum)<\/p>\n","protected":false},"excerpt":{"rendered":"<p>\u00d6sterreich, Deutschland, die Schweiz, Italien, Griechenland und Belgien bleiben als Kernm\u00e4rkte bestehen\u2026<\/p>\n","protected":false},"author":1,"featured_media":9536,"comment_status":"open","ping_status":"open","sticky":false,"template":"","format":"standard","meta":{"footnotes":""},"categories":[27],"tags":[],"class_list":["post-9539","post","type-post","status-publish","format-standard","has-post-thumbnail","hentry","category-news-de"],"yoast_head":"<!-- This site is optimized with the Yoast SEO plugin v27.4 - https:\/\/yoast.com\/product\/yoast-seo-wordpress\/ -->\n<title>KSR WIEDER UNTER EIGENVERWALTUNG - Scootertime<\/title>\n<meta name=\"robots\" content=\"index, follow, max-snippet:-1, max-image-preview:large, max-video-preview:-1\" \/>\n<link rel=\"canonical\" href=\"https:\/\/scootertime.ch\/de\/ksr-wieder-unter-eigenverwaltung\/\" \/>\n<meta property=\"og:locale\" content=\"de_DE\" \/>\n<meta property=\"og:type\" content=\"article\" \/>\n<meta property=\"og:title\" content=\"KSR WIEDER UNTER EIGENVERWALTUNG - Scootertime\" \/>\n<meta property=\"og:description\" content=\"\u00d6sterreich, Deutschland, die Schweiz, Italien, Griechenland und Belgien bleiben als Kernm\u00e4rkte bestehen\u2026\" \/>\n<meta property=\"og:url\" content=\"https:\/\/scootertime.ch\/de\/ksr-wieder-unter-eigenverwaltung\/\" \/>\n<meta property=\"og:site_name\" content=\"Scootertime\" \/>\n<meta property=\"article:published_time\" content=\"2023-12-20T17:09:20+00:00\" \/>\n<meta property=\"article:modified_time\" content=\"2023-12-20T17:09:21+00:00\" \/>\n<meta property=\"og:image\" content=\"https:\/\/scootertime.ch\/wp-content\/uploads\/2023\/12\/ampnet_photo_20231220_231550.jpg\" \/>\n\t<meta property=\"og:image:width\" content=\"601\" \/>\n\t<meta property=\"og:image:height\" content=\"400\" \/>\n\t<meta property=\"og:image:type\" content=\"image\/jpeg\" \/>\n<meta name=\"author\" content=\"Red. SCT\" \/>\n<meta name=\"twitter:card\" content=\"summary_large_image\" \/>\n<meta name=\"twitter:label1\" content=\"Verfasst von\" \/>\n\t<meta name=\"twitter:data1\" content=\"Red. SCT\" \/>\n\t<meta name=\"twitter:label2\" content=\"Gesch\u00e4tzte Lesezeit\" \/>\n\t<meta name=\"twitter:data2\" content=\"1\u00a0Minute\" \/>\n<script type=\"application\/ld+json\" class=\"yoast-schema-graph\">{\"@context\":\"https:\\\/\\\/schema.org\",\"@graph\":[{\"@type\":\"Article\",\"@id\":\"https:\\\/\\\/scootertime.ch\\\/de\\\/ksr-wieder-unter-eigenverwaltung\\\/#article\",\"isPartOf\":{\"@id\":\"https:\\\/\\\/scootertime.ch\\\/de\\\/ksr-wieder-unter-eigenverwaltung\\\/\"},\"author\":{\"name\":\"Red. SCT\",\"@id\":\"https:\\\/\\\/scootertime.ch\\\/#\\\/schema\\\/person\\\/7b982e4db7ec822a53954bf2b0df2537\"},\"headline\":\"KSR WIEDER UNTER EIGENVERWALTUNG\",\"datePublished\":\"2023-12-20T17:09:20+00:00\",\"dateModified\":\"2023-12-20T17:09:21+00:00\",\"mainEntityOfPage\":{\"@id\":\"https:\\\/\\\/scootertime.ch\\\/de\\\/ksr-wieder-unter-eigenverwaltung\\\/\"},\"wordCount\":196,\"commentCount\":0,\"publisher\":{\"@id\":\"https:\\\/\\\/scootertime.ch\\\/#organization\"},\"image\":{\"@id\":\"https:\\\/\\\/scootertime.ch\\\/de\\\/ksr-wieder-unter-eigenverwaltung\\\/#primaryimage\"},\"thumbnailUrl\":\"https:\\\/\\\/scootertime.ch\\\/wp-content\\\/uploads\\\/2023\\\/12\\\/ampnet_photo_20231220_231550.jpg\",\"articleSection\":[\"News\"],\"inLanguage\":\"de\"},{\"@type\":\"WebPage\",\"@id\":\"https:\\\/\\\/scootertime.ch\\\/de\\\/ksr-wieder-unter-eigenverwaltung\\\/\",\"url\":\"https:\\\/\\\/scootertime.ch\\\/de\\\/ksr-wieder-unter-eigenverwaltung\\\/\",\"name\":\"KSR WIEDER UNTER EIGENVERWALTUNG - Scootertime\",\"isPartOf\":{\"@id\":\"https:\\\/\\\/scootertime.ch\\\/#website\"},\"primaryImageOfPage\":{\"@id\":\"https:\\\/\\\/scootertime.ch\\\/de\\\/ksr-wieder-unter-eigenverwaltung\\\/#primaryimage\"},\"image\":{\"@id\":\"https:\\\/\\\/scootertime.ch\\\/de\\\/ksr-wieder-unter-eigenverwaltung\\\/#primaryimage\"},\"thumbnailUrl\":\"https:\\\/\\\/scootertime.ch\\\/wp-content\\\/uploads\\\/2023\\\/12\\\/ampnet_photo_20231220_231550.jpg\",\"datePublished\":\"2023-12-20T17:09:20+00:00\",\"dateModified\":\"2023-12-20T17:09:21+00:00\",\"breadcrumb\":{\"@id\":\"https:\\\/\\\/scootertime.ch\\\/de\\\/ksr-wieder-unter-eigenverwaltung\\\/#breadcrumb\"},\"inLanguage\":\"de\",\"potentialAction\":[{\"@type\":\"ReadAction\",\"target\":[\"https:\\\/\\\/scootertime.ch\\\/de\\\/ksr-wieder-unter-eigenverwaltung\\\/\"]}]},{\"@type\":\"ImageObject\",\"inLanguage\":\"de\",\"@id\":\"https:\\\/\\\/scootertime.ch\\\/de\\\/ksr-wieder-unter-eigenverwaltung\\\/#primaryimage\",\"url\":\"https:\\\/\\\/scootertime.ch\\\/wp-content\\\/uploads\\\/2023\\\/12\\\/ampnet_photo_20231220_231550.jpg\",\"contentUrl\":\"https:\\\/\\\/scootertime.ch\\\/wp-content\\\/uploads\\\/2023\\\/12\\\/ampnet_photo_20231220_231550.jpg\",\"width\":601,\"height\":400,\"caption\":\"Michael (l.) und Christian Kirschenhofer, Gesch\u00e4ftsf\u00fchrer der KSR Group. Foto: Autoren-Union Mobilit\u00e4t\\\/KSR Group\"},{\"@type\":\"BreadcrumbList\",\"@id\":\"https:\\\/\\\/scootertime.ch\\\/de\\\/ksr-wieder-unter-eigenverwaltung\\\/#breadcrumb\",\"itemListElement\":[{\"@type\":\"ListItem\",\"position\":1,\"name\":\"Home\",\"item\":\"https:\\\/\\\/scootertime.ch\\\/de\\\/\"},{\"@type\":\"ListItem\",\"position\":2,\"name\":\"KSR WIEDER UNTER EIGENVERWALTUNG\"}]},{\"@type\":\"WebSite\",\"@id\":\"https:\\\/\\\/scootertime.ch\\\/#website\",\"url\":\"https:\\\/\\\/scootertime.ch\\\/\",\"name\":\"Scootertime\",\"description\":\"Das erste Schweizer Rollermagazin\",\"publisher\":{\"@id\":\"https:\\\/\\\/scootertime.ch\\\/#organization\"},\"potentialAction\":[{\"@type\":\"SearchAction\",\"target\":{\"@type\":\"EntryPoint\",\"urlTemplate\":\"https:\\\/\\\/scootertime.ch\\\/?s={search_term_string}\"},\"query-input\":{\"@type\":\"PropertyValueSpecification\",\"valueRequired\":true,\"valueName\":\"search_term_string\"}}],\"inLanguage\":\"de\"},{\"@type\":\"Organization\",\"@id\":\"https:\\\/\\\/scootertime.ch\\\/#organization\",\"name\":\"Scootertime\",\"url\":\"https:\\\/\\\/scootertime.ch\\\/\",\"logo\":{\"@type\":\"ImageObject\",\"inLanguage\":\"de\",\"@id\":\"https:\\\/\\\/scootertime.ch\\\/#\\\/schema\\\/logo\\\/image\\\/\",\"url\":\"https:\\\/\\\/scootertime.ch\\\/wp-content\\\/uploads\\\/2018\\\/04\\\/cropped-testata-fondo-nero.jpg\",\"contentUrl\":\"https:\\\/\\\/scootertime.ch\\\/wp-content\\\/uploads\\\/2018\\\/04\\\/cropped-testata-fondo-nero.jpg\",\"width\":280,\"height\":90,\"caption\":\"Scootertime\"},\"image\":{\"@id\":\"https:\\\/\\\/scootertime.ch\\\/#\\\/schema\\\/logo\\\/image\\\/\"}},{\"@type\":\"Person\",\"@id\":\"https:\\\/\\\/scootertime.ch\\\/#\\\/schema\\\/person\\\/7b982e4db7ec822a53954bf2b0df2537\",\"name\":\"Red. SCT\",\"image\":{\"@type\":\"ImageObject\",\"inLanguage\":\"de\",\"@id\":\"https:\\\/\\\/secure.gravatar.com\\\/avatar\\\/919071c8ee7b6d7474a8e74a8fb9c3b6d7b4606b6d24134ae156375f0b34bc19?s=96&d=mm&r=g\",\"url\":\"https:\\\/\\\/secure.gravatar.com\\\/avatar\\\/919071c8ee7b6d7474a8e74a8fb9c3b6d7b4606b6d24134ae156375f0b34bc19?s=96&d=mm&r=g\",\"contentUrl\":\"https:\\\/\\\/secure.gravatar.com\\\/avatar\\\/919071c8ee7b6d7474a8e74a8fb9c3b6d7b4606b6d24134ae156375f0b34bc19?s=96&d=mm&r=g\",\"caption\":\"Red. SCT\"},\"url\":\"https:\\\/\\\/scootertime.ch\\\/de\\\/author\\\/admin\\\/\"}]}<\/script>\n<!-- \/ Yoast SEO plugin. -->","yoast_head_json":{"title":"KSR WIEDER UNTER EIGENVERWALTUNG - Scootertime","robots":{"index":"index","follow":"follow","max-snippet":"max-snippet:-1","max-image-preview":"max-image-preview:large","max-video-preview":"max-video-preview:-1"},"canonical":"https:\/\/scootertime.ch\/de\/ksr-wieder-unter-eigenverwaltung\/","og_locale":"de_DE","og_type":"article","og_title":"KSR WIEDER UNTER EIGENVERWALTUNG - Scootertime","og_description":"\u00d6sterreich, Deutschland, die Schweiz, Italien, Griechenland und Belgien bleiben als Kernm\u00e4rkte bestehen\u2026","og_url":"https:\/\/scootertime.ch\/de\/ksr-wieder-unter-eigenverwaltung\/","og_site_name":"Scootertime","article_published_time":"2023-12-20T17:09:20+00:00","article_modified_time":"2023-12-20T17:09:21+00:00","og_image":[{"width":601,"height":400,"url":"https:\/\/scootertime.ch\/wp-content\/uploads\/2023\/12\/ampnet_photo_20231220_231550.jpg","type":"image\/jpeg"}],"author":"Red. SCT","twitter_card":"summary_large_image","twitter_misc":{"Verfasst von":"Red. SCT","Gesch\u00e4tzte Lesezeit":"1\u00a0Minute"},"schema":{"@context":"https:\/\/schema.org","@graph":[{"@type":"Article","@id":"https:\/\/scootertime.ch\/de\/ksr-wieder-unter-eigenverwaltung\/#article","isPartOf":{"@id":"https:\/\/scootertime.ch\/de\/ksr-wieder-unter-eigenverwaltung\/"},"author":{"name":"Red. SCT","@id":"https:\/\/scootertime.ch\/#\/schema\/person\/7b982e4db7ec822a53954bf2b0df2537"},"headline":"KSR WIEDER UNTER EIGENVERWALTUNG","datePublished":"2023-12-20T17:09:20+00:00","dateModified":"2023-12-20T17:09:21+00:00","mainEntityOfPage":{"@id":"https:\/\/scootertime.ch\/de\/ksr-wieder-unter-eigenverwaltung\/"},"wordCount":196,"commentCount":0,"publisher":{"@id":"https:\/\/scootertime.ch\/#organization"},"image":{"@id":"https:\/\/scootertime.ch\/de\/ksr-wieder-unter-eigenverwaltung\/#primaryimage"},"thumbnailUrl":"https:\/\/scootertime.ch\/wp-content\/uploads\/2023\/12\/ampnet_photo_20231220_231550.jpg","articleSection":["News"],"inLanguage":"de"},{"@type":"WebPage","@id":"https:\/\/scootertime.ch\/de\/ksr-wieder-unter-eigenverwaltung\/","url":"https:\/\/scootertime.ch\/de\/ksr-wieder-unter-eigenverwaltung\/","name":"KSR WIEDER UNTER EIGENVERWALTUNG - Scootertime","isPartOf":{"@id":"https:\/\/scootertime.ch\/#website"},"primaryImageOfPage":{"@id":"https:\/\/scootertime.ch\/de\/ksr-wieder-unter-eigenverwaltung\/#primaryimage"},"image":{"@id":"https:\/\/scootertime.ch\/de\/ksr-wieder-unter-eigenverwaltung\/#primaryimage"},"thumbnailUrl":"https:\/\/scootertime.ch\/wp-content\/uploads\/2023\/12\/ampnet_photo_20231220_231550.jpg","datePublished":"2023-12-20T17:09:20+00:00","dateModified":"2023-12-20T17:09:21+00:00","breadcrumb":{"@id":"https:\/\/scootertime.ch\/de\/ksr-wieder-unter-eigenverwaltung\/#breadcrumb"},"inLanguage":"de","potentialAction":[{"@type":"ReadAction","target":["https:\/\/scootertime.ch\/de\/ksr-wieder-unter-eigenverwaltung\/"]}]},{"@type":"ImageObject","inLanguage":"de","@id":"https:\/\/scootertime.ch\/de\/ksr-wieder-unter-eigenverwaltung\/#primaryimage","url":"https:\/\/scootertime.ch\/wp-content\/uploads\/2023\/12\/ampnet_photo_20231220_231550.jpg","contentUrl":"https:\/\/scootertime.ch\/wp-content\/uploads\/2023\/12\/ampnet_photo_20231220_231550.jpg","width":601,"height":400,"caption":"Michael (l.) und Christian Kirschenhofer, Gesch\u00e4ftsf\u00fchrer der KSR Group. Foto: Autoren-Union Mobilit\u00e4t\/KSR Group"},{"@type":"BreadcrumbList","@id":"https:\/\/scootertime.ch\/de\/ksr-wieder-unter-eigenverwaltung\/#breadcrumb","itemListElement":[{"@type":"ListItem","position":1,"name":"Home","item":"https:\/\/scootertime.ch\/de\/"},{"@type":"ListItem","position":2,"name":"KSR WIEDER UNTER EIGENVERWALTUNG"}]},{"@type":"WebSite","@id":"https:\/\/scootertime.ch\/#website","url":"https:\/\/scootertime.ch\/","name":"Scootertime","description":"Das erste Schweizer Rollermagazin","publisher":{"@id":"https:\/\/scootertime.ch\/#organization"},"potentialAction":[{"@type":"SearchAction","target":{"@type":"EntryPoint","urlTemplate":"https:\/\/scootertime.ch\/?s={search_term_string}"},"query-input":{"@type":"PropertyValueSpecification","valueRequired":true,"valueName":"search_term_string"}}],"inLanguage":"de"},{"@type":"Organization","@id":"https:\/\/scootertime.ch\/#organization","name":"Scootertime","url":"https:\/\/scootertime.ch\/","logo":{"@type":"ImageObject","inLanguage":"de","@id":"https:\/\/scootertime.ch\/#\/schema\/logo\/image\/","url":"https:\/\/scootertime.ch\/wp-content\/uploads\/2018\/04\/cropped-testata-fondo-nero.jpg","contentUrl":"https:\/\/scootertime.ch\/wp-content\/uploads\/2018\/04\/cropped-testata-fondo-nero.jpg","width":280,"height":90,"caption":"Scootertime"},"image":{"@id":"https:\/\/scootertime.ch\/#\/schema\/logo\/image\/"}},{"@type":"Person","@id":"https:\/\/scootertime.ch\/#\/schema\/person\/7b982e4db7ec822a53954bf2b0df2537","name":"Red. SCT","image":{"@type":"ImageObject","inLanguage":"de","@id":"https:\/\/secure.gravatar.com\/avatar\/919071c8ee7b6d7474a8e74a8fb9c3b6d7b4606b6d24134ae156375f0b34bc19?s=96&d=mm&r=g","url":"https:\/\/secure.gravatar.com\/avatar\/919071c8ee7b6d7474a8e74a8fb9c3b6d7b4606b6d24134ae156375f0b34bc19?s=96&d=mm&r=g","contentUrl":"https:\/\/secure.gravatar.com\/avatar\/919071c8ee7b6d7474a8e74a8fb9c3b6d7b4606b6d24134ae156375f0b34bc19?s=96&d=mm&r=g","caption":"Red. SCT"},"url":"https:\/\/scootertime.ch\/de\/author\/admin\/"}]}},"_links":{"self":[{"href":"https:\/\/scootertime.ch\/de\/wp-json\/wp\/v2\/posts\/9539","targetHints":{"allow":["GET"]}}],"collection":[{"href":"https:\/\/scootertime.ch\/de\/wp-json\/wp\/v2\/posts"}],"about":[{"href":"https:\/\/scootertime.ch\/de\/wp-json\/wp\/v2\/types\/post"}],"author":[{"embeddable":true,"href":"https:\/\/scootertime.ch\/de\/wp-json\/wp\/v2\/users\/1"}],"replies":[{"embeddable":true,"href":"https:\/\/scootertime.ch\/de\/wp-json\/wp\/v2\/comments?post=9539"}],"version-history":[{"count":1,"href":"https:\/\/scootertime.ch\/de\/wp-json\/wp\/v2\/posts\/9539\/revisions"}],"predecessor-version":[{"id":9540,"href":"https:\/\/scootertime.ch\/de\/wp-json\/wp\/v2\/posts\/9539\/revisions\/9540"}],"wp:featuredmedia":[{"embeddable":true,"href":"https:\/\/scootertime.ch\/de\/wp-json\/wp\/v2\/media\/9536"}],"wp:attachment":[{"href":"https:\/\/scootertime.ch\/de\/wp-json\/wp\/v2\/media?parent=9539"}],"wp:term":[{"taxonomy":"category","embeddable":true,"href":"https:\/\/scootertime.ch\/de\/wp-json\/wp\/v2\/categories?post=9539"},{"taxonomy":"post_tag","embeddable":true,"href":"https:\/\/scootertime.ch\/de\/wp-json\/wp\/v2\/tags?post=9539"}],"curies":[{"name":"wp","href":"https:\/\/api.w.org\/{rel}","templated":true}]}}