{"id":9672,"date":"2024-03-03T19:21:36","date_gmt":"2024-03-03T19:21:36","guid":{"rendered":"http:\/\/scootertime.ch\/?p=9672"},"modified":"2024-03-03T19:40:09","modified_gmt":"2024-03-03T19:40:09","slug":"40000-fans-am-motofestival-in-bern","status":"publish","type":"post","link":"https:\/\/scootertime.ch\/de\/40000-fans-am-motofestival-in-bern\/","title":{"rendered":"40\u2019000 FANS AM MOTOFESTIVAL IN BERN"},"content":{"rendered":"\n<h4 class=\"wp-block-heading\"><strong>Erfolgreicher Start in die Motorradsaison 2024 &#8211; Wiederum 40\u2019000 Besuchende in den grossz\u00fcgigen und gut gef\u00fcllten BERNEXPO Messehallen &#8211;<\/strong><\/h4>\n\n\n\n<figure class=\"wp-block-image size-large\"><img loading=\"lazy\" decoding=\"async\" width=\"600\" height=\"400\" src=\"https:\/\/scootertime.ch\/wp-content\/uploads\/2024\/03\/motofestival-2024_1.jpg\" alt=\"motofestival 2024_1\" class=\"wp-image-9673\" srcset=\"https:\/\/scootertime.ch\/wp-content\/uploads\/2024\/03\/motofestival-2024_1.jpg 600w, https:\/\/scootertime.ch\/wp-content\/uploads\/2024\/03\/motofestival-2024_1-300x200.jpg 300w, https:\/\/scootertime.ch\/wp-content\/uploads\/2024\/03\/motofestival-2024_1-435x290.jpg 435w, https:\/\/scootertime.ch\/wp-content\/uploads\/2024\/03\/motofestival-2024_1-150x100.jpg 150w, https:\/\/scootertime.ch\/wp-content\/uploads\/2024\/03\/motofestival-2024_1-370x247.jpg 370w\" sizes=\"auto, (max-width: 600px) 100vw, 600px\" \/><figcaption><em>motofestival.ch<\/em><\/figcaption><\/figure>\n\n\n\n<p><em>Bern, 3. M\u00e4rz 2024 &#8211;<\/em> Die zum zweiten Mal durchgef\u00fchrte Motorrad-Veranstaltung motofestival in Bern pr\u00e4sentierte sich als gegl\u00fcckter Start in die T\u00f6ffsaison 2024. Das fr\u00fchlingshafte Wetter verlockte einige Besucherinnen und Besucher dazu, mit dem eigenen Motorrad oder Roller ans motofestival zu pilgern. Einer der vielen H\u00f6hepunkte war der Besuch von Bundesrat Albert R\u00f6sti.<\/p>\n<figure id=\"attachment_9685\" aria-describedby=\"caption-attachment-9685\" style=\"width: 590px\" class=\"wp-caption aligncenter\"><a href=\"http:\/\/scootertime.ch\/de\/40000-fans-am-motofestival-in-bern\/sv_6268_1_1\/\" rel=\"attachment wp-att-9685\"><img loading=\"lazy\" decoding=\"async\" class=\"size-full wp-image-9685\" src=\"https:\/\/scootertime.ch\/wp-content\/uploads\/2024\/03\/sv_6268_1_1.jpg\" alt=\"sv_6268_1_1\" width=\"600\" height=\"400\" srcset=\"https:\/\/scootertime.ch\/wp-content\/uploads\/2024\/03\/sv_6268_1_1.jpg 600w, https:\/\/scootertime.ch\/wp-content\/uploads\/2024\/03\/sv_6268_1_1-300x200.jpg 300w, https:\/\/scootertime.ch\/wp-content\/uploads\/2024\/03\/sv_6268_1_1-435x290.jpg 435w, https:\/\/scootertime.ch\/wp-content\/uploads\/2024\/03\/sv_6268_1_1-150x100.jpg 150w, https:\/\/scootertime.ch\/wp-content\/uploads\/2024\/03\/sv_6268_1_1-370x247.jpg 370w\" sizes=\"auto, (max-width: 600px) 100vw, 600px\" \/><\/a><figcaption id=\"caption-attachment-9685\" class=\"wp-caption-text\"><em>Bundesrat Albert R\u00f6sti auf der B\u00fchne &#8211; (ph_motofestival)<\/em><\/figcaption><\/figure>\n<p><strong>Nach der erfolgreichen Premiere<\/strong> vor einem Jahr ging das motofestival in die zweite Runde und machte Bern an diesem Wochenende zur Motorrad-Hauptstadt der Schweiz. In den beiden grossen Messehallen der BERNEXPO teilten Besucher und auch sehr viele Besucherinnen des zweiten motofestivals ihre Leidenschaft und Begeisterung f\u00fcr das motorisierte Zweirad mit den Ausstellenden. An der gr\u00f6ssten nationalen Veranstaltung f\u00fcr Motorr\u00e4der, Roller, Bekleidung und Zubeh\u00f6r wurden die Zweirad-Neuheiten 2024 umfassend gezeigt und sorgten f\u00fcr einen erlebnis- und abwechslungsreichen Messetag. Die Mehrheit der marktrelevanten Brands war vertreten, darunter BMW, Ducati, Honda, Indian Motorcycles, Kawasaki, KTM, Moto Morini, Suzuki und Triumph. Die neuen Motorra\u0308der und Roller des Jahrgangs 2024 konnten live betrachtet, verglichen, mit Gleichgesinnten diskutiert und zum Teil \u00abprobegesessen\u00bb werden.<\/p>\n<figure id=\"attachment_9676\" aria-describedby=\"caption-attachment-9676\" style=\"width: 590px\" class=\"wp-caption aligncenter\"><a href=\"http:\/\/scootertime.ch\/de\/40000-fans-am-motofestival-in-bern\/motofestival-2024_2\/\" rel=\"attachment wp-att-9676\"><img loading=\"lazy\" decoding=\"async\" class=\"size-full wp-image-9676\" src=\"https:\/\/scootertime.ch\/wp-content\/uploads\/2024\/03\/motofestival-2024_2.jpg\" alt=\"motofestival 2024_2\" width=\"600\" height=\"400\" srcset=\"https:\/\/scootertime.ch\/wp-content\/uploads\/2024\/03\/motofestival-2024_2.jpg 600w, https:\/\/scootertime.ch\/wp-content\/uploads\/2024\/03\/motofestival-2024_2-300x200.jpg 300w, https:\/\/scootertime.ch\/wp-content\/uploads\/2024\/03\/motofestival-2024_2-435x290.jpg 435w, https:\/\/scootertime.ch\/wp-content\/uploads\/2024\/03\/motofestival-2024_2-150x100.jpg 150w, https:\/\/scootertime.ch\/wp-content\/uploads\/2024\/03\/motofestival-2024_2-370x247.jpg 370w\" sizes=\"auto, (max-width: 600px) 100vw, 600px\" \/><\/a><figcaption id=\"caption-attachment-9676\" class=\"wp-caption-text\"><em>motofestival 2024 (ph_motofestival)<\/em><\/figcaption><\/figure>\n<p><strong>Am motofestival<\/strong> wurde aber nicht nur geguckt und gefachsimpelt, sondern auch gefahren. Mit Erde, Baumsta\u0308mmen, Reifen, Mulden und Paletten war indoor eine spektakula\u0308re Offroad-Arena aufgebaut worden, auf der renommierte Fahrer an jedem der vier Ausstellungstage vor einem begeisterten Publikum um den Tagessieg und am Sonntag um den motofestival-Gesamtsieg k\u00e4mpften. Als ersten motofestival-Champion 2024 feierte das Publikum Francesc Moret aus Spanien.<\/p>\n<figure id=\"attachment_9679\" aria-describedby=\"caption-attachment-9679\" style=\"width: 590px\" class=\"wp-caption aligncenter\"><a href=\"http:\/\/scootertime.ch\/de\/40000-fans-am-motofestival-in-bern\/sv_6265_1_1\/\" rel=\"attachment wp-att-9679\"><img loading=\"lazy\" decoding=\"async\" class=\"size-full wp-image-9679\" src=\"https:\/\/scootertime.ch\/wp-content\/uploads\/2024\/03\/sv_6265_1_1.jpg\" alt=\"sv_6265_1_1\" width=\"600\" height=\"400\" srcset=\"https:\/\/scootertime.ch\/wp-content\/uploads\/2024\/03\/sv_6265_1_1.jpg 600w, https:\/\/scootertime.ch\/wp-content\/uploads\/2024\/03\/sv_6265_1_1-300x200.jpg 300w, https:\/\/scootertime.ch\/wp-content\/uploads\/2024\/03\/sv_6265_1_1-435x290.jpg 435w, https:\/\/scootertime.ch\/wp-content\/uploads\/2024\/03\/sv_6265_1_1-150x100.jpg 150w, https:\/\/scootertime.ch\/wp-content\/uploads\/2024\/03\/sv_6265_1_1-370x247.jpg 370w\" sizes=\"auto, (max-width: 600px) 100vw, 600px\" \/><\/a><figcaption id=\"caption-attachment-9679\" class=\"wp-caption-text\"><em>&#8230; die Crazy Nock Brothers sausten atemberaubend durch ihre Stahlkugel &#8211; (ph_motofestival)<\/em><\/figcaption><\/figure>\n<p><strong>In den Pausen der Cross-Country-Show<\/strong> gab es attraktive Produktpr\u00e4sentationen und die Crazy Nock Brothers sausten atemberaubend durch ihre Stahlkugel. Gleich nebenan konnten Anf\u00e4ngerinnen und Anf\u00e4nger unter fachkundiger Anleitung auf einem Einsteigerparcours erstmals ein 125cm3 &#8211; Fahrzeug bewegen. Im Aussengela\u0308nde sorgten die T\u00f6ffakrobaten Mat Rebeaud &amp; Friends zwei bis drei Mal am Tag f\u00fcr eine atemberaubende Freestyle Motocross Show, und Junge und Junggebliebene konnten sich in einer der Hallen in einer digitalen E-Sports-Zone messen.<\/p>\n<p><strong>Die Sondershows<\/strong> umfassten Spezialmotorra\u0308der von BossHoss mit V8-Chevrolet-Automotoren, faszinierende Custom-Umbauten, Vintage-Bikes und Rarita\u0308ten aus allen Epochen der Motorradgeschichte. Traditionell besondere Beachtung beim Schweizer To\u0308ffvolk fanden die historischen Milita\u0308rmotorra\u0308der von Condor und BMW. Am Samstagnachmittag war WM-Star und Publikumsliebling Dominique Aegerter (33) auf der \u00abmotofestival Stage\u00bb zu Gast.<\/p>\n<figure id=\"attachment_9682\" aria-describedby=\"caption-attachment-9682\" style=\"width: 590px\" class=\"wp-caption aligncenter\"><a href=\"http:\/\/scootertime.ch\/de\/40000-fans-am-motofestival-in-bern\/sv_6266_1_1\/\" rel=\"attachment wp-att-9682\"><img loading=\"lazy\" decoding=\"async\" class=\"size-full wp-image-9682\" src=\"https:\/\/scootertime.ch\/wp-content\/uploads\/2024\/03\/sv_6266_1_1.jpg\" alt=\"sv_6266_1_1\" width=\"600\" height=\"400\" srcset=\"https:\/\/scootertime.ch\/wp-content\/uploads\/2024\/03\/sv_6266_1_1.jpg 600w, https:\/\/scootertime.ch\/wp-content\/uploads\/2024\/03\/sv_6266_1_1-300x200.jpg 300w, https:\/\/scootertime.ch\/wp-content\/uploads\/2024\/03\/sv_6266_1_1-435x290.jpg 435w, https:\/\/scootertime.ch\/wp-content\/uploads\/2024\/03\/sv_6266_1_1-150x100.jpg 150w, https:\/\/scootertime.ch\/wp-content\/uploads\/2024\/03\/sv_6266_1_1-370x247.jpg 370w\" sizes=\"auto, (max-width: 600px) 100vw, 600px\" \/><\/a><figcaption id=\"caption-attachment-9682\" class=\"wp-caption-text\"><em>(ph_motofestival)<\/em><\/figcaption><\/figure>\n<p><strong>Zur Entspannung und Verpflegung<\/strong> stand mit dem Food-Festival im teilweise u\u0308berdachten Aussenbereich eine vielfa\u0308ltige Auswahl an Street-Food bereit. Am Freitagabend unterhielten die Podcast-Stars und Radio Energy-Moderatoren Moser &amp; Schelker das Publikum, und am traditionellen Rock-Abend am Samstag heizten Rock Out und Shakra ihren Fans ein.<\/p>\n<figure id=\"attachment_9685\" aria-describedby=\"caption-attachment-9685\" style=\"width: 590px\" class=\"wp-caption aligncenter\"><a href=\"http:\/\/scootertime.ch\/de\/40000-fans-am-motofestival-in-bern\/sv_6268_1_1\/\" rel=\"attachment wp-att-9685\"><img loading=\"lazy\" decoding=\"async\" class=\"size-full wp-image-9685\" src=\"https:\/\/scootertime.ch\/wp-content\/uploads\/2024\/03\/sv_6268_1_1.jpg\" alt=\"sv_6268_1_1\" width=\"600\" height=\"400\" srcset=\"https:\/\/scootertime.ch\/wp-content\/uploads\/2024\/03\/sv_6268_1_1.jpg 600w, https:\/\/scootertime.ch\/wp-content\/uploads\/2024\/03\/sv_6268_1_1-300x200.jpg 300w, https:\/\/scootertime.ch\/wp-content\/uploads\/2024\/03\/sv_6268_1_1-435x290.jpg 435w, https:\/\/scootertime.ch\/wp-content\/uploads\/2024\/03\/sv_6268_1_1-150x100.jpg 150w, https:\/\/scootertime.ch\/wp-content\/uploads\/2024\/03\/sv_6268_1_1-370x247.jpg 370w\" sizes=\"auto, (max-width: 600px) 100vw, 600px\" \/><\/a><figcaption id=\"caption-attachment-9685\" class=\"wp-caption-text\"><em>Bundesrat Albert R\u00f6sti auf der B\u00fchne &#8211; (ph_motofestival)<\/em><\/figcaption><\/figure>\n<p><strong>Bundesrat Albert R\u00f6sti auf der B\u00fchne &#8211;<\/strong> Am Freitagnachmittag, dem zweiten Tag der vierta\u0308gigen Motorrad-, Roller- und Zubeho\u0308rmesse, stattete Bundesrat Albert Ro\u0308sti, der Vorsteher des Eidgeno\u0308ssischen Departements fu\u0308r Umwelt, Verkehr, Energie und Kommunikation (UVEK), dem motofestival einen Besuch ab. Betont locker mischte er sich unters Volk und referierte auf der motofestival-Stage u\u0308ber Intelligente Verkehrsinfrastrukturen und effizientes Verkehrsmanagement.<\/p>\n<p><strong>\u00abNachhaltig und unvergesslich\u00bb<\/strong> &#8211; BERNEXPO-Gesch\u00e4ftsf\u00fchrer Tom Winter zeigte sich zufrieden mit dem Besucheraufmarsch und dem Verlauf des zweiten motofestivals: \u00abDas motofestival hat erneut eindr\u00fccklich aufgezeigt, wie gross und ungebrochen die Leidenschaft und Freude f\u00fcr das Motorrad in unserem Land sind. Der Live-Charakter des motofestivals mit seinen diversen Action- und Sondershows sowie der direkte Austausch zwischen Ausstellenden und Besuchenden haben f\u00fcr viele ein nachhaltiges und unvergessliches Messerlebnis gepr\u00e4gt.\u00bb<\/p>\n<p><strong>Anfassen, ausprobieren und fachsimpeln<\/strong> &#8211; Auch motofestival-Messeleiter Christoph Lanz freute sich \u00fcber den Erfolg der zum zweiten Mal durchgef\u00fchrten Schweizer Motorrad-Leitmesse: \u00abDas physische Erlebnis, das Ausprobieren und Anfassen, \u00fcberhaupt die mit einem Messebesuch verbundene Emotionalit\u00e4t, das kann die digitale Welt nur bedingt abdecken. Wir haben die Erfahrungen der Premiere im vergangenen Jahr ins diesj\u00e4hrige motofestival einfliessen lassen und es noch vielseitiger und besucherfreundlicher gemacht. Die erfreulichen Besucherzahlen und die vielen positiven Reaktionen beweisen, dass wir mit unserem Konzept und der attraktiven Gestaltung den richtigen Weg eingeschlagen haben.\u00bb<\/p>\n<p><strong>\u00abAttraktives Konzept, professionell durchgef\u00fchrt\u00bb &#8211;<\/strong> J\u00f6rg Bucher, der Pr\u00e4sident des Schweizer Motorrad-Importeursverbands motosuisse, wertete das zweite motofestival, die Leitmesse der Branche, ebenfalls als Erfolg: \u00abNichts eignet sich vor dem Beginn der neuen Saison besser als eine landeszentrale, informative und gleichzeitig unterhaltsame Messe. Gemeinsam kann der Leidenschaft Motorradfahren, welches in allererster Linie ein emotionales Freizeiterlebnis darstellt, gefr\u00f6nt werden. Das attraktive und professionell aufgebaute motofestival, dass die Erfahrungen der Premiere 2023 bestens in die diesj\u00e4hrige Messe umgesetzt hat, erf\u00fcllt seine Funktion als Schweizer Motorrad-Leitmesse und Startschuss in die Saison hervorragend.<\/p>\n<p><strong>Save the date! <\/strong><\/p>\n<p>Das dritte motofestival auf dem BERNEXPO-Areal findet vom 27. Februar bis 2. M\u00e4rz 2025 statt.<\/p>\n<p><a href=\"http:\/\/motofestival.ch\" target=\"_blank\" rel=\"noopener noreferrer\">motofestival.ch<\/a><\/p>\n","protected":false},"excerpt":{"rendered":"<p>Erfolgreicher Start in die Motorradsaison 2024 &#8211; Wiederum 40\u2019000 Besuchende in den\u2026<\/p>\n","protected":false},"author":1,"featured_media":9688,"comment_status":"closed","ping_status":"closed","sticky":false,"template":"","format":"standard","meta":{"footnotes":""},"categories":[27],"tags":[],"class_list":["post-9672","post","type-post","status-publish","format-standard","has-post-thumbnail","hentry","category-news-de"],"yoast_head":"<!-- This site is optimized with the Yoast SEO plugin v27.4 - https:\/\/yoast.com\/product\/yoast-seo-wordpress\/ -->\n<title>40\u2019000 FANS AM MOTOFESTIVAL IN BERN - Scootertime<\/title>\n<meta name=\"robots\" content=\"index, follow, max-snippet:-1, max-image-preview:large, max-video-preview:-1\" \/>\n<link rel=\"canonical\" href=\"https:\/\/scootertime.ch\/de\/40000-fans-am-motofestival-in-bern\/\" \/>\n<meta property=\"og:locale\" content=\"de_DE\" \/>\n<meta property=\"og:type\" content=\"article\" \/>\n<meta property=\"og:title\" content=\"40\u2019000 FANS AM MOTOFESTIVAL IN BERN - Scootertime\" \/>\n<meta property=\"og:description\" content=\"Erfolgreicher Start in die Motorradsaison 2024 &#8211; Wiederum 40\u2019000 Besuchende in den\u2026\" \/>\n<meta property=\"og:url\" content=\"https:\/\/scootertime.ch\/de\/40000-fans-am-motofestival-in-bern\/\" \/>\n<meta property=\"og:site_name\" content=\"Scootertime\" \/>\n<meta property=\"article:published_time\" content=\"2024-03-03T19:21:36+00:00\" \/>\n<meta property=\"article:modified_time\" content=\"2024-03-03T19:40:09+00:00\" \/>\n<meta property=\"og:image\" content=\"https:\/\/scootertime.ch\/wp-content\/uploads\/2024\/03\/sv_6273_1_1.jpg\" \/>\n\t<meta property=\"og:image:width\" content=\"600\" \/>\n\t<meta property=\"og:image:height\" content=\"400\" \/>\n\t<meta property=\"og:image:type\" content=\"image\/jpeg\" \/>\n<meta name=\"author\" content=\"Red. SCT\" \/>\n<meta name=\"twitter:card\" content=\"summary_large_image\" \/>\n<meta name=\"twitter:label1\" content=\"Verfasst von\" \/>\n\t<meta name=\"twitter:data1\" content=\"Red. SCT\" \/>\n\t<meta name=\"twitter:label2\" content=\"Gesch\u00e4tzte Lesezeit\" \/>\n\t<meta name=\"twitter:data2\" content=\"4\u00a0Minuten\" \/>\n<script type=\"application\/ld+json\" class=\"yoast-schema-graph\">{\"@context\":\"https:\\\/\\\/schema.org\",\"@graph\":[{\"@type\":\"Article\",\"@id\":\"https:\\\/\\\/scootertime.ch\\\/de\\\/40000-fans-am-motofestival-in-bern\\\/#article\",\"isPartOf\":{\"@id\":\"https:\\\/\\\/scootertime.ch\\\/de\\\/40000-fans-am-motofestival-in-bern\\\/\"},\"author\":{\"name\":\"Red. SCT\",\"@id\":\"https:\\\/\\\/scootertime.ch\\\/#\\\/schema\\\/person\\\/7b982e4db7ec822a53954bf2b0df2537\"},\"headline\":\"40\u2019000 FANS AM MOTOFESTIVAL IN BERN\",\"datePublished\":\"2024-03-03T19:21:36+00:00\",\"dateModified\":\"2024-03-03T19:40:09+00:00\",\"mainEntityOfPage\":{\"@id\":\"https:\\\/\\\/scootertime.ch\\\/de\\\/40000-fans-am-motofestival-in-bern\\\/\"},\"wordCount\":859,\"publisher\":{\"@id\":\"https:\\\/\\\/scootertime.ch\\\/#organization\"},\"image\":{\"@id\":\"https:\\\/\\\/scootertime.ch\\\/de\\\/40000-fans-am-motofestival-in-bern\\\/#primaryimage\"},\"thumbnailUrl\":\"https:\\\/\\\/scootertime.ch\\\/wp-content\\\/uploads\\\/2024\\\/03\\\/sv_6273_1_1.jpg\",\"articleSection\":[\"News\"],\"inLanguage\":\"de\"},{\"@type\":\"WebPage\",\"@id\":\"https:\\\/\\\/scootertime.ch\\\/de\\\/40000-fans-am-motofestival-in-bern\\\/\",\"url\":\"https:\\\/\\\/scootertime.ch\\\/de\\\/40000-fans-am-motofestival-in-bern\\\/\",\"name\":\"40\u2019000 FANS AM MOTOFESTIVAL IN BERN - Scootertime\",\"isPartOf\":{\"@id\":\"https:\\\/\\\/scootertime.ch\\\/#website\"},\"primaryImageOfPage\":{\"@id\":\"https:\\\/\\\/scootertime.ch\\\/de\\\/40000-fans-am-motofestival-in-bern\\\/#primaryimage\"},\"image\":{\"@id\":\"https:\\\/\\\/scootertime.ch\\\/de\\\/40000-fans-am-motofestival-in-bern\\\/#primaryimage\"},\"thumbnailUrl\":\"https:\\\/\\\/scootertime.ch\\\/wp-content\\\/uploads\\\/2024\\\/03\\\/sv_6273_1_1.jpg\",\"datePublished\":\"2024-03-03T19:21:36+00:00\",\"dateModified\":\"2024-03-03T19:40:09+00:00\",\"breadcrumb\":{\"@id\":\"https:\\\/\\\/scootertime.ch\\\/de\\\/40000-fans-am-motofestival-in-bern\\\/#breadcrumb\"},\"inLanguage\":\"de\",\"potentialAction\":[{\"@type\":\"ReadAction\",\"target\":[\"https:\\\/\\\/scootertime.ch\\\/de\\\/40000-fans-am-motofestival-in-bern\\\/\"]}]},{\"@type\":\"ImageObject\",\"inLanguage\":\"de\",\"@id\":\"https:\\\/\\\/scootertime.ch\\\/de\\\/40000-fans-am-motofestival-in-bern\\\/#primaryimage\",\"url\":\"https:\\\/\\\/scootertime.ch\\\/wp-content\\\/uploads\\\/2024\\\/03\\\/sv_6273_1_1.jpg\",\"contentUrl\":\"https:\\\/\\\/scootertime.ch\\\/wp-content\\\/uploads\\\/2024\\\/03\\\/sv_6273_1_1.jpg\",\"width\":600,\"height\":400,\"caption\":\"motofestival.ch\"},{\"@type\":\"BreadcrumbList\",\"@id\":\"https:\\\/\\\/scootertime.ch\\\/de\\\/40000-fans-am-motofestival-in-bern\\\/#breadcrumb\",\"itemListElement\":[{\"@type\":\"ListItem\",\"position\":1,\"name\":\"Home\",\"item\":\"https:\\\/\\\/scootertime.ch\\\/de\\\/\"},{\"@type\":\"ListItem\",\"position\":2,\"name\":\"40\u2019000 FANS AM MOTOFESTIVAL IN BERN\"}]},{\"@type\":\"WebSite\",\"@id\":\"https:\\\/\\\/scootertime.ch\\\/#website\",\"url\":\"https:\\\/\\\/scootertime.ch\\\/\",\"name\":\"Scootertime\",\"description\":\"Das erste Schweizer Rollermagazin\",\"publisher\":{\"@id\":\"https:\\\/\\\/scootertime.ch\\\/#organization\"},\"potentialAction\":[{\"@type\":\"SearchAction\",\"target\":{\"@type\":\"EntryPoint\",\"urlTemplate\":\"https:\\\/\\\/scootertime.ch\\\/?s={search_term_string}\"},\"query-input\":{\"@type\":\"PropertyValueSpecification\",\"valueRequired\":true,\"valueName\":\"search_term_string\"}}],\"inLanguage\":\"de\"},{\"@type\":\"Organization\",\"@id\":\"https:\\\/\\\/scootertime.ch\\\/#organization\",\"name\":\"Scootertime\",\"url\":\"https:\\\/\\\/scootertime.ch\\\/\",\"logo\":{\"@type\":\"ImageObject\",\"inLanguage\":\"de\",\"@id\":\"https:\\\/\\\/scootertime.ch\\\/#\\\/schema\\\/logo\\\/image\\\/\",\"url\":\"https:\\\/\\\/scootertime.ch\\\/wp-content\\\/uploads\\\/2018\\\/04\\\/cropped-testata-fondo-nero.jpg\",\"contentUrl\":\"https:\\\/\\\/scootertime.ch\\\/wp-content\\\/uploads\\\/2018\\\/04\\\/cropped-testata-fondo-nero.jpg\",\"width\":280,\"height\":90,\"caption\":\"Scootertime\"},\"image\":{\"@id\":\"https:\\\/\\\/scootertime.ch\\\/#\\\/schema\\\/logo\\\/image\\\/\"}},{\"@type\":\"Person\",\"@id\":\"https:\\\/\\\/scootertime.ch\\\/#\\\/schema\\\/person\\\/7b982e4db7ec822a53954bf2b0df2537\",\"name\":\"Red. SCT\",\"image\":{\"@type\":\"ImageObject\",\"inLanguage\":\"de\",\"@id\":\"https:\\\/\\\/secure.gravatar.com\\\/avatar\\\/919071c8ee7b6d7474a8e74a8fb9c3b6d7b4606b6d24134ae156375f0b34bc19?s=96&d=mm&r=g\",\"url\":\"https:\\\/\\\/secure.gravatar.com\\\/avatar\\\/919071c8ee7b6d7474a8e74a8fb9c3b6d7b4606b6d24134ae156375f0b34bc19?s=96&d=mm&r=g\",\"contentUrl\":\"https:\\\/\\\/secure.gravatar.com\\\/avatar\\\/919071c8ee7b6d7474a8e74a8fb9c3b6d7b4606b6d24134ae156375f0b34bc19?s=96&d=mm&r=g\",\"caption\":\"Red. SCT\"},\"url\":\"https:\\\/\\\/scootertime.ch\\\/de\\\/author\\\/admin\\\/\"}]}<\/script>\n<!-- \/ Yoast SEO plugin. -->","yoast_head_json":{"title":"40\u2019000 FANS AM MOTOFESTIVAL IN BERN - Scootertime","robots":{"index":"index","follow":"follow","max-snippet":"max-snippet:-1","max-image-preview":"max-image-preview:large","max-video-preview":"max-video-preview:-1"},"canonical":"https:\/\/scootertime.ch\/de\/40000-fans-am-motofestival-in-bern\/","og_locale":"de_DE","og_type":"article","og_title":"40\u2019000 FANS AM MOTOFESTIVAL IN BERN - Scootertime","og_description":"Erfolgreicher Start in die Motorradsaison 2024 &#8211; Wiederum 40\u2019000 Besuchende in den\u2026","og_url":"https:\/\/scootertime.ch\/de\/40000-fans-am-motofestival-in-bern\/","og_site_name":"Scootertime","article_published_time":"2024-03-03T19:21:36+00:00","article_modified_time":"2024-03-03T19:40:09+00:00","og_image":[{"width":600,"height":400,"url":"https:\/\/scootertime.ch\/wp-content\/uploads\/2024\/03\/sv_6273_1_1.jpg","type":"image\/jpeg"}],"author":"Red. SCT","twitter_card":"summary_large_image","twitter_misc":{"Verfasst von":"Red. SCT","Gesch\u00e4tzte Lesezeit":"4\u00a0Minuten"},"schema":{"@context":"https:\/\/schema.org","@graph":[{"@type":"Article","@id":"https:\/\/scootertime.ch\/de\/40000-fans-am-motofestival-in-bern\/#article","isPartOf":{"@id":"https:\/\/scootertime.ch\/de\/40000-fans-am-motofestival-in-bern\/"},"author":{"name":"Red. SCT","@id":"https:\/\/scootertime.ch\/#\/schema\/person\/7b982e4db7ec822a53954bf2b0df2537"},"headline":"40\u2019000 FANS AM MOTOFESTIVAL IN BERN","datePublished":"2024-03-03T19:21:36+00:00","dateModified":"2024-03-03T19:40:09+00:00","mainEntityOfPage":{"@id":"https:\/\/scootertime.ch\/de\/40000-fans-am-motofestival-in-bern\/"},"wordCount":859,"publisher":{"@id":"https:\/\/scootertime.ch\/#organization"},"image":{"@id":"https:\/\/scootertime.ch\/de\/40000-fans-am-motofestival-in-bern\/#primaryimage"},"thumbnailUrl":"https:\/\/scootertime.ch\/wp-content\/uploads\/2024\/03\/sv_6273_1_1.jpg","articleSection":["News"],"inLanguage":"de"},{"@type":"WebPage","@id":"https:\/\/scootertime.ch\/de\/40000-fans-am-motofestival-in-bern\/","url":"https:\/\/scootertime.ch\/de\/40000-fans-am-motofestival-in-bern\/","name":"40\u2019000 FANS AM MOTOFESTIVAL IN BERN - Scootertime","isPartOf":{"@id":"https:\/\/scootertime.ch\/#website"},"primaryImageOfPage":{"@id":"https:\/\/scootertime.ch\/de\/40000-fans-am-motofestival-in-bern\/#primaryimage"},"image":{"@id":"https:\/\/scootertime.ch\/de\/40000-fans-am-motofestival-in-bern\/#primaryimage"},"thumbnailUrl":"https:\/\/scootertime.ch\/wp-content\/uploads\/2024\/03\/sv_6273_1_1.jpg","datePublished":"2024-03-03T19:21:36+00:00","dateModified":"2024-03-03T19:40:09+00:00","breadcrumb":{"@id":"https:\/\/scootertime.ch\/de\/40000-fans-am-motofestival-in-bern\/#breadcrumb"},"inLanguage":"de","potentialAction":[{"@type":"ReadAction","target":["https:\/\/scootertime.ch\/de\/40000-fans-am-motofestival-in-bern\/"]}]},{"@type":"ImageObject","inLanguage":"de","@id":"https:\/\/scootertime.ch\/de\/40000-fans-am-motofestival-in-bern\/#primaryimage","url":"https:\/\/scootertime.ch\/wp-content\/uploads\/2024\/03\/sv_6273_1_1.jpg","contentUrl":"https:\/\/scootertime.ch\/wp-content\/uploads\/2024\/03\/sv_6273_1_1.jpg","width":600,"height":400,"caption":"motofestival.ch"},{"@type":"BreadcrumbList","@id":"https:\/\/scootertime.ch\/de\/40000-fans-am-motofestival-in-bern\/#breadcrumb","itemListElement":[{"@type":"ListItem","position":1,"name":"Home","item":"https:\/\/scootertime.ch\/de\/"},{"@type":"ListItem","position":2,"name":"40\u2019000 FANS AM MOTOFESTIVAL IN BERN"}]},{"@type":"WebSite","@id":"https:\/\/scootertime.ch\/#website","url":"https:\/\/scootertime.ch\/","name":"Scootertime","description":"Das erste Schweizer Rollermagazin","publisher":{"@id":"https:\/\/scootertime.ch\/#organization"},"potentialAction":[{"@type":"SearchAction","target":{"@type":"EntryPoint","urlTemplate":"https:\/\/scootertime.ch\/?s={search_term_string}"},"query-input":{"@type":"PropertyValueSpecification","valueRequired":true,"valueName":"search_term_string"}}],"inLanguage":"de"},{"@type":"Organization","@id":"https:\/\/scootertime.ch\/#organization","name":"Scootertime","url":"https:\/\/scootertime.ch\/","logo":{"@type":"ImageObject","inLanguage":"de","@id":"https:\/\/scootertime.ch\/#\/schema\/logo\/image\/","url":"https:\/\/scootertime.ch\/wp-content\/uploads\/2018\/04\/cropped-testata-fondo-nero.jpg","contentUrl":"https:\/\/scootertime.ch\/wp-content\/uploads\/2018\/04\/cropped-testata-fondo-nero.jpg","width":280,"height":90,"caption":"Scootertime"},"image":{"@id":"https:\/\/scootertime.ch\/#\/schema\/logo\/image\/"}},{"@type":"Person","@id":"https:\/\/scootertime.ch\/#\/schema\/person\/7b982e4db7ec822a53954bf2b0df2537","name":"Red. SCT","image":{"@type":"ImageObject","inLanguage":"de","@id":"https:\/\/secure.gravatar.com\/avatar\/919071c8ee7b6d7474a8e74a8fb9c3b6d7b4606b6d24134ae156375f0b34bc19?s=96&d=mm&r=g","url":"https:\/\/secure.gravatar.com\/avatar\/919071c8ee7b6d7474a8e74a8fb9c3b6d7b4606b6d24134ae156375f0b34bc19?s=96&d=mm&r=g","contentUrl":"https:\/\/secure.gravatar.com\/avatar\/919071c8ee7b6d7474a8e74a8fb9c3b6d7b4606b6d24134ae156375f0b34bc19?s=96&d=mm&r=g","caption":"Red. SCT"},"url":"https:\/\/scootertime.ch\/de\/author\/admin\/"}]}},"_links":{"self":[{"href":"https:\/\/scootertime.ch\/de\/wp-json\/wp\/v2\/posts\/9672","targetHints":{"allow":["GET"]}}],"collection":[{"href":"https:\/\/scootertime.ch\/de\/wp-json\/wp\/v2\/posts"}],"about":[{"href":"https:\/\/scootertime.ch\/de\/wp-json\/wp\/v2\/types\/post"}],"author":[{"embeddable":true,"href":"https:\/\/scootertime.ch\/de\/wp-json\/wp\/v2\/users\/1"}],"replies":[{"embeddable":true,"href":"https:\/\/scootertime.ch\/de\/wp-json\/wp\/v2\/comments?post=9672"}],"version-history":[{"count":3,"href":"https:\/\/scootertime.ch\/de\/wp-json\/wp\/v2\/posts\/9672\/revisions"}],"predecessor-version":[{"id":9697,"href":"https:\/\/scootertime.ch\/de\/wp-json\/wp\/v2\/posts\/9672\/revisions\/9697"}],"wp:featuredmedia":[{"embeddable":true,"href":"https:\/\/scootertime.ch\/de\/wp-json\/wp\/v2\/media\/9688"}],"wp:attachment":[{"href":"https:\/\/scootertime.ch\/de\/wp-json\/wp\/v2\/media?parent=9672"}],"wp:term":[{"taxonomy":"category","embeddable":true,"href":"https:\/\/scootertime.ch\/de\/wp-json\/wp\/v2\/categories?post=9672"},{"taxonomy":"post_tag","embeddable":true,"href":"https:\/\/scootertime.ch\/de\/wp-json\/wp\/v2\/tags?post=9672"}],"curies":[{"name":"wp","href":"https:\/\/api.w.org\/{rel}","templated":true}]}}