{"id":9716,"date":"2024-03-10T18:05:24","date_gmt":"2024-03-10T18:05:24","guid":{"rendered":"http:\/\/scootertime.ch\/?p=9716"},"modified":"2024-03-10T18:05:24","modified_gmt":"2024-03-10T18:05:24","slug":"airoh-matryx-helm-gewinnt-if-design-award-2024","status":"publish","type":"post","link":"https:\/\/scootertime.ch\/de\/airoh-matryx-helm-gewinnt-if-design-award-2024\/","title":{"rendered":"AIROH MATRYX HELM GEWINNT iF DESIGN AWARD 2024"},"content":{"rendered":"\n<h4 class=\"wp-block-heading\"><strong>Der renommierte italienische Motorradhelmhersteller hat den angesehenen internationalen Designpreis gewonnen &#8211;<\/strong><\/h4>\n\n\n\n<p>Der Matryx, ein Spitzenmodell f\u00fcr das On-Road-Segment, hat den begehrten iF Design Award 2024 gewonnen. Die Auswahl wurde von einer 132-k\u00f6pfigen Jury unabh\u00e4ngiger Experten aus der ganzen Welt getroffen.<\/p>\n<p><strong><em>\u00abWir sind sehr stolz darauf, den iF Design Award 2024 gewonnen zu haben, und noch stolzer darauf, dass wir ihn dank des Matryx-Helms erhalten haben\u00bb, <\/em><\/strong>kommentiert Antonio Locatelli, CEO von Airoh,<strong><em> &#8222;ein Modell, das eine Kombination aus Design und Technologie innerhalb unserer Kollektion darstellt.\u00bb<\/em><\/strong><\/p>\n<p><strong>Seit \u00fcber 70 Jahren gilt iF Design als Qualit\u00e4tssiegel<\/strong> f\u00fcr ausgezeichnetes Design und ist weltweit f\u00fcr seine herausragenden Designleistungen bekannt. Mit dem renommierten iF Design Award werden jedes Jahr die herausragendsten Projekte ausgezeichnet, aufgeteilt nach L\u00e4ndern und Produktkategorien. Der iF Design Award ist ein echtes G\u00fctesiegel f\u00fcr \u00e4sthetische Qualit\u00e4t, dass die Einzigartigkeit eines Projekts und seine stilistische Bedeutung anerkennt und so als Inspirationsquelle f\u00fcr Trends und Design dienen kann.<\/p>\n<div id='gallery-1' class='gallery galleryid-9716 gallery-columns-2 gallery-size-full'><figure class='gallery-item'>\n\t\t\t<div class='gallery-icon landscape'>\n\t\t\t\t<a href='https:\/\/scootertime.ch\/de\/airoh-matryx-throne-red-gloss-a-2\/'><img loading=\"lazy\" decoding=\"async\" width=\"604\" height=\"400\" src=\"https:\/\/scootertime.ch\/wp-content\/uploads\/2024\/03\/airoh-matryx-throne-red-gloss-a.jpg\" class=\"attachment-full size-full\" alt=\"airoh-matryx-throne-red-gloss-a\" aria-describedby=\"gallery-1-9714\" srcset=\"https:\/\/scootertime.ch\/wp-content\/uploads\/2024\/03\/airoh-matryx-throne-red-gloss-a.jpg 604w, https:\/\/scootertime.ch\/wp-content\/uploads\/2024\/03\/airoh-matryx-throne-red-gloss-a-300x199.jpg 300w, https:\/\/scootertime.ch\/wp-content\/uploads\/2024\/03\/airoh-matryx-throne-red-gloss-a-150x100.jpg 150w\" sizes=\"auto, (max-width: 604px) 100vw, 604px\" \/><\/a>\n\t\t\t<\/div>\n\t\t\t\t<figcaption class='wp-caption-text gallery-caption' id='gallery-1-9714'>\n\t\t\t\tAiroh Matryx throne red gloss\n\t\t\t\t<\/figcaption><\/figure><figure class='gallery-item'>\n\t\t\t<div class='gallery-icon landscape'>\n\t\t\t\t<a href='https:\/\/scootertime.ch\/de\/airoh-matryx-scope-white-gloss-a-2\/'><img loading=\"lazy\" decoding=\"async\" width=\"604\" height=\"400\" src=\"https:\/\/scootertime.ch\/wp-content\/uploads\/2024\/03\/airoh-matryx-scope-white-gloss-a.jpg\" class=\"attachment-full size-full\" alt=\"airoh-matryx-scope-white-gloss-a\" aria-describedby=\"gallery-1-9711\" srcset=\"https:\/\/scootertime.ch\/wp-content\/uploads\/2024\/03\/airoh-matryx-scope-white-gloss-a.jpg 604w, https:\/\/scootertime.ch\/wp-content\/uploads\/2024\/03\/airoh-matryx-scope-white-gloss-a-300x199.jpg 300w, https:\/\/scootertime.ch\/wp-content\/uploads\/2024\/03\/airoh-matryx-scope-white-gloss-a-150x100.jpg 150w\" sizes=\"auto, (max-width: 604px) 100vw, 604px\" \/><\/a>\n\t\t\t<\/div>\n\t\t\t\t<figcaption class='wp-caption-text gallery-caption' id='gallery-1-9711'>\n\t\t\t\tAiroh Matryx scope white gloss\n\t\t\t\t<\/figcaption><\/figure><figure class='gallery-item'>\n\t\t\t<div class='gallery-icon landscape'>\n\t\t\t\t<a href='https:\/\/scootertime.ch\/de\/airoh-matryx-rider-dark-blue-matt-a-2\/'><img loading=\"lazy\" decoding=\"async\" width=\"604\" height=\"400\" src=\"https:\/\/scootertime.ch\/wp-content\/uploads\/2024\/03\/airoh-matryx-rider-dark-blue-matt-a.jpg\" class=\"attachment-full size-full\" alt=\"airoh-matryx-rider-dark-blue-matt-a\" aria-describedby=\"gallery-1-9708\" srcset=\"https:\/\/scootertime.ch\/wp-content\/uploads\/2024\/03\/airoh-matryx-rider-dark-blue-matt-a.jpg 604w, https:\/\/scootertime.ch\/wp-content\/uploads\/2024\/03\/airoh-matryx-rider-dark-blue-matt-a-300x199.jpg 300w, https:\/\/scootertime.ch\/wp-content\/uploads\/2024\/03\/airoh-matryx-rider-dark-blue-matt-a-150x100.jpg 150w\" sizes=\"auto, (max-width: 604px) 100vw, 604px\" \/><\/a>\n\t\t\t<\/div>\n\t\t\t\t<figcaption class='wp-caption-text gallery-caption' id='gallery-1-9708'>\n\t\t\t\tAiroh Matryx rider dark blue matt\n\t\t\t\t<\/figcaption><\/figure><figure class='gallery-item'>\n\t\t\t<div class='gallery-icon landscape'>\n\t\t\t\t<a href='https:\/\/scootertime.ch\/de\/airoh-matryx-carbon-a-2\/'><img loading=\"lazy\" decoding=\"async\" width=\"604\" height=\"400\" src=\"https:\/\/scootertime.ch\/wp-content\/uploads\/2024\/03\/airoh-matryx-carbon-a.jpg\" class=\"attachment-full size-full\" alt=\"airoh-matryx-carbon-a\" aria-describedby=\"gallery-1-9702\" srcset=\"https:\/\/scootertime.ch\/wp-content\/uploads\/2024\/03\/airoh-matryx-carbon-a.jpg 604w, https:\/\/scootertime.ch\/wp-content\/uploads\/2024\/03\/airoh-matryx-carbon-a-300x199.jpg 300w, https:\/\/scootertime.ch\/wp-content\/uploads\/2024\/03\/airoh-matryx-carbon-a-150x100.jpg 150w\" sizes=\"auto, (max-width: 604px) 100vw, 604px\" \/><\/a>\n\t\t\t<\/div>\n\t\t\t\t<figcaption class='wp-caption-text gallery-caption' id='gallery-1-9702'>\n\t\t\t\tAiroh Matryx carbon\n\t\t\t\t<\/figcaption><\/figure>\n\t\t<\/div>\n\n<p><strong>Der Matryx-Helm<\/strong> ist ein Vollvisierhelm f\u00fcr das On-Road-Segment, der sich durch ein markantes Design auszeichnet. Er wurde im futuristischen Windkanal des Unternehmens entwickelt und getestet, um nicht nur eine optimale Akustik und W\u00e4rmeregulierung zu gew\u00e4hrleisten, sondern auch seine Aerodynamik zu optimieren. Nicht zuletzt dank dieser Tests sind seine entschlossenen und aggressiven Linien zu einem \u00e4sthetischen und funktionellen Pluspunkt geworden. (ph_airoh)<\/p>\n","protected":false},"excerpt":{"rendered":"<p>Der renommierte italienische Motorradhelmhersteller hat den angesehenen internationalen Designpreis gewonnen &#8211;<\/p>\n","protected":false},"author":1,"featured_media":9705,"comment_status":"closed","ping_status":"closed","sticky":false,"template":"","format":"standard","meta":{"footnotes":""},"categories":[25,27],"tags":[],"class_list":["post-9716","post","type-post","status-publish","format-standard","has-post-thumbnail","hentry","category-bekleidung-accessoires","category-news-de"],"yoast_head":"<!-- This site is optimized with the Yoast SEO plugin v27.4 - https:\/\/yoast.com\/product\/yoast-seo-wordpress\/ -->\n<title>AIROH MATRYX HELM GEWINNT iF DESIGN AWARD 2024 - Scootertime<\/title>\n<meta name=\"robots\" content=\"index, follow, max-snippet:-1, max-image-preview:large, max-video-preview:-1\" \/>\n<link rel=\"canonical\" href=\"https:\/\/scootertime.ch\/de\/airoh-matryx-helm-gewinnt-if-design-award-2024\/\" \/>\n<meta property=\"og:locale\" content=\"de_DE\" \/>\n<meta property=\"og:type\" content=\"article\" \/>\n<meta property=\"og:title\" content=\"AIROH MATRYX HELM GEWINNT iF DESIGN AWARD 2024 - Scootertime\" \/>\n<meta property=\"og:description\" content=\"Der renommierte italienische Motorradhelmhersteller hat den angesehenen internationalen Designpreis gewonnen &#8211;\" \/>\n<meta property=\"og:url\" content=\"https:\/\/scootertime.ch\/de\/airoh-matryx-helm-gewinnt-if-design-award-2024\/\" \/>\n<meta property=\"og:site_name\" content=\"Scootertime\" \/>\n<meta property=\"article:published_time\" content=\"2024-03-10T18:05:24+00:00\" \/>\n<meta property=\"og:image\" content=\"https:\/\/scootertime.ch\/wp-content\/uploads\/2024\/03\/airoh-matryx-logo-if-award-2024.jpg\" \/>\n\t<meta property=\"og:image:width\" content=\"599\" \/>\n\t<meta property=\"og:image:height\" content=\"400\" \/>\n\t<meta property=\"og:image:type\" content=\"image\/jpeg\" \/>\n<meta name=\"author\" content=\"Red. SCT\" \/>\n<meta name=\"twitter:card\" content=\"summary_large_image\" \/>\n<meta name=\"twitter:label1\" content=\"Verfasst von\" \/>\n\t<meta name=\"twitter:data1\" content=\"Red. SCT\" \/>\n\t<meta name=\"twitter:label2\" content=\"Gesch\u00e4tzte Lesezeit\" \/>\n\t<meta name=\"twitter:data2\" content=\"1\u00a0Minute\" \/>\n<script type=\"application\/ld+json\" class=\"yoast-schema-graph\">{\"@context\":\"https:\\\/\\\/schema.org\",\"@graph\":[{\"@type\":\"Article\",\"@id\":\"https:\\\/\\\/scootertime.ch\\\/de\\\/airoh-matryx-helm-gewinnt-if-design-award-2024\\\/#article\",\"isPartOf\":{\"@id\":\"https:\\\/\\\/scootertime.ch\\\/de\\\/airoh-matryx-helm-gewinnt-if-design-award-2024\\\/\"},\"author\":{\"name\":\"Red. SCT\",\"@id\":\"https:\\\/\\\/scootertime.ch\\\/#\\\/schema\\\/person\\\/7b982e4db7ec822a53954bf2b0df2537\"},\"headline\":\"AIROH MATRYX HELM GEWINNT iF DESIGN AWARD 2024\",\"datePublished\":\"2024-03-10T18:05:24+00:00\",\"mainEntityOfPage\":{\"@id\":\"https:\\\/\\\/scootertime.ch\\\/de\\\/airoh-matryx-helm-gewinnt-if-design-award-2024\\\/\"},\"wordCount\":237,\"publisher\":{\"@id\":\"https:\\\/\\\/scootertime.ch\\\/#organization\"},\"image\":{\"@id\":\"https:\\\/\\\/scootertime.ch\\\/de\\\/airoh-matryx-helm-gewinnt-if-design-award-2024\\\/#primaryimage\"},\"thumbnailUrl\":\"https:\\\/\\\/scootertime.ch\\\/wp-content\\\/uploads\\\/2024\\\/03\\\/airoh-matryx-logo-if-award-2024.jpg\",\"articleSection\":[\"Bekleidung &amp; Accessoires\",\"News\"],\"inLanguage\":\"de\"},{\"@type\":\"WebPage\",\"@id\":\"https:\\\/\\\/scootertime.ch\\\/de\\\/airoh-matryx-helm-gewinnt-if-design-award-2024\\\/\",\"url\":\"https:\\\/\\\/scootertime.ch\\\/de\\\/airoh-matryx-helm-gewinnt-if-design-award-2024\\\/\",\"name\":\"AIROH MATRYX HELM GEWINNT iF DESIGN AWARD 2024 - Scootertime\",\"isPartOf\":{\"@id\":\"https:\\\/\\\/scootertime.ch\\\/#website\"},\"primaryImageOfPage\":{\"@id\":\"https:\\\/\\\/scootertime.ch\\\/de\\\/airoh-matryx-helm-gewinnt-if-design-award-2024\\\/#primaryimage\"},\"image\":{\"@id\":\"https:\\\/\\\/scootertime.ch\\\/de\\\/airoh-matryx-helm-gewinnt-if-design-award-2024\\\/#primaryimage\"},\"thumbnailUrl\":\"https:\\\/\\\/scootertime.ch\\\/wp-content\\\/uploads\\\/2024\\\/03\\\/airoh-matryx-logo-if-award-2024.jpg\",\"datePublished\":\"2024-03-10T18:05:24+00:00\",\"breadcrumb\":{\"@id\":\"https:\\\/\\\/scootertime.ch\\\/de\\\/airoh-matryx-helm-gewinnt-if-design-award-2024\\\/#breadcrumb\"},\"inLanguage\":\"de\",\"potentialAction\":[{\"@type\":\"ReadAction\",\"target\":[\"https:\\\/\\\/scootertime.ch\\\/de\\\/airoh-matryx-helm-gewinnt-if-design-award-2024\\\/\"]}]},{\"@type\":\"ImageObject\",\"inLanguage\":\"de\",\"@id\":\"https:\\\/\\\/scootertime.ch\\\/de\\\/airoh-matryx-helm-gewinnt-if-design-award-2024\\\/#primaryimage\",\"url\":\"https:\\\/\\\/scootertime.ch\\\/wp-content\\\/uploads\\\/2024\\\/03\\\/airoh-matryx-logo-if-award-2024.jpg\",\"contentUrl\":\"https:\\\/\\\/scootertime.ch\\\/wp-content\\\/uploads\\\/2024\\\/03\\\/airoh-matryx-logo-if-award-2024.jpg\",\"width\":599,\"height\":400,\"caption\":\"Airoh Matryx, hat den begehrten iF Design Award 2024 gewonnen (ph_airoh)\"},{\"@type\":\"BreadcrumbList\",\"@id\":\"https:\\\/\\\/scootertime.ch\\\/de\\\/airoh-matryx-helm-gewinnt-if-design-award-2024\\\/#breadcrumb\",\"itemListElement\":[{\"@type\":\"ListItem\",\"position\":1,\"name\":\"Home\",\"item\":\"https:\\\/\\\/scootertime.ch\\\/de\\\/\"},{\"@type\":\"ListItem\",\"position\":2,\"name\":\"AIROH MATRYX HELM GEWINNT iF DESIGN AWARD 2024\"}]},{\"@type\":\"WebSite\",\"@id\":\"https:\\\/\\\/scootertime.ch\\\/#website\",\"url\":\"https:\\\/\\\/scootertime.ch\\\/\",\"name\":\"Scootertime\",\"description\":\"Das erste Schweizer Rollermagazin\",\"publisher\":{\"@id\":\"https:\\\/\\\/scootertime.ch\\\/#organization\"},\"potentialAction\":[{\"@type\":\"SearchAction\",\"target\":{\"@type\":\"EntryPoint\",\"urlTemplate\":\"https:\\\/\\\/scootertime.ch\\\/?s={search_term_string}\"},\"query-input\":{\"@type\":\"PropertyValueSpecification\",\"valueRequired\":true,\"valueName\":\"search_term_string\"}}],\"inLanguage\":\"de\"},{\"@type\":\"Organization\",\"@id\":\"https:\\\/\\\/scootertime.ch\\\/#organization\",\"name\":\"Scootertime\",\"url\":\"https:\\\/\\\/scootertime.ch\\\/\",\"logo\":{\"@type\":\"ImageObject\",\"inLanguage\":\"de\",\"@id\":\"https:\\\/\\\/scootertime.ch\\\/#\\\/schema\\\/logo\\\/image\\\/\",\"url\":\"https:\\\/\\\/scootertime.ch\\\/wp-content\\\/uploads\\\/2018\\\/04\\\/cropped-testata-fondo-nero.jpg\",\"contentUrl\":\"https:\\\/\\\/scootertime.ch\\\/wp-content\\\/uploads\\\/2018\\\/04\\\/cropped-testata-fondo-nero.jpg\",\"width\":280,\"height\":90,\"caption\":\"Scootertime\"},\"image\":{\"@id\":\"https:\\\/\\\/scootertime.ch\\\/#\\\/schema\\\/logo\\\/image\\\/\"}},{\"@type\":\"Person\",\"@id\":\"https:\\\/\\\/scootertime.ch\\\/#\\\/schema\\\/person\\\/7b982e4db7ec822a53954bf2b0df2537\",\"name\":\"Red. SCT\",\"image\":{\"@type\":\"ImageObject\",\"inLanguage\":\"de\",\"@id\":\"https:\\\/\\\/secure.gravatar.com\\\/avatar\\\/919071c8ee7b6d7474a8e74a8fb9c3b6d7b4606b6d24134ae156375f0b34bc19?s=96&d=mm&r=g\",\"url\":\"https:\\\/\\\/secure.gravatar.com\\\/avatar\\\/919071c8ee7b6d7474a8e74a8fb9c3b6d7b4606b6d24134ae156375f0b34bc19?s=96&d=mm&r=g\",\"contentUrl\":\"https:\\\/\\\/secure.gravatar.com\\\/avatar\\\/919071c8ee7b6d7474a8e74a8fb9c3b6d7b4606b6d24134ae156375f0b34bc19?s=96&d=mm&r=g\",\"caption\":\"Red. SCT\"},\"url\":\"https:\\\/\\\/scootertime.ch\\\/de\\\/author\\\/admin\\\/\"}]}<\/script>\n<!-- \/ Yoast SEO plugin. -->","yoast_head_json":{"title":"AIROH MATRYX HELM GEWINNT iF DESIGN AWARD 2024 - Scootertime","robots":{"index":"index","follow":"follow","max-snippet":"max-snippet:-1","max-image-preview":"max-image-preview:large","max-video-preview":"max-video-preview:-1"},"canonical":"https:\/\/scootertime.ch\/de\/airoh-matryx-helm-gewinnt-if-design-award-2024\/","og_locale":"de_DE","og_type":"article","og_title":"AIROH MATRYX HELM GEWINNT iF DESIGN AWARD 2024 - Scootertime","og_description":"Der renommierte italienische Motorradhelmhersteller hat den angesehenen internationalen Designpreis gewonnen &#8211;","og_url":"https:\/\/scootertime.ch\/de\/airoh-matryx-helm-gewinnt-if-design-award-2024\/","og_site_name":"Scootertime","article_published_time":"2024-03-10T18:05:24+00:00","og_image":[{"width":599,"height":400,"url":"https:\/\/scootertime.ch\/wp-content\/uploads\/2024\/03\/airoh-matryx-logo-if-award-2024.jpg","type":"image\/jpeg"}],"author":"Red. SCT","twitter_card":"summary_large_image","twitter_misc":{"Verfasst von":"Red. SCT","Gesch\u00e4tzte Lesezeit":"1\u00a0Minute"},"schema":{"@context":"https:\/\/schema.org","@graph":[{"@type":"Article","@id":"https:\/\/scootertime.ch\/de\/airoh-matryx-helm-gewinnt-if-design-award-2024\/#article","isPartOf":{"@id":"https:\/\/scootertime.ch\/de\/airoh-matryx-helm-gewinnt-if-design-award-2024\/"},"author":{"name":"Red. SCT","@id":"https:\/\/scootertime.ch\/#\/schema\/person\/7b982e4db7ec822a53954bf2b0df2537"},"headline":"AIROH MATRYX HELM GEWINNT iF DESIGN AWARD 2024","datePublished":"2024-03-10T18:05:24+00:00","mainEntityOfPage":{"@id":"https:\/\/scootertime.ch\/de\/airoh-matryx-helm-gewinnt-if-design-award-2024\/"},"wordCount":237,"publisher":{"@id":"https:\/\/scootertime.ch\/#organization"},"image":{"@id":"https:\/\/scootertime.ch\/de\/airoh-matryx-helm-gewinnt-if-design-award-2024\/#primaryimage"},"thumbnailUrl":"https:\/\/scootertime.ch\/wp-content\/uploads\/2024\/03\/airoh-matryx-logo-if-award-2024.jpg","articleSection":["Bekleidung &amp; Accessoires","News"],"inLanguage":"de"},{"@type":"WebPage","@id":"https:\/\/scootertime.ch\/de\/airoh-matryx-helm-gewinnt-if-design-award-2024\/","url":"https:\/\/scootertime.ch\/de\/airoh-matryx-helm-gewinnt-if-design-award-2024\/","name":"AIROH MATRYX HELM GEWINNT iF DESIGN AWARD 2024 - Scootertime","isPartOf":{"@id":"https:\/\/scootertime.ch\/#website"},"primaryImageOfPage":{"@id":"https:\/\/scootertime.ch\/de\/airoh-matryx-helm-gewinnt-if-design-award-2024\/#primaryimage"},"image":{"@id":"https:\/\/scootertime.ch\/de\/airoh-matryx-helm-gewinnt-if-design-award-2024\/#primaryimage"},"thumbnailUrl":"https:\/\/scootertime.ch\/wp-content\/uploads\/2024\/03\/airoh-matryx-logo-if-award-2024.jpg","datePublished":"2024-03-10T18:05:24+00:00","breadcrumb":{"@id":"https:\/\/scootertime.ch\/de\/airoh-matryx-helm-gewinnt-if-design-award-2024\/#breadcrumb"},"inLanguage":"de","potentialAction":[{"@type":"ReadAction","target":["https:\/\/scootertime.ch\/de\/airoh-matryx-helm-gewinnt-if-design-award-2024\/"]}]},{"@type":"ImageObject","inLanguage":"de","@id":"https:\/\/scootertime.ch\/de\/airoh-matryx-helm-gewinnt-if-design-award-2024\/#primaryimage","url":"https:\/\/scootertime.ch\/wp-content\/uploads\/2024\/03\/airoh-matryx-logo-if-award-2024.jpg","contentUrl":"https:\/\/scootertime.ch\/wp-content\/uploads\/2024\/03\/airoh-matryx-logo-if-award-2024.jpg","width":599,"height":400,"caption":"Airoh Matryx, hat den begehrten iF Design Award 2024 gewonnen (ph_airoh)"},{"@type":"BreadcrumbList","@id":"https:\/\/scootertime.ch\/de\/airoh-matryx-helm-gewinnt-if-design-award-2024\/#breadcrumb","itemListElement":[{"@type":"ListItem","position":1,"name":"Home","item":"https:\/\/scootertime.ch\/de\/"},{"@type":"ListItem","position":2,"name":"AIROH MATRYX HELM GEWINNT iF DESIGN AWARD 2024"}]},{"@type":"WebSite","@id":"https:\/\/scootertime.ch\/#website","url":"https:\/\/scootertime.ch\/","name":"Scootertime","description":"Das erste Schweizer Rollermagazin","publisher":{"@id":"https:\/\/scootertime.ch\/#organization"},"potentialAction":[{"@type":"SearchAction","target":{"@type":"EntryPoint","urlTemplate":"https:\/\/scootertime.ch\/?s={search_term_string}"},"query-input":{"@type":"PropertyValueSpecification","valueRequired":true,"valueName":"search_term_string"}}],"inLanguage":"de"},{"@type":"Organization","@id":"https:\/\/scootertime.ch\/#organization","name":"Scootertime","url":"https:\/\/scootertime.ch\/","logo":{"@type":"ImageObject","inLanguage":"de","@id":"https:\/\/scootertime.ch\/#\/schema\/logo\/image\/","url":"https:\/\/scootertime.ch\/wp-content\/uploads\/2018\/04\/cropped-testata-fondo-nero.jpg","contentUrl":"https:\/\/scootertime.ch\/wp-content\/uploads\/2018\/04\/cropped-testata-fondo-nero.jpg","width":280,"height":90,"caption":"Scootertime"},"image":{"@id":"https:\/\/scootertime.ch\/#\/schema\/logo\/image\/"}},{"@type":"Person","@id":"https:\/\/scootertime.ch\/#\/schema\/person\/7b982e4db7ec822a53954bf2b0df2537","name":"Red. SCT","image":{"@type":"ImageObject","inLanguage":"de","@id":"https:\/\/secure.gravatar.com\/avatar\/919071c8ee7b6d7474a8e74a8fb9c3b6d7b4606b6d24134ae156375f0b34bc19?s=96&d=mm&r=g","url":"https:\/\/secure.gravatar.com\/avatar\/919071c8ee7b6d7474a8e74a8fb9c3b6d7b4606b6d24134ae156375f0b34bc19?s=96&d=mm&r=g","contentUrl":"https:\/\/secure.gravatar.com\/avatar\/919071c8ee7b6d7474a8e74a8fb9c3b6d7b4606b6d24134ae156375f0b34bc19?s=96&d=mm&r=g","caption":"Red. SCT"},"url":"https:\/\/scootertime.ch\/de\/author\/admin\/"}]}},"_links":{"self":[{"href":"https:\/\/scootertime.ch\/de\/wp-json\/wp\/v2\/posts\/9716","targetHints":{"allow":["GET"]}}],"collection":[{"href":"https:\/\/scootertime.ch\/de\/wp-json\/wp\/v2\/posts"}],"about":[{"href":"https:\/\/scootertime.ch\/de\/wp-json\/wp\/v2\/types\/post"}],"author":[{"embeddable":true,"href":"https:\/\/scootertime.ch\/de\/wp-json\/wp\/v2\/users\/1"}],"replies":[{"embeddable":true,"href":"https:\/\/scootertime.ch\/de\/wp-json\/wp\/v2\/comments?post=9716"}],"version-history":[{"count":2,"href":"https:\/\/scootertime.ch\/de\/wp-json\/wp\/v2\/posts\/9716\/revisions"}],"predecessor-version":[{"id":9718,"href":"https:\/\/scootertime.ch\/de\/wp-json\/wp\/v2\/posts\/9716\/revisions\/9718"}],"wp:featuredmedia":[{"embeddable":true,"href":"https:\/\/scootertime.ch\/de\/wp-json\/wp\/v2\/media\/9705"}],"wp:attachment":[{"href":"https:\/\/scootertime.ch\/de\/wp-json\/wp\/v2\/media?parent=9716"}],"wp:term":[{"taxonomy":"category","embeddable":true,"href":"https:\/\/scootertime.ch\/de\/wp-json\/wp\/v2\/categories?post=9716"},{"taxonomy":"post_tag","embeddable":true,"href":"https:\/\/scootertime.ch\/de\/wp-json\/wp\/v2\/tags?post=9716"}],"curies":[{"name":"wp","href":"https:\/\/api.w.org\/{rel}","templated":true}]}}