{"id":9731,"date":"2024-03-23T01:58:30","date_gmt":"2024-03-23T01:58:30","guid":{"rendered":"http:\/\/scootertime.ch\/?p=9731"},"modified":"2024-04-16T17:55:37","modified_gmt":"2024-04-16T17:55:37","slug":"vespa-world-days-2024-in-pontedera","status":"publish","type":"post","link":"https:\/\/scootertime.ch\/de\/vespa-world-days-2024-in-pontedera\/","title":{"rendered":"VESPA WORLD DAYS 2024 IN PONTEDERA"},"content":{"rendered":"\n<h4 class=\"wp-block-heading\"><strong>Vom 18. bis 21. April wird das weltweit wichtigste Treffen der Vespa-Clubs die herrliche Gegend beleben, in der die Vespa geboren wurde &#8211; Eine ganz besondere Gelegenheit, um 140 Jahre Piaggio und das hundertj\u00e4hrige Bestehen der historischen Fabrik zu feiern, in der die Vespa seit 1946 ununterbrochen produziert wird &#8211;<\/strong><\/h4>\n\n\n\n<div class=\"wp-block-image\"><figure class=\"alignleft size-large\"><img loading=\"lazy\" decoding=\"async\" width=\"399\" height=\"498\" src=\"https:\/\/scootertime.ch\/wp-content\/uploads\/2023\/11\/02-vwd-e1711159417120.jpg\" alt=\"02-vwd\" class=\"wp-image-9395\" srcset=\"https:\/\/scootertime.ch\/wp-content\/uploads\/2023\/11\/02-vwd-e1711159417120.jpg 399w, https:\/\/scootertime.ch\/wp-content\/uploads\/2023\/11\/02-vwd-e1711159417120-240x300.jpg 240w\" sizes=\"auto, (max-width: 399px) 100vw, 399px\" \/><figcaption><em>(ph_vwd)<\/em><\/figcaption><\/figure><\/div>\n\n\n\n<p>Die Vespa World Days 2024, das j\u00e4hrliche Treffen der nationalen Vespa-Clubs aus der ganzen Welt, finden vom 18. bis 21. April in Pontedera statt, an dem Ort, an dem im Fr\u00fchjahr 1946 das ber\u00fchmteste und beliebteste Zweirad der Welt geboren wurde. Die Stadt, in der sich die historische Piaggio-Fabrik befindet, in der die Vespa seit mehr als 75 Jahren ununterbrochen produziert wird, wird Hunderte von nationalen Vespa-Clubs und Tausende von Vespa-Liebhabern empfangen, die sie auf einer Entdeckungsreise durch die wunderbare Gegend der Terre di Pisa begleiten werden, die von sanften toskanischen H\u00fcgeln, alten D\u00f6rfern, dem Meer, Parks und Naturschutzgebieten gepr\u00e4gt ist.<\/p>\n<figure id=\"attachment_9401\" aria-describedby=\"caption-attachment-9401\" style=\"width: 390px\" class=\"wp-caption alignright\"><a href=\"http:\/\/scootertime.ch\/de\/04-vwd-2\/\"><img loading=\"lazy\" decoding=\"async\" class=\"size-full wp-image-9401\" src=\"https:\/\/scootertime.ch\/wp-content\/uploads\/2023\/11\/04-vwd.jpg\" alt=\"04-vwd\" width=\"400\" height=\"599\" srcset=\"https:\/\/scootertime.ch\/wp-content\/uploads\/2023\/11\/04-vwd.jpg 400w, https:\/\/scootertime.ch\/wp-content\/uploads\/2023\/11\/04-vwd-200x300.jpg 200w\" sizes=\"auto, (max-width: 400px) 100vw, 400px\" \/><\/a><figcaption id=\"caption-attachment-9401\" class=\"wp-caption-text\"><em>(ph_vwd)<\/em><\/figcaption><\/figure>\n<p><strong>Es handelt sich um eine besondere Veranstaltung,<\/strong> auch weil bei dieser Gelegenheit der 140. Jahrestag der Gr\u00fcndung des 1884 gegr\u00fcndeten Unternehmens Piaggio und der 100. Jahrestag des historischen Werks in Pontedera gefeiert werden. 1924 kaufte Rinaldo Piaggio n\u00e4mlich das Werk Costruzioni Meccaniche Nazionali in Pontedera, um dort seine eigenen Flugmotoren zu bauen und die Produktion auf ein revolution\u00e4res Mittel der individuellen Mobilit\u00e4t in der unmittelbaren Nachkriegszeit umzustellen: die Vespa.<\/p>\n<p><strong>Dreh- und Angelpunkt der Veranstaltung ist das Vespa-Village,<\/strong> ein einzigartiger Ort, der ganz im Zeichen der Vespa steht und zahlreiche Aktivit\u00e4ten f\u00fcr Vespa-Liebhaber beherbergt, darunter die Preisverleihung der Vespa-Trophy &#8211; der begehrtesten Touring-Troph\u00e4e, die denjenigen gewidmet ist, die Pontedera mit ihrer geliebten Vespa erreichen, das Sammeln von Durchfahrtsstempeln an den verschiedenen Kontrollpunkten, der Concorso d&#8217;eleganza (Concours d&#8217;Elegance), Merchandising sowie Essens- und Weinst\u00e4nde und vieles mehr. Sightseeing-Ausfl\u00fcge zu Museen, Natursch\u00f6nheiten und kulinarischen Erlebnissen starten vom Village aus und bieten den Vespa-Fahrern, die aus allen Teilen der Welt anreisen, Spannung und Nervenkitzel. Ebenfalls in Pontedera beginnt am Samstag, den 20. April, vormittags einer der aufregendsten Momente der Vespa World Days: die gro\u00dfe Parade, an der Tausende von Vespa-Fahrern aller Altersgruppen in einem fr\u00f6hlichen und farbenfrohen Schwarm von Vespas teilnehmen werden.<\/p>\n<figure id=\"attachment_9392\" aria-describedby=\"caption-attachment-9392\" style=\"width: 591px\" class=\"wp-caption aligncenter\"><a href=\"http:\/\/scootertime.ch\/de\/01-vwd-2\/\"><img loading=\"lazy\" decoding=\"async\" class=\"size-full wp-image-9392\" src=\"https:\/\/scootertime.ch\/wp-content\/uploads\/2023\/11\/01-vwd.jpg\" alt=\"01-vwd\" width=\"601\" height=\"400\" srcset=\"https:\/\/scootertime.ch\/wp-content\/uploads\/2023\/11\/01-vwd.jpg 601w, https:\/\/scootertime.ch\/wp-content\/uploads\/2023\/11\/01-vwd-300x200.jpg 300w, https:\/\/scootertime.ch\/wp-content\/uploads\/2023\/11\/01-vwd-435x290.jpg 435w, https:\/\/scootertime.ch\/wp-content\/uploads\/2023\/11\/01-vwd-150x100.jpg 150w, https:\/\/scootertime.ch\/wp-content\/uploads\/2023\/11\/01-vwd-370x247.jpg 370w\" sizes=\"auto, (max-width: 601px) 100vw, 601px\" \/><\/a><figcaption id=\"caption-attachment-9392\" class=\"wp-caption-text\"><em>(ph_vwd)<\/em><\/figcaption><\/figure>\n<p><strong>Vespa World Days <\/strong><\/p>\n<p>Die Vespa und die Liebe ihrer Fans wurden praktisch zusammen geboren, so sehr, dass sich viele Besitzer bereits 1946, dem Geburtsjahr des ber\u00fchmtesten Motorrollers der Welt, zusammenschlossen: die ersten Vespa Clubs wurden gegr\u00fcndet. Der Wunsch der Vespa-Clubs, sich zu einem gro\u00dfen Treffen zu treffen, um ihre Leidenschaft zu zelebrieren, nahm 1954 mit dem gro\u00dfen internationalen Treffen in Paris Gestalt an. In Pontedera wird also der 70. Jahrestag der Vespa World Days begangen, die seit der Ausgabe 2007 in San Marino diesen Namen tragen. Heute sind nicht weniger als 63 nationale Vespa Clubs aus f\u00fcnf Kontinenten mit dem Vespa World Club verbunden.<\/p>\n","protected":false},"excerpt":{"rendered":"<p>Vom 18. bis 21. April wird das weltweit wichtigste Treffen der Vespa-Clubs\u2026<\/p>\n","protected":false},"author":1,"featured_media":9398,"comment_status":"closed","ping_status":"closed","sticky":false,"template":"","format":"standard","meta":{"footnotes":""},"categories":[27],"tags":[],"class_list":["post-9731","post","type-post","status-publish","format-standard","has-post-thumbnail","hentry","category-news-de"],"yoast_head":"<!-- This site is optimized with the Yoast SEO plugin v27.4 - https:\/\/yoast.com\/product\/yoast-seo-wordpress\/ -->\n<title>VESPA WORLD DAYS 2024 IN PONTEDERA - Scootertime<\/title>\n<meta name=\"robots\" content=\"index, follow, max-snippet:-1, max-image-preview:large, max-video-preview:-1\" \/>\n<link rel=\"canonical\" href=\"https:\/\/scootertime.ch\/de\/vespa-world-days-2024-in-pontedera\/\" \/>\n<meta property=\"og:locale\" content=\"de_DE\" \/>\n<meta property=\"og:type\" content=\"article\" \/>\n<meta property=\"og:title\" content=\"VESPA WORLD DAYS 2024 IN PONTEDERA - Scootertime\" \/>\n<meta property=\"og:description\" content=\"Vom 18. bis 21. April wird das weltweit wichtigste Treffen der Vespa-Clubs\u2026\" \/>\n<meta property=\"og:url\" content=\"https:\/\/scootertime.ch\/de\/vespa-world-days-2024-in-pontedera\/\" \/>\n<meta property=\"og:site_name\" content=\"Scootertime\" \/>\n<meta property=\"article:published_time\" content=\"2024-03-23T01:58:30+00:00\" \/>\n<meta property=\"article:modified_time\" content=\"2024-04-16T17:55:37+00:00\" \/>\n<meta property=\"og:image\" content=\"https:\/\/scootertime.ch\/wp-content\/uploads\/2023\/11\/03-vwd.jpg\" \/>\n\t<meta property=\"og:image:width\" content=\"667\" \/>\n\t<meta property=\"og:image:height\" content=\"400\" \/>\n\t<meta property=\"og:image:type\" content=\"image\/jpeg\" \/>\n<meta name=\"author\" content=\"Red. SCT\" \/>\n<meta name=\"twitter:card\" content=\"summary_large_image\" \/>\n<meta name=\"twitter:label1\" content=\"Verfasst von\" \/>\n\t<meta name=\"twitter:data1\" content=\"Red. SCT\" \/>\n\t<meta name=\"twitter:label2\" content=\"Gesch\u00e4tzte Lesezeit\" \/>\n\t<meta name=\"twitter:data2\" content=\"2\u00a0Minuten\" \/>\n<script type=\"application\/ld+json\" class=\"yoast-schema-graph\">{\"@context\":\"https:\\\/\\\/schema.org\",\"@graph\":[{\"@type\":\"Article\",\"@id\":\"https:\\\/\\\/scootertime.ch\\\/de\\\/vespa-world-days-2024-in-pontedera\\\/#article\",\"isPartOf\":{\"@id\":\"https:\\\/\\\/scootertime.ch\\\/de\\\/vespa-world-days-2024-in-pontedera\\\/\"},\"author\":{\"name\":\"Red. SCT\",\"@id\":\"https:\\\/\\\/scootertime.ch\\\/#\\\/schema\\\/person\\\/7b982e4db7ec822a53954bf2b0df2537\"},\"headline\":\"VESPA WORLD DAYS 2024 IN PONTEDERA\",\"datePublished\":\"2024-03-23T01:58:30+00:00\",\"dateModified\":\"2024-04-16T17:55:37+00:00\",\"mainEntityOfPage\":{\"@id\":\"https:\\\/\\\/scootertime.ch\\\/de\\\/vespa-world-days-2024-in-pontedera\\\/\"},\"wordCount\":485,\"publisher\":{\"@id\":\"https:\\\/\\\/scootertime.ch\\\/#organization\"},\"image\":{\"@id\":\"https:\\\/\\\/scootertime.ch\\\/de\\\/vespa-world-days-2024-in-pontedera\\\/#primaryimage\"},\"thumbnailUrl\":\"https:\\\/\\\/scootertime.ch\\\/wp-content\\\/uploads\\\/2023\\\/11\\\/03-vwd.jpg\",\"articleSection\":[\"News\"],\"inLanguage\":\"de\"},{\"@type\":\"WebPage\",\"@id\":\"https:\\\/\\\/scootertime.ch\\\/de\\\/vespa-world-days-2024-in-pontedera\\\/\",\"url\":\"https:\\\/\\\/scootertime.ch\\\/de\\\/vespa-world-days-2024-in-pontedera\\\/\",\"name\":\"VESPA WORLD DAYS 2024 IN PONTEDERA - Scootertime\",\"isPartOf\":{\"@id\":\"https:\\\/\\\/scootertime.ch\\\/#website\"},\"primaryImageOfPage\":{\"@id\":\"https:\\\/\\\/scootertime.ch\\\/de\\\/vespa-world-days-2024-in-pontedera\\\/#primaryimage\"},\"image\":{\"@id\":\"https:\\\/\\\/scootertime.ch\\\/de\\\/vespa-world-days-2024-in-pontedera\\\/#primaryimage\"},\"thumbnailUrl\":\"https:\\\/\\\/scootertime.ch\\\/wp-content\\\/uploads\\\/2023\\\/11\\\/03-vwd.jpg\",\"datePublished\":\"2024-03-23T01:58:30+00:00\",\"dateModified\":\"2024-04-16T17:55:37+00:00\",\"breadcrumb\":{\"@id\":\"https:\\\/\\\/scootertime.ch\\\/de\\\/vespa-world-days-2024-in-pontedera\\\/#breadcrumb\"},\"inLanguage\":\"de\",\"potentialAction\":[{\"@type\":\"ReadAction\",\"target\":[\"https:\\\/\\\/scootertime.ch\\\/de\\\/vespa-world-days-2024-in-pontedera\\\/\"]}]},{\"@type\":\"ImageObject\",\"inLanguage\":\"de\",\"@id\":\"https:\\\/\\\/scootertime.ch\\\/de\\\/vespa-world-days-2024-in-pontedera\\\/#primaryimage\",\"url\":\"https:\\\/\\\/scootertime.ch\\\/wp-content\\\/uploads\\\/2023\\\/11\\\/03-vwd.jpg\",\"contentUrl\":\"https:\\\/\\\/scootertime.ch\\\/wp-content\\\/uploads\\\/2023\\\/11\\\/03-vwd.jpg\",\"width\":667,\"height\":400,\"caption\":\"(ph_vwd)\"},{\"@type\":\"BreadcrumbList\",\"@id\":\"https:\\\/\\\/scootertime.ch\\\/de\\\/vespa-world-days-2024-in-pontedera\\\/#breadcrumb\",\"itemListElement\":[{\"@type\":\"ListItem\",\"position\":1,\"name\":\"Home\",\"item\":\"https:\\\/\\\/scootertime.ch\\\/de\\\/\"},{\"@type\":\"ListItem\",\"position\":2,\"name\":\"VESPA WORLD DAYS 2024 IN PONTEDERA\"}]},{\"@type\":\"WebSite\",\"@id\":\"https:\\\/\\\/scootertime.ch\\\/#website\",\"url\":\"https:\\\/\\\/scootertime.ch\\\/\",\"name\":\"Scootertime\",\"description\":\"Das erste Schweizer Rollermagazin\",\"publisher\":{\"@id\":\"https:\\\/\\\/scootertime.ch\\\/#organization\"},\"potentialAction\":[{\"@type\":\"SearchAction\",\"target\":{\"@type\":\"EntryPoint\",\"urlTemplate\":\"https:\\\/\\\/scootertime.ch\\\/?s={search_term_string}\"},\"query-input\":{\"@type\":\"PropertyValueSpecification\",\"valueRequired\":true,\"valueName\":\"search_term_string\"}}],\"inLanguage\":\"de\"},{\"@type\":\"Organization\",\"@id\":\"https:\\\/\\\/scootertime.ch\\\/#organization\",\"name\":\"Scootertime\",\"url\":\"https:\\\/\\\/scootertime.ch\\\/\",\"logo\":{\"@type\":\"ImageObject\",\"inLanguage\":\"de\",\"@id\":\"https:\\\/\\\/scootertime.ch\\\/#\\\/schema\\\/logo\\\/image\\\/\",\"url\":\"https:\\\/\\\/scootertime.ch\\\/wp-content\\\/uploads\\\/2018\\\/04\\\/cropped-testata-fondo-nero.jpg\",\"contentUrl\":\"https:\\\/\\\/scootertime.ch\\\/wp-content\\\/uploads\\\/2018\\\/04\\\/cropped-testata-fondo-nero.jpg\",\"width\":280,\"height\":90,\"caption\":\"Scootertime\"},\"image\":{\"@id\":\"https:\\\/\\\/scootertime.ch\\\/#\\\/schema\\\/logo\\\/image\\\/\"}},{\"@type\":\"Person\",\"@id\":\"https:\\\/\\\/scootertime.ch\\\/#\\\/schema\\\/person\\\/7b982e4db7ec822a53954bf2b0df2537\",\"name\":\"Red. SCT\",\"image\":{\"@type\":\"ImageObject\",\"inLanguage\":\"de\",\"@id\":\"https:\\\/\\\/secure.gravatar.com\\\/avatar\\\/919071c8ee7b6d7474a8e74a8fb9c3b6d7b4606b6d24134ae156375f0b34bc19?s=96&d=mm&r=g\",\"url\":\"https:\\\/\\\/secure.gravatar.com\\\/avatar\\\/919071c8ee7b6d7474a8e74a8fb9c3b6d7b4606b6d24134ae156375f0b34bc19?s=96&d=mm&r=g\",\"contentUrl\":\"https:\\\/\\\/secure.gravatar.com\\\/avatar\\\/919071c8ee7b6d7474a8e74a8fb9c3b6d7b4606b6d24134ae156375f0b34bc19?s=96&d=mm&r=g\",\"caption\":\"Red. SCT\"},\"url\":\"https:\\\/\\\/scootertime.ch\\\/de\\\/author\\\/admin\\\/\"}]}<\/script>\n<!-- \/ Yoast SEO plugin. -->","yoast_head_json":{"title":"VESPA WORLD DAYS 2024 IN PONTEDERA - Scootertime","robots":{"index":"index","follow":"follow","max-snippet":"max-snippet:-1","max-image-preview":"max-image-preview:large","max-video-preview":"max-video-preview:-1"},"canonical":"https:\/\/scootertime.ch\/de\/vespa-world-days-2024-in-pontedera\/","og_locale":"de_DE","og_type":"article","og_title":"VESPA WORLD DAYS 2024 IN PONTEDERA - Scootertime","og_description":"Vom 18. bis 21. April wird das weltweit wichtigste Treffen der Vespa-Clubs\u2026","og_url":"https:\/\/scootertime.ch\/de\/vespa-world-days-2024-in-pontedera\/","og_site_name":"Scootertime","article_published_time":"2024-03-23T01:58:30+00:00","article_modified_time":"2024-04-16T17:55:37+00:00","og_image":[{"width":667,"height":400,"url":"https:\/\/scootertime.ch\/wp-content\/uploads\/2023\/11\/03-vwd.jpg","type":"image\/jpeg"}],"author":"Red. SCT","twitter_card":"summary_large_image","twitter_misc":{"Verfasst von":"Red. SCT","Gesch\u00e4tzte Lesezeit":"2\u00a0Minuten"},"schema":{"@context":"https:\/\/schema.org","@graph":[{"@type":"Article","@id":"https:\/\/scootertime.ch\/de\/vespa-world-days-2024-in-pontedera\/#article","isPartOf":{"@id":"https:\/\/scootertime.ch\/de\/vespa-world-days-2024-in-pontedera\/"},"author":{"name":"Red. SCT","@id":"https:\/\/scootertime.ch\/#\/schema\/person\/7b982e4db7ec822a53954bf2b0df2537"},"headline":"VESPA WORLD DAYS 2024 IN PONTEDERA","datePublished":"2024-03-23T01:58:30+00:00","dateModified":"2024-04-16T17:55:37+00:00","mainEntityOfPage":{"@id":"https:\/\/scootertime.ch\/de\/vespa-world-days-2024-in-pontedera\/"},"wordCount":485,"publisher":{"@id":"https:\/\/scootertime.ch\/#organization"},"image":{"@id":"https:\/\/scootertime.ch\/de\/vespa-world-days-2024-in-pontedera\/#primaryimage"},"thumbnailUrl":"https:\/\/scootertime.ch\/wp-content\/uploads\/2023\/11\/03-vwd.jpg","articleSection":["News"],"inLanguage":"de"},{"@type":"WebPage","@id":"https:\/\/scootertime.ch\/de\/vespa-world-days-2024-in-pontedera\/","url":"https:\/\/scootertime.ch\/de\/vespa-world-days-2024-in-pontedera\/","name":"VESPA WORLD DAYS 2024 IN PONTEDERA - Scootertime","isPartOf":{"@id":"https:\/\/scootertime.ch\/#website"},"primaryImageOfPage":{"@id":"https:\/\/scootertime.ch\/de\/vespa-world-days-2024-in-pontedera\/#primaryimage"},"image":{"@id":"https:\/\/scootertime.ch\/de\/vespa-world-days-2024-in-pontedera\/#primaryimage"},"thumbnailUrl":"https:\/\/scootertime.ch\/wp-content\/uploads\/2023\/11\/03-vwd.jpg","datePublished":"2024-03-23T01:58:30+00:00","dateModified":"2024-04-16T17:55:37+00:00","breadcrumb":{"@id":"https:\/\/scootertime.ch\/de\/vespa-world-days-2024-in-pontedera\/#breadcrumb"},"inLanguage":"de","potentialAction":[{"@type":"ReadAction","target":["https:\/\/scootertime.ch\/de\/vespa-world-days-2024-in-pontedera\/"]}]},{"@type":"ImageObject","inLanguage":"de","@id":"https:\/\/scootertime.ch\/de\/vespa-world-days-2024-in-pontedera\/#primaryimage","url":"https:\/\/scootertime.ch\/wp-content\/uploads\/2023\/11\/03-vwd.jpg","contentUrl":"https:\/\/scootertime.ch\/wp-content\/uploads\/2023\/11\/03-vwd.jpg","width":667,"height":400,"caption":"(ph_vwd)"},{"@type":"BreadcrumbList","@id":"https:\/\/scootertime.ch\/de\/vespa-world-days-2024-in-pontedera\/#breadcrumb","itemListElement":[{"@type":"ListItem","position":1,"name":"Home","item":"https:\/\/scootertime.ch\/de\/"},{"@type":"ListItem","position":2,"name":"VESPA WORLD DAYS 2024 IN PONTEDERA"}]},{"@type":"WebSite","@id":"https:\/\/scootertime.ch\/#website","url":"https:\/\/scootertime.ch\/","name":"Scootertime","description":"Das erste Schweizer Rollermagazin","publisher":{"@id":"https:\/\/scootertime.ch\/#organization"},"potentialAction":[{"@type":"SearchAction","target":{"@type":"EntryPoint","urlTemplate":"https:\/\/scootertime.ch\/?s={search_term_string}"},"query-input":{"@type":"PropertyValueSpecification","valueRequired":true,"valueName":"search_term_string"}}],"inLanguage":"de"},{"@type":"Organization","@id":"https:\/\/scootertime.ch\/#organization","name":"Scootertime","url":"https:\/\/scootertime.ch\/","logo":{"@type":"ImageObject","inLanguage":"de","@id":"https:\/\/scootertime.ch\/#\/schema\/logo\/image\/","url":"https:\/\/scootertime.ch\/wp-content\/uploads\/2018\/04\/cropped-testata-fondo-nero.jpg","contentUrl":"https:\/\/scootertime.ch\/wp-content\/uploads\/2018\/04\/cropped-testata-fondo-nero.jpg","width":280,"height":90,"caption":"Scootertime"},"image":{"@id":"https:\/\/scootertime.ch\/#\/schema\/logo\/image\/"}},{"@type":"Person","@id":"https:\/\/scootertime.ch\/#\/schema\/person\/7b982e4db7ec822a53954bf2b0df2537","name":"Red. SCT","image":{"@type":"ImageObject","inLanguage":"de","@id":"https:\/\/secure.gravatar.com\/avatar\/919071c8ee7b6d7474a8e74a8fb9c3b6d7b4606b6d24134ae156375f0b34bc19?s=96&d=mm&r=g","url":"https:\/\/secure.gravatar.com\/avatar\/919071c8ee7b6d7474a8e74a8fb9c3b6d7b4606b6d24134ae156375f0b34bc19?s=96&d=mm&r=g","contentUrl":"https:\/\/secure.gravatar.com\/avatar\/919071c8ee7b6d7474a8e74a8fb9c3b6d7b4606b6d24134ae156375f0b34bc19?s=96&d=mm&r=g","caption":"Red. SCT"},"url":"https:\/\/scootertime.ch\/de\/author\/admin\/"}]}},"_links":{"self":[{"href":"https:\/\/scootertime.ch\/de\/wp-json\/wp\/v2\/posts\/9731","targetHints":{"allow":["GET"]}}],"collection":[{"href":"https:\/\/scootertime.ch\/de\/wp-json\/wp\/v2\/posts"}],"about":[{"href":"https:\/\/scootertime.ch\/de\/wp-json\/wp\/v2\/types\/post"}],"author":[{"embeddable":true,"href":"https:\/\/scootertime.ch\/de\/wp-json\/wp\/v2\/users\/1"}],"replies":[{"embeddable":true,"href":"https:\/\/scootertime.ch\/de\/wp-json\/wp\/v2\/comments?post=9731"}],"version-history":[{"count":2,"href":"https:\/\/scootertime.ch\/de\/wp-json\/wp\/v2\/posts\/9731\/revisions"}],"predecessor-version":[{"id":9835,"href":"https:\/\/scootertime.ch\/de\/wp-json\/wp\/v2\/posts\/9731\/revisions\/9835"}],"wp:featuredmedia":[{"embeddable":true,"href":"https:\/\/scootertime.ch\/de\/wp-json\/wp\/v2\/media\/9398"}],"wp:attachment":[{"href":"https:\/\/scootertime.ch\/de\/wp-json\/wp\/v2\/media?parent=9731"}],"wp:term":[{"taxonomy":"category","embeddable":true,"href":"https:\/\/scootertime.ch\/de\/wp-json\/wp\/v2\/categories?post=9731"},{"taxonomy":"post_tag","embeddable":true,"href":"https:\/\/scootertime.ch\/de\/wp-json\/wp\/v2\/tags?post=9731"}],"curies":[{"name":"wp","href":"https:\/\/api.w.org\/{rel}","templated":true}]}}