{"id":16194,"date":"2026-04-28T18:26:02","date_gmt":"2026-04-28T17:26:02","guid":{"rendered":"https:\/\/scootertime.ch\/?p=16194"},"modified":"2026-04-28T18:34:14","modified_gmt":"2026-04-28T17:34:14","slug":"vespa-80-ans-celebrations-rome","status":"publish","type":"post","link":"https:\/\/scootertime.ch\/fr\/vespa-80-ans-celebrations-rome\/","title":{"rendered":"VESPA \u2013 80 ANS D\u2019UNE FORME QUI A MARQU\u00c9 L\u2019HISTOIRE"},"content":{"rendered":"\n<h4 class=\"wp-block-heading\">Les c\u00e9l\u00e9brations du 80e anniversaire culmineront \u00e0 Rome du 25 au 28 juin &#8211;<\/h4>\n\n\n\n<figure class=\"wp-block-gallery has-nested-images columns-default is-cropped wp-block-gallery-1 is-layout-flex wp-block-gallery-is-layout-flex\">\n<figure class=\"wp-block-image size-large\"><img loading=\"lazy\" decoding=\"async\" width=\"533\" height=\"400\" data-id=\"16170\" src=\"https:\/\/scootertime.ch\/wp-content\/uploads\/2026\/04\/1962-vespa-personalizzata-da-salvador-dal-.jpg\" alt=\"1962-vespa-personalizzata-da-salvador-dal-\" class=\"wp-image-16170\" srcset=\"https:\/\/scootertime.ch\/wp-content\/uploads\/2026\/04\/1962-vespa-personalizzata-da-salvador-dal-.jpg 533w, https:\/\/scootertime.ch\/wp-content\/uploads\/2026\/04\/1962-vespa-personalizzata-da-salvador-dal--300x225.jpg 300w\" sizes=\"auto, (max-width: 533px) 100vw, 533px\" \/><figcaption class=\"wp-element-caption\">1962 Vespa personalizzata da Salvador Dal\u00ec &#8211; (Credit: Vespa)<\/figcaption><\/figure>\n\n\n\n<figure class=\"wp-block-image size-large\"><img loading=\"lazy\" decoding=\"async\" width=\"479\" height=\"400\" data-id=\"16167\" src=\"https:\/\/scootertime.ch\/wp-content\/uploads\/2026\/04\/1946-vespa-98-modello.jpg\" alt=\"1946-vespa-98-modello\" class=\"wp-image-16167\" srcset=\"https:\/\/scootertime.ch\/wp-content\/uploads\/2026\/04\/1946-vespa-98-modello.jpg 479w, https:\/\/scootertime.ch\/wp-content\/uploads\/2026\/04\/1946-vespa-98-modello-300x251.jpg 300w\" sizes=\"auto, (max-width: 479px) 100vw, 479px\" \/><figcaption class=\"wp-element-caption\">1946 &#8211; Vespa 98 &#8211; (Credit: Vespa)<\/figcaption><\/figure>\n<\/figure>\n\n\n\n<p><\/p>\n\n\n\n<p>Le 23 avril 1946 naissait la Vespa, un projet simple et visionnaire destin\u00e9 \u00e0 remettre l\u2019Italie en mouvement apr\u00e8s la guerre. Huit d\u00e9cennies plus tard, ce scooter compact et accessible est devenu un symbole mondial de mobilit\u00e9, de style et de culture.<\/p>\n\n\n\n<p>Pens\u00e9e pour \u00eatre conduite par tous, la Vespa a contribu\u00e9 \u00e0 d\u00e9finir la mobilit\u00e9 urbaine moderne et a ouvert de nouvelles possibilit\u00e9s pour la mobilit\u00e9 f\u00e9minine. Son design est reconnaissable partout: lignes essentielles, surfaces \u00e9pur\u00e9es, \u00e9quilibre entre fonction et esth\u00e9tique.<\/p>\n\n\n\n<figure class=\"wp-block-gallery has-nested-images columns-default is-cropped wp-block-gallery-2 is-layout-flex wp-block-gallery-is-layout-flex\">\n<figure class=\"wp-block-image size-large\"><img loading=\"lazy\" decoding=\"async\" width=\"711\" height=\"400\" data-id=\"16185\" src=\"https:\/\/scootertime.ch\/wp-content\/uploads\/2026\/04\/vespa-primavera-80th.jpg\" alt=\"vespa-primavera-80th\" class=\"wp-image-16185\" srcset=\"https:\/\/scootertime.ch\/wp-content\/uploads\/2026\/04\/vespa-primavera-80th.jpg 711w, https:\/\/scootertime.ch\/wp-content\/uploads\/2026\/04\/vespa-primavera-80th-300x169.jpg 300w\" sizes=\"auto, (max-width: 711px) 100vw, 711px\" \/><figcaption class=\"wp-element-caption\">Vespa Primavera 80th &#8211; (Credit: Vespa)<\/figcaption><\/figure>\n\n\n\n<figure class=\"wp-block-image size-large\"><img loading=\"lazy\" decoding=\"async\" width=\"711\" height=\"400\" data-id=\"16179\" src=\"https:\/\/scootertime.ch\/wp-content\/uploads\/2026\/04\/vespa-gts-80th.jpg\" alt=\"vespa-gts-80th\" class=\"wp-image-16179\" srcset=\"https:\/\/scootertime.ch\/wp-content\/uploads\/2026\/04\/vespa-gts-80th.jpg 711w, https:\/\/scootertime.ch\/wp-content\/uploads\/2026\/04\/vespa-gts-80th-300x169.jpg 300w\" sizes=\"auto, (max-width: 711px) 100vw, 711px\" \/><figcaption class=\"wp-element-caption\">Vespa GTS 80th &#8211; (Credit: Vespa)<\/figcaption><\/figure>\n<\/figure>\n\n\n\n<p><\/p>\n\n\n\n<p>Pr\u00e9sente dans le cin\u00e9ma, la musique, l\u2019art, la photographie et la mode, Vespa est devenue une ic\u00f4ne culturelle. Plus de 160 mod\u00e8les ont vu le jour, toujours fid\u00e8les \u00e0 une identit\u00e9 claire.<\/p>\n\n\n\n<p>Au fil des ann\u00e9es, la Vespa a \u00e9t\u00e9 r\u00e9interpr\u00e9t\u00e9e par des cr\u00e9ateurs de renomm\u00e9e mondiale: Salvador Dal\u00ed, Giorgio Armani, Sean Wotherspoon, Dior, Justin Bieber, Urs Fischer et Frank Gehry. Des visions diff\u00e9rentes, une m\u00eame silhouette.<\/p>\n\n\n<div class=\"wp-block-image\">\n<figure class=\"alignright size-full is-resized\"><img loading=\"lazy\" decoding=\"async\" width=\"337\" height=\"400\" src=\"https:\/\/scootertime.ch\/wp-content\/uploads\/2026\/04\/vespa-drop-80th-anniversary-8l0232m0blu-back-jersey-t-shirt.jpg\" alt=\"vespa-drop-80th-anniversary-8l0232m0blu-back-jersey-t-shirt\" class=\"wp-image-16176\" style=\"width:185px;height:auto\" srcset=\"https:\/\/scootertime.ch\/wp-content\/uploads\/2026\/04\/vespa-drop-80th-anniversary-8l0232m0blu-back-jersey-t-shirt.jpg 337w, https:\/\/scootertime.ch\/wp-content\/uploads\/2026\/04\/vespa-drop-80th-anniversary-8l0232m0blu-back-jersey-t-shirt-253x300.jpg 253w\" sizes=\"auto, (max-width: 337px) 100vw, 337px\" \/><figcaption class=\"wp-element-caption\">Vespa drop 80th anniversary &#8211; blu-back jersey t-shirt &#8211; (Credit: Vespa)<\/figcaption><\/figure>\n<\/div>\n\n\n<p>Pour c\u00e9l\u00e9brer ses 80 ans, Vespa organise plusieurs initiatives qui culmineront <strong>\u00e0 Rome du 25 au 28 juin<\/strong>.<\/p>\n\n\n\n<p><strong>Les nouvelles Vespa Primavera 80th et GTS 80th<\/strong><br>La s\u00e9rie sp\u00e9ciale 80th reprend le Vert Pastel des premi\u00e8res Vespa de 1946, revisit\u00e9 avec des finitions modernes et des d\u00e9tails inspir\u00e9s des mod\u00e8les historiques.<\/p>\n\n\n\n<p><strong>Le drop \u201c80TH ANNIVERSARY\u201d<\/strong><br>Vespa pr\u00e9sente \u00e9galement le drop \u201c80TH ANNIVERSARY\u201d, une collection au langage graphique urbain et \u00e9pur\u00e9. V\u00eatements, accessoires et casque jet assorti composent une ligne pens\u00e9e pour ceux qui vivent Vespa comme un style de vie.<\/p>\n\n\n\n<p><\/p>\n\n\n\n<p><\/p>\n\n\n\n<p class=\"has-text-align-center has-accent-color has-base-background-color has-text-color has-background has-link-color has-small-font-size wp-elements-2d38836d0b382d9050d840b490b230b4\"><em>\u2014 Red. SCT<br>Scootertime \u2013 Mobilit\u00e9 l\u00e9g\u00e8re, culture urbaine, libert\u00e9 sur deux roues.<\/em><\/p>\n","protected":false},"excerpt":{"rendered":"<p>Vespa f\u00eate ses 80 ans avec des \u00e9ditions sp\u00e9ciales, une nouvelle collection\u2026<\/p>\n","protected":false},"author":1,"featured_media":16198,"comment_status":"closed","ping_status":"closed","sticky":false,"template":"","format":"standard","meta":{"footnotes":""},"categories":[26],"tags":[575,571,573,576,572,574,570,569],"class_list":["post-16194","post","type-post","status-publish","format-standard","has-post-thumbnail","hentry","category-news-fr","tag-80-ans","tag-anniversaire","tag-design","tag-gts-80th","tag-lifestyle","tag-piaggio","tag-primavera-80th","tag-vespa"],"yoast_head":"<!-- This site is optimized with the Yoast SEO plugin v27.4 - https:\/\/yoast.com\/product\/yoast-seo-wordpress\/ -->\n<title>Vespa 80 ans: histoire, \u00e9ditions sp\u00e9ciales et c\u00e9l\u00e9brations \u00e0 Rome - Scootertime<\/title>\n<meta name=\"description\" content=\"Vespa c\u00e9l\u00e8bre ses 80 ans avec des mod\u00e8les sp\u00e9ciaux, une collection d\u00e9di\u00e9e et un \u00e9v\u00e9nement majeur \u00e0 Rome du 25 au 28 juin.\" \/>\n<meta name=\"robots\" content=\"index, follow, max-snippet:-1, max-image-preview:large, max-video-preview:-1\" \/>\n<link rel=\"canonical\" href=\"https:\/\/scootertime.ch\/fr\/vespa-80-ans-celebrations-rome\/\" \/>\n<meta property=\"og:locale\" content=\"fr_FR\" \/>\n<meta property=\"og:type\" content=\"article\" \/>\n<meta property=\"og:title\" content=\"Vespa 80 ans: histoire, \u00e9ditions sp\u00e9ciales et c\u00e9l\u00e9brations \u00e0 Rome - Scootertime\" \/>\n<meta property=\"og:description\" content=\"Vespa c\u00e9l\u00e8bre ses 80 ans avec des mod\u00e8les sp\u00e9ciaux, une collection d\u00e9di\u00e9e et un \u00e9v\u00e9nement majeur \u00e0 Rome du 25 au 28 juin.\" \/>\n<meta property=\"og:url\" content=\"https:\/\/scootertime.ch\/fr\/vespa-80-ans-celebrations-rome\/\" \/>\n<meta property=\"og:site_name\" content=\"Scootertime\" \/>\n<meta property=\"article:published_time\" content=\"2026-04-28T17:26:02+00:00\" \/>\n<meta property=\"article:modified_time\" content=\"2026-04-28T17:34:14+00:00\" \/>\n<meta property=\"og:image\" content=\"https:\/\/scootertime.ch\/wp-content\/uploads\/2026\/04\/shot-15-1185-eip-d-4-5__-e1777397644597.jpg\" \/>\n\t<meta property=\"og:image:width\" content=\"600\" \/>\n\t<meta property=\"og:image:height\" content=\"621\" \/>\n\t<meta property=\"og:image:type\" content=\"image\/jpeg\" \/>\n<meta name=\"author\" content=\"Red. SCT\" \/>\n<meta name=\"twitter:card\" content=\"summary_large_image\" \/>\n<meta name=\"twitter:label1\" content=\"\u00c9crit par\" \/>\n\t<meta name=\"twitter:data1\" content=\"Red. SCT\" \/>\n\t<meta name=\"twitter:label2\" content=\"Dur\u00e9e de lecture estim\u00e9e\" \/>\n\t<meta name=\"twitter:data2\" content=\"6 minutes\" \/>\n<script type=\"application\/ld+json\" class=\"yoast-schema-graph\">{\"@context\":\"https:\\\/\\\/schema.org\",\"@graph\":[{\"@type\":\"Article\",\"@id\":\"https:\\\/\\\/scootertime.ch\\\/fr\\\/vespa-80-ans-celebrations-rome\\\/#article\",\"isPartOf\":{\"@id\":\"https:\\\/\\\/scootertime.ch\\\/fr\\\/vespa-80-ans-celebrations-rome\\\/\"},\"author\":{\"name\":\"Red. SCT\",\"@id\":\"https:\\\/\\\/scootertime.ch\\\/#\\\/schema\\\/person\\\/7b982e4db7ec822a53954bf2b0df2537\"},\"headline\":\"VESPA \u2013 80 ANS D\u2019UNE FORME QUI A MARQU\u00c9 L\u2019HISTOIRE\",\"datePublished\":\"2026-04-28T17:26:02+00:00\",\"dateModified\":\"2026-04-28T17:34:14+00:00\",\"mainEntityOfPage\":{\"@id\":\"https:\\\/\\\/scootertime.ch\\\/fr\\\/vespa-80-ans-celebrations-rome\\\/\"},\"wordCount\":321,\"publisher\":{\"@id\":\"https:\\\/\\\/scootertime.ch\\\/#organization\"},\"image\":{\"@id\":\"https:\\\/\\\/scootertime.ch\\\/fr\\\/vespa-80-ans-celebrations-rome\\\/#primaryimage\"},\"thumbnailUrl\":\"https:\\\/\\\/scootertime.ch\\\/wp-content\\\/uploads\\\/2026\\\/04\\\/shot-15-1185-eip-d-4-5__-e1777397644597.jpg\",\"keywords\":[\"80 ans\",\"anniversaire\",\"design\",\"gts 80th\",\"lifestyle\",\"piaggio\",\"primavera 80th\",\"vespa\"],\"articleSection\":[\"News\"],\"inLanguage\":\"fr-FR\"},{\"@type\":\"WebPage\",\"@id\":\"https:\\\/\\\/scootertime.ch\\\/fr\\\/vespa-80-ans-celebrations-rome\\\/\",\"url\":\"https:\\\/\\\/scootertime.ch\\\/fr\\\/vespa-80-ans-celebrations-rome\\\/\",\"name\":\"Vespa 80 ans: histoire, \u00e9ditions sp\u00e9ciales et c\u00e9l\u00e9brations \u00e0 Rome - Scootertime\",\"isPartOf\":{\"@id\":\"https:\\\/\\\/scootertime.ch\\\/#website\"},\"primaryImageOfPage\":{\"@id\":\"https:\\\/\\\/scootertime.ch\\\/fr\\\/vespa-80-ans-celebrations-rome\\\/#primaryimage\"},\"image\":{\"@id\":\"https:\\\/\\\/scootertime.ch\\\/fr\\\/vespa-80-ans-celebrations-rome\\\/#primaryimage\"},\"thumbnailUrl\":\"https:\\\/\\\/scootertime.ch\\\/wp-content\\\/uploads\\\/2026\\\/04\\\/shot-15-1185-eip-d-4-5__-e1777397644597.jpg\",\"datePublished\":\"2026-04-28T17:26:02+00:00\",\"dateModified\":\"2026-04-28T17:34:14+00:00\",\"description\":\"Vespa c\u00e9l\u00e8bre ses 80 ans avec des mod\u00e8les sp\u00e9ciaux, une collection d\u00e9di\u00e9e et un \u00e9v\u00e9nement majeur \u00e0 Rome du 25 au 28 juin.\",\"breadcrumb\":{\"@id\":\"https:\\\/\\\/scootertime.ch\\\/fr\\\/vespa-80-ans-celebrations-rome\\\/#breadcrumb\"},\"inLanguage\":\"fr-FR\",\"potentialAction\":[{\"@type\":\"ReadAction\",\"target\":[\"https:\\\/\\\/scootertime.ch\\\/fr\\\/vespa-80-ans-celebrations-rome\\\/\"]}]},{\"@type\":\"ImageObject\",\"inLanguage\":\"fr-FR\",\"@id\":\"https:\\\/\\\/scootertime.ch\\\/fr\\\/vespa-80-ans-celebrations-rome\\\/#primaryimage\",\"url\":\"https:\\\/\\\/scootertime.ch\\\/wp-content\\\/uploads\\\/2026\\\/04\\\/shot-15-1185-eip-d-4-5__-e1777397644597.jpg\",\"contentUrl\":\"https:\\\/\\\/scootertime.ch\\\/wp-content\\\/uploads\\\/2026\\\/04\\\/shot-15-1185-eip-d-4-5__-e1777397644597.jpg\",\"width\":600,\"height\":621,\"caption\":\"(Credit: Vespa)\"},{\"@type\":\"BreadcrumbList\",\"@id\":\"https:\\\/\\\/scootertime.ch\\\/fr\\\/vespa-80-ans-celebrations-rome\\\/#breadcrumb\",\"itemListElement\":[{\"@type\":\"ListItem\",\"position\":1,\"name\":\"Home\",\"item\":\"https:\\\/\\\/scootertime.ch\\\/fr\\\/\"},{\"@type\":\"ListItem\",\"position\":2,\"name\":\"VESPA \u2013 80 ANS D\u2019UNE FORME QUI A MARQU\u00c9 L\u2019HISTOIRE\"}]},{\"@type\":\"WebSite\",\"@id\":\"https:\\\/\\\/scootertime.ch\\\/#website\",\"url\":\"https:\\\/\\\/scootertime.ch\\\/\",\"name\":\"Scootertime\",\"description\":\"Das erste Schweizer Rollermagazin\",\"publisher\":{\"@id\":\"https:\\\/\\\/scootertime.ch\\\/#organization\"},\"potentialAction\":[{\"@type\":\"SearchAction\",\"target\":{\"@type\":\"EntryPoint\",\"urlTemplate\":\"https:\\\/\\\/scootertime.ch\\\/?s={search_term_string}\"},\"query-input\":{\"@type\":\"PropertyValueSpecification\",\"valueRequired\":true,\"valueName\":\"search_term_string\"}}],\"inLanguage\":\"fr-FR\"},{\"@type\":\"Organization\",\"@id\":\"https:\\\/\\\/scootertime.ch\\\/#organization\",\"name\":\"Scootertime\",\"url\":\"https:\\\/\\\/scootertime.ch\\\/\",\"logo\":{\"@type\":\"ImageObject\",\"inLanguage\":\"fr-FR\",\"@id\":\"https:\\\/\\\/scootertime.ch\\\/#\\\/schema\\\/logo\\\/image\\\/\",\"url\":\"https:\\\/\\\/scootertime.ch\\\/wp-content\\\/uploads\\\/2018\\\/04\\\/cropped-testata-fondo-nero.jpg\",\"contentUrl\":\"https:\\\/\\\/scootertime.ch\\\/wp-content\\\/uploads\\\/2018\\\/04\\\/cropped-testata-fondo-nero.jpg\",\"width\":280,\"height\":90,\"caption\":\"Scootertime\"},\"image\":{\"@id\":\"https:\\\/\\\/scootertime.ch\\\/#\\\/schema\\\/logo\\\/image\\\/\"}},{\"@type\":\"Person\",\"@id\":\"https:\\\/\\\/scootertime.ch\\\/#\\\/schema\\\/person\\\/7b982e4db7ec822a53954bf2b0df2537\",\"name\":\"Red. SCT\",\"image\":{\"@type\":\"ImageObject\",\"inLanguage\":\"fr-FR\",\"@id\":\"https:\\\/\\\/secure.gravatar.com\\\/avatar\\\/919071c8ee7b6d7474a8e74a8fb9c3b6d7b4606b6d24134ae156375f0b34bc19?s=96&d=mm&r=g\",\"url\":\"https:\\\/\\\/secure.gravatar.com\\\/avatar\\\/919071c8ee7b6d7474a8e74a8fb9c3b6d7b4606b6d24134ae156375f0b34bc19?s=96&d=mm&r=g\",\"contentUrl\":\"https:\\\/\\\/secure.gravatar.com\\\/avatar\\\/919071c8ee7b6d7474a8e74a8fb9c3b6d7b4606b6d24134ae156375f0b34bc19?s=96&d=mm&r=g\",\"caption\":\"Red. SCT\"},\"url\":\"https:\\\/\\\/scootertime.ch\\\/fr\\\/author\\\/admin\\\/\"}]}<\/script>\n<!-- \/ Yoast SEO plugin. -->","yoast_head_json":{"title":"Vespa 80 ans: histoire, \u00e9ditions sp\u00e9ciales et c\u00e9l\u00e9brations \u00e0 Rome - Scootertime","description":"Vespa c\u00e9l\u00e8bre ses 80 ans avec des mod\u00e8les sp\u00e9ciaux, une collection d\u00e9di\u00e9e et un \u00e9v\u00e9nement majeur \u00e0 Rome du 25 au 28 juin.","robots":{"index":"index","follow":"follow","max-snippet":"max-snippet:-1","max-image-preview":"max-image-preview:large","max-video-preview":"max-video-preview:-1"},"canonical":"https:\/\/scootertime.ch\/fr\/vespa-80-ans-celebrations-rome\/","og_locale":"fr_FR","og_type":"article","og_title":"Vespa 80 ans: histoire, \u00e9ditions sp\u00e9ciales et c\u00e9l\u00e9brations \u00e0 Rome - Scootertime","og_description":"Vespa c\u00e9l\u00e8bre ses 80 ans avec des mod\u00e8les sp\u00e9ciaux, une collection d\u00e9di\u00e9e et un \u00e9v\u00e9nement majeur \u00e0 Rome du 25 au 28 juin.","og_url":"https:\/\/scootertime.ch\/fr\/vespa-80-ans-celebrations-rome\/","og_site_name":"Scootertime","article_published_time":"2026-04-28T17:26:02+00:00","article_modified_time":"2026-04-28T17:34:14+00:00","og_image":[{"width":600,"height":621,"url":"https:\/\/scootertime.ch\/wp-content\/uploads\/2026\/04\/shot-15-1185-eip-d-4-5__-e1777397644597.jpg","type":"image\/jpeg"}],"author":"Red. SCT","twitter_card":"summary_large_image","twitter_misc":{"\u00c9crit par":"Red. SCT","Dur\u00e9e de lecture estim\u00e9e":"6 minutes"},"schema":{"@context":"https:\/\/schema.org","@graph":[{"@type":"Article","@id":"https:\/\/scootertime.ch\/fr\/vespa-80-ans-celebrations-rome\/#article","isPartOf":{"@id":"https:\/\/scootertime.ch\/fr\/vespa-80-ans-celebrations-rome\/"},"author":{"name":"Red. SCT","@id":"https:\/\/scootertime.ch\/#\/schema\/person\/7b982e4db7ec822a53954bf2b0df2537"},"headline":"VESPA \u2013 80 ANS D\u2019UNE FORME QUI A MARQU\u00c9 L\u2019HISTOIRE","datePublished":"2026-04-28T17:26:02+00:00","dateModified":"2026-04-28T17:34:14+00:00","mainEntityOfPage":{"@id":"https:\/\/scootertime.ch\/fr\/vespa-80-ans-celebrations-rome\/"},"wordCount":321,"publisher":{"@id":"https:\/\/scootertime.ch\/#organization"},"image":{"@id":"https:\/\/scootertime.ch\/fr\/vespa-80-ans-celebrations-rome\/#primaryimage"},"thumbnailUrl":"https:\/\/scootertime.ch\/wp-content\/uploads\/2026\/04\/shot-15-1185-eip-d-4-5__-e1777397644597.jpg","keywords":["80 ans","anniversaire","design","gts 80th","lifestyle","piaggio","primavera 80th","vespa"],"articleSection":["News"],"inLanguage":"fr-FR"},{"@type":"WebPage","@id":"https:\/\/scootertime.ch\/fr\/vespa-80-ans-celebrations-rome\/","url":"https:\/\/scootertime.ch\/fr\/vespa-80-ans-celebrations-rome\/","name":"Vespa 80 ans: histoire, \u00e9ditions sp\u00e9ciales et c\u00e9l\u00e9brations \u00e0 Rome - Scootertime","isPartOf":{"@id":"https:\/\/scootertime.ch\/#website"},"primaryImageOfPage":{"@id":"https:\/\/scootertime.ch\/fr\/vespa-80-ans-celebrations-rome\/#primaryimage"},"image":{"@id":"https:\/\/scootertime.ch\/fr\/vespa-80-ans-celebrations-rome\/#primaryimage"},"thumbnailUrl":"https:\/\/scootertime.ch\/wp-content\/uploads\/2026\/04\/shot-15-1185-eip-d-4-5__-e1777397644597.jpg","datePublished":"2026-04-28T17:26:02+00:00","dateModified":"2026-04-28T17:34:14+00:00","description":"Vespa c\u00e9l\u00e8bre ses 80 ans avec des mod\u00e8les sp\u00e9ciaux, une collection d\u00e9di\u00e9e et un \u00e9v\u00e9nement majeur \u00e0 Rome du 25 au 28 juin.","breadcrumb":{"@id":"https:\/\/scootertime.ch\/fr\/vespa-80-ans-celebrations-rome\/#breadcrumb"},"inLanguage":"fr-FR","potentialAction":[{"@type":"ReadAction","target":["https:\/\/scootertime.ch\/fr\/vespa-80-ans-celebrations-rome\/"]}]},{"@type":"ImageObject","inLanguage":"fr-FR","@id":"https:\/\/scootertime.ch\/fr\/vespa-80-ans-celebrations-rome\/#primaryimage","url":"https:\/\/scootertime.ch\/wp-content\/uploads\/2026\/04\/shot-15-1185-eip-d-4-5__-e1777397644597.jpg","contentUrl":"https:\/\/scootertime.ch\/wp-content\/uploads\/2026\/04\/shot-15-1185-eip-d-4-5__-e1777397644597.jpg","width":600,"height":621,"caption":"(Credit: Vespa)"},{"@type":"BreadcrumbList","@id":"https:\/\/scootertime.ch\/fr\/vespa-80-ans-celebrations-rome\/#breadcrumb","itemListElement":[{"@type":"ListItem","position":1,"name":"Home","item":"https:\/\/scootertime.ch\/fr\/"},{"@type":"ListItem","position":2,"name":"VESPA \u2013 80 ANS D\u2019UNE FORME QUI A MARQU\u00c9 L\u2019HISTOIRE"}]},{"@type":"WebSite","@id":"https:\/\/scootertime.ch\/#website","url":"https:\/\/scootertime.ch\/","name":"Scootertime","description":"Das erste Schweizer Rollermagazin","publisher":{"@id":"https:\/\/scootertime.ch\/#organization"},"potentialAction":[{"@type":"SearchAction","target":{"@type":"EntryPoint","urlTemplate":"https:\/\/scootertime.ch\/?s={search_term_string}"},"query-input":{"@type":"PropertyValueSpecification","valueRequired":true,"valueName":"search_term_string"}}],"inLanguage":"fr-FR"},{"@type":"Organization","@id":"https:\/\/scootertime.ch\/#organization","name":"Scootertime","url":"https:\/\/scootertime.ch\/","logo":{"@type":"ImageObject","inLanguage":"fr-FR","@id":"https:\/\/scootertime.ch\/#\/schema\/logo\/image\/","url":"https:\/\/scootertime.ch\/wp-content\/uploads\/2018\/04\/cropped-testata-fondo-nero.jpg","contentUrl":"https:\/\/scootertime.ch\/wp-content\/uploads\/2018\/04\/cropped-testata-fondo-nero.jpg","width":280,"height":90,"caption":"Scootertime"},"image":{"@id":"https:\/\/scootertime.ch\/#\/schema\/logo\/image\/"}},{"@type":"Person","@id":"https:\/\/scootertime.ch\/#\/schema\/person\/7b982e4db7ec822a53954bf2b0df2537","name":"Red. SCT","image":{"@type":"ImageObject","inLanguage":"fr-FR","@id":"https:\/\/secure.gravatar.com\/avatar\/919071c8ee7b6d7474a8e74a8fb9c3b6d7b4606b6d24134ae156375f0b34bc19?s=96&d=mm&r=g","url":"https:\/\/secure.gravatar.com\/avatar\/919071c8ee7b6d7474a8e74a8fb9c3b6d7b4606b6d24134ae156375f0b34bc19?s=96&d=mm&r=g","contentUrl":"https:\/\/secure.gravatar.com\/avatar\/919071c8ee7b6d7474a8e74a8fb9c3b6d7b4606b6d24134ae156375f0b34bc19?s=96&d=mm&r=g","caption":"Red. SCT"},"url":"https:\/\/scootertime.ch\/fr\/author\/admin\/"}]}},"_links":{"self":[{"href":"https:\/\/scootertime.ch\/fr\/wp-json\/wp\/v2\/posts\/16194","targetHints":{"allow":["GET"]}}],"collection":[{"href":"https:\/\/scootertime.ch\/fr\/wp-json\/wp\/v2\/posts"}],"about":[{"href":"https:\/\/scootertime.ch\/fr\/wp-json\/wp\/v2\/types\/post"}],"author":[{"embeddable":true,"href":"https:\/\/scootertime.ch\/fr\/wp-json\/wp\/v2\/users\/1"}],"replies":[{"embeddable":true,"href":"https:\/\/scootertime.ch\/fr\/wp-json\/wp\/v2\/comments?post=16194"}],"version-history":[{"count":3,"href":"https:\/\/scootertime.ch\/fr\/wp-json\/wp\/v2\/posts\/16194\/revisions"}],"predecessor-version":[{"id":16197,"href":"https:\/\/scootertime.ch\/fr\/wp-json\/wp\/v2\/posts\/16194\/revisions\/16197"}],"wp:featuredmedia":[{"embeddable":true,"href":"https:\/\/scootertime.ch\/fr\/wp-json\/wp\/v2\/media\/16198"}],"wp:attachment":[{"href":"https:\/\/scootertime.ch\/fr\/wp-json\/wp\/v2\/media?parent=16194"}],"wp:term":[{"taxonomy":"category","embeddable":true,"href":"https:\/\/scootertime.ch\/fr\/wp-json\/wp\/v2\/categories?post=16194"},{"taxonomy":"post_tag","embeddable":true,"href":"https:\/\/scootertime.ch\/fr\/wp-json\/wp\/v2\/tags?post=16194"}],"curies":[{"name":"wp","href":"https:\/\/api.w.org\/{rel}","templated":true}]}}