{"id":6916,"date":"2022-02-04T11:59:35","date_gmt":"2022-02-04T11:59:35","guid":{"rendered":"http:\/\/scootertime.ch\/?p=6916"},"modified":"2022-03-04T19:12:45","modified_gmt":"2022-03-04T19:12:45","slug":"pot-polini-pour-vespa","status":"publish","type":"post","link":"https:\/\/scootertime.ch\/fr\/pot-polini-pour-vespa\/","title":{"rendered":"Pot Polini pour vespa"},"content":{"rendered":"\n<h4 class=\"wp-block-heading\">L\u2019ENGAGEMENT DE POLINI POUR L\u2019IND\u00c9MODABLE VESPA CONTINUE AVEC LE LANCEMENT DU NOUVEAU POT D\u2019\u00c9CHAPPEMENT ORIGINAL \u2013 <\/h4>\n\n\n\n<figure class=\"wp-block-image size-large\"><img loading=\"lazy\" decoding=\"async\" width=\"625\" height=\"400\" src=\"https:\/\/scootertime.ch\/wp-content\/uploads\/2022\/02\/7ad89590-2aa0-67c0-2743-cd7fa6c3931d.jpg\" alt=\"Polini muffler for Vespa\" class=\"wp-image-6908\" srcset=\"https:\/\/scootertime.ch\/wp-content\/uploads\/2022\/02\/7ad89590-2aa0-67c0-2743-cd7fa6c3931d.jpg 625w, https:\/\/scootertime.ch\/wp-content\/uploads\/2022\/02\/7ad89590-2aa0-67c0-2743-cd7fa6c3931d-300x192.jpg 300w\" sizes=\"auto, (max-width: 625px) 100vw, 625px\" \/><\/figure>\n\n\n\n<p>N\u00e9 avec l\u2019objectif d\u2019am\u00e9liorer les performances et de r\u00e9duire en m\u00eame temps le bruit, le Pot d\u2019\u00e9chappement Original Polini est id\u00e9al soit pour les moteurs d\u2019origine, soit avec les kits cylindres standard.<\/p>\n<p>Con\u00e7u et projet\u00e9 pour s\u2019int\u00e9grer \u00e0 la perfection avec le design des glorieux Vespa, sa forme et l\u2019inscription Polini en relief rappellent les iconiques pots Polini, marque distinctive pour des g\u00e9n\u00e9rations de Vespisti.<\/p>\n<p>Le dessin de la courbe et des int\u00e9rieurs garantit des performances \u00e9lev\u00e9es avec un niveau de bruit contenu, mais toujours agr\u00e9able. Le pot d\u2019\u00e9chappement est parfaitement interchangeable \u00e0 celui d\u2019origine et a \u00e9t\u00e9 con\u00e7u pour utiliser des pneus de 3.50-10.<\/p>\n<ul>\n<li>R\u00e9f. 200.2032 Vespa 50 Special \u2013 Prix au public Euro 159,00 (hors TVA)<\/li>\n<li>R\u00e9f. 200.2034 Vespa 125 ET \u2013 Prix au public Euro 159,00 (hors TVA)<\/li>\n<li>R\u00e9f. 200.2052 Vespa 50 PK \u2013 Prix au public Euro 159,00 (hors TVA)<\/li>\n<li>R\u00e9f. 200.2054 Vespa 125 PK \u2013 Prix au public Euro 159,00 (hors TVA)<\/li>\n<\/ul>\n\n\n\n<figure class=\"wp-block-image size-large\"><img loading=\"lazy\" decoding=\"async\" width=\"700\" height=\"560\" src=\"https:\/\/scootertime.ch\/wp-content\/uploads\/2022\/02\/200_2032_34-scaled-1.jpg\" alt=\"Polini muffler for Vespa\" class=\"wp-image-6911\" srcset=\"https:\/\/scootertime.ch\/wp-content\/uploads\/2022\/02\/200_2032_34-scaled-1.jpg 700w, https:\/\/scootertime.ch\/wp-content\/uploads\/2022\/02\/200_2032_34-scaled-1-300x240.jpg 300w, https:\/\/scootertime.ch\/wp-content\/uploads\/2022\/02\/200_2032_34-scaled-1-124x100.jpg 124w\" sizes=\"auto, (max-width: 700px) 100vw, 700px\" \/><\/figure>\n","protected":false},"excerpt":{"rendered":"<p>L\u2019ENGAGEMENT DE POLINI POUR L\u2019IND\u00c9MODABLE VESPA CONTINUE AVEC LE LANCEMENT DU NOUVEAU\u2026<\/p>\n","protected":false},"author":1,"featured_media":6911,"comment_status":"open","ping_status":"open","sticky":false,"template":"","format":"standard","meta":{"footnotes":""},"categories":[24,26],"tags":[],"class_list":["post-6916","post","type-post","status-publish","format-standard","has-post-thumbnail","hentry","category-habillement-accessoires","category-news-fr"],"yoast_head":"<!-- This site is optimized with the Yoast SEO plugin v27.4 - https:\/\/yoast.com\/product\/yoast-seo-wordpress\/ -->\n<title>Pot Polini pour vespa - Scootertime<\/title>\n<meta name=\"robots\" content=\"index, follow, max-snippet:-1, max-image-preview:large, max-video-preview:-1\" \/>\n<link rel=\"canonical\" href=\"https:\/\/scootertime.ch\/fr\/pot-polini-pour-vespa\/\" \/>\n<meta property=\"og:locale\" content=\"fr_FR\" \/>\n<meta property=\"og:type\" content=\"article\" \/>\n<meta property=\"og:title\" content=\"Pot Polini pour vespa - Scootertime\" \/>\n<meta property=\"og:description\" content=\"L\u2019ENGAGEMENT DE POLINI POUR L\u2019IND\u00c9MODABLE VESPA CONTINUE AVEC LE LANCEMENT DU NOUVEAU\u2026\" \/>\n<meta property=\"og:url\" content=\"https:\/\/scootertime.ch\/fr\/pot-polini-pour-vespa\/\" \/>\n<meta property=\"og:site_name\" content=\"Scootertime\" \/>\n<meta property=\"article:published_time\" content=\"2022-02-04T11:59:35+00:00\" \/>\n<meta property=\"article:modified_time\" content=\"2022-03-04T19:12:45+00:00\" \/>\n<meta property=\"og:image\" content=\"https:\/\/scootertime.ch\/wp-content\/uploads\/2022\/02\/200_2032_34-scaled-1.jpg\" \/>\n\t<meta property=\"og:image:width\" content=\"700\" \/>\n\t<meta property=\"og:image:height\" content=\"560\" \/>\n\t<meta property=\"og:image:type\" content=\"image\/jpeg\" \/>\n<meta name=\"author\" content=\"Red. SCT\" \/>\n<meta name=\"twitter:card\" content=\"summary_large_image\" \/>\n<meta name=\"twitter:label1\" content=\"\u00c9crit par\" \/>\n\t<meta name=\"twitter:data1\" content=\"Red. SCT\" \/>\n\t<meta name=\"twitter:label2\" content=\"Dur\u00e9e de lecture estim\u00e9e\" \/>\n\t<meta name=\"twitter:data2\" content=\"1 minute\" \/>\n<script type=\"application\/ld+json\" class=\"yoast-schema-graph\">{\"@context\":\"https:\\\/\\\/schema.org\",\"@graph\":[{\"@type\":\"Article\",\"@id\":\"https:\\\/\\\/scootertime.ch\\\/fr\\\/pot-polini-pour-vespa\\\/#article\",\"isPartOf\":{\"@id\":\"https:\\\/\\\/scootertime.ch\\\/fr\\\/pot-polini-pour-vespa\\\/\"},\"author\":{\"name\":\"Red. SCT\",\"@id\":\"https:\\\/\\\/scootertime.ch\\\/#\\\/schema\\\/person\\\/7b982e4db7ec822a53954bf2b0df2537\"},\"headline\":\"Pot Polini pour vespa\",\"datePublished\":\"2022-02-04T11:59:35+00:00\",\"dateModified\":\"2022-03-04T19:12:45+00:00\",\"mainEntityOfPage\":{\"@id\":\"https:\\\/\\\/scootertime.ch\\\/fr\\\/pot-polini-pour-vespa\\\/\"},\"wordCount\":186,\"commentCount\":0,\"publisher\":{\"@id\":\"https:\\\/\\\/scootertime.ch\\\/#organization\"},\"image\":{\"@id\":\"https:\\\/\\\/scootertime.ch\\\/fr\\\/pot-polini-pour-vespa\\\/#primaryimage\"},\"thumbnailUrl\":\"https:\\\/\\\/scootertime.ch\\\/wp-content\\\/uploads\\\/2022\\\/02\\\/200_2032_34-scaled-1.jpg\",\"articleSection\":[\"Habillement et accessoires\",\"News\"],\"inLanguage\":\"fr-FR\"},{\"@type\":\"WebPage\",\"@id\":\"https:\\\/\\\/scootertime.ch\\\/fr\\\/pot-polini-pour-vespa\\\/\",\"url\":\"https:\\\/\\\/scootertime.ch\\\/fr\\\/pot-polini-pour-vespa\\\/\",\"name\":\"Pot Polini pour vespa - Scootertime\",\"isPartOf\":{\"@id\":\"https:\\\/\\\/scootertime.ch\\\/#website\"},\"primaryImageOfPage\":{\"@id\":\"https:\\\/\\\/scootertime.ch\\\/fr\\\/pot-polini-pour-vespa\\\/#primaryimage\"},\"image\":{\"@id\":\"https:\\\/\\\/scootertime.ch\\\/fr\\\/pot-polini-pour-vespa\\\/#primaryimage\"},\"thumbnailUrl\":\"https:\\\/\\\/scootertime.ch\\\/wp-content\\\/uploads\\\/2022\\\/02\\\/200_2032_34-scaled-1.jpg\",\"datePublished\":\"2022-02-04T11:59:35+00:00\",\"dateModified\":\"2022-03-04T19:12:45+00:00\",\"breadcrumb\":{\"@id\":\"https:\\\/\\\/scootertime.ch\\\/fr\\\/pot-polini-pour-vespa\\\/#breadcrumb\"},\"inLanguage\":\"fr-FR\",\"potentialAction\":[{\"@type\":\"ReadAction\",\"target\":[\"https:\\\/\\\/scootertime.ch\\\/fr\\\/pot-polini-pour-vespa\\\/\"]}]},{\"@type\":\"ImageObject\",\"inLanguage\":\"fr-FR\",\"@id\":\"https:\\\/\\\/scootertime.ch\\\/fr\\\/pot-polini-pour-vespa\\\/#primaryimage\",\"url\":\"https:\\\/\\\/scootertime.ch\\\/wp-content\\\/uploads\\\/2022\\\/02\\\/200_2032_34-scaled-1.jpg\",\"contentUrl\":\"https:\\\/\\\/scootertime.ch\\\/wp-content\\\/uploads\\\/2022\\\/02\\\/200_2032_34-scaled-1.jpg\",\"width\":700,\"height\":560,\"caption\":\"Polini muffler for Vespa\"},{\"@type\":\"BreadcrumbList\",\"@id\":\"https:\\\/\\\/scootertime.ch\\\/fr\\\/pot-polini-pour-vespa\\\/#breadcrumb\",\"itemListElement\":[{\"@type\":\"ListItem\",\"position\":1,\"name\":\"Home\",\"item\":\"https:\\\/\\\/scootertime.ch\\\/fr\\\/\"},{\"@type\":\"ListItem\",\"position\":2,\"name\":\"Pot Polini pour vespa\"}]},{\"@type\":\"WebSite\",\"@id\":\"https:\\\/\\\/scootertime.ch\\\/#website\",\"url\":\"https:\\\/\\\/scootertime.ch\\\/\",\"name\":\"Scootertime\",\"description\":\"Das erste Schweizer Rollermagazin\",\"publisher\":{\"@id\":\"https:\\\/\\\/scootertime.ch\\\/#organization\"},\"potentialAction\":[{\"@type\":\"SearchAction\",\"target\":{\"@type\":\"EntryPoint\",\"urlTemplate\":\"https:\\\/\\\/scootertime.ch\\\/?s={search_term_string}\"},\"query-input\":{\"@type\":\"PropertyValueSpecification\",\"valueRequired\":true,\"valueName\":\"search_term_string\"}}],\"inLanguage\":\"fr-FR\"},{\"@type\":\"Organization\",\"@id\":\"https:\\\/\\\/scootertime.ch\\\/#organization\",\"name\":\"Scootertime\",\"url\":\"https:\\\/\\\/scootertime.ch\\\/\",\"logo\":{\"@type\":\"ImageObject\",\"inLanguage\":\"fr-FR\",\"@id\":\"https:\\\/\\\/scootertime.ch\\\/#\\\/schema\\\/logo\\\/image\\\/\",\"url\":\"https:\\\/\\\/scootertime.ch\\\/wp-content\\\/uploads\\\/2018\\\/04\\\/cropped-testata-fondo-nero.jpg\",\"contentUrl\":\"https:\\\/\\\/scootertime.ch\\\/wp-content\\\/uploads\\\/2018\\\/04\\\/cropped-testata-fondo-nero.jpg\",\"width\":280,\"height\":90,\"caption\":\"Scootertime\"},\"image\":{\"@id\":\"https:\\\/\\\/scootertime.ch\\\/#\\\/schema\\\/logo\\\/image\\\/\"}},{\"@type\":\"Person\",\"@id\":\"https:\\\/\\\/scootertime.ch\\\/#\\\/schema\\\/person\\\/7b982e4db7ec822a53954bf2b0df2537\",\"name\":\"Red. SCT\",\"image\":{\"@type\":\"ImageObject\",\"inLanguage\":\"fr-FR\",\"@id\":\"https:\\\/\\\/secure.gravatar.com\\\/avatar\\\/919071c8ee7b6d7474a8e74a8fb9c3b6d7b4606b6d24134ae156375f0b34bc19?s=96&d=mm&r=g\",\"url\":\"https:\\\/\\\/secure.gravatar.com\\\/avatar\\\/919071c8ee7b6d7474a8e74a8fb9c3b6d7b4606b6d24134ae156375f0b34bc19?s=96&d=mm&r=g\",\"contentUrl\":\"https:\\\/\\\/secure.gravatar.com\\\/avatar\\\/919071c8ee7b6d7474a8e74a8fb9c3b6d7b4606b6d24134ae156375f0b34bc19?s=96&d=mm&r=g\",\"caption\":\"Red. SCT\"},\"url\":\"https:\\\/\\\/scootertime.ch\\\/fr\\\/author\\\/admin\\\/\"}]}<\/script>\n<!-- \/ Yoast SEO plugin. -->","yoast_head_json":{"title":"Pot Polini pour vespa - Scootertime","robots":{"index":"index","follow":"follow","max-snippet":"max-snippet:-1","max-image-preview":"max-image-preview:large","max-video-preview":"max-video-preview:-1"},"canonical":"https:\/\/scootertime.ch\/fr\/pot-polini-pour-vespa\/","og_locale":"fr_FR","og_type":"article","og_title":"Pot Polini pour vespa - Scootertime","og_description":"L\u2019ENGAGEMENT DE POLINI POUR L\u2019IND\u00c9MODABLE VESPA CONTINUE AVEC LE LANCEMENT DU NOUVEAU\u2026","og_url":"https:\/\/scootertime.ch\/fr\/pot-polini-pour-vespa\/","og_site_name":"Scootertime","article_published_time":"2022-02-04T11:59:35+00:00","article_modified_time":"2022-03-04T19:12:45+00:00","og_image":[{"width":700,"height":560,"url":"https:\/\/scootertime.ch\/wp-content\/uploads\/2022\/02\/200_2032_34-scaled-1.jpg","type":"image\/jpeg"}],"author":"Red. SCT","twitter_card":"summary_large_image","twitter_misc":{"\u00c9crit par":"Red. SCT","Dur\u00e9e de lecture estim\u00e9e":"1 minute"},"schema":{"@context":"https:\/\/schema.org","@graph":[{"@type":"Article","@id":"https:\/\/scootertime.ch\/fr\/pot-polini-pour-vespa\/#article","isPartOf":{"@id":"https:\/\/scootertime.ch\/fr\/pot-polini-pour-vespa\/"},"author":{"name":"Red. SCT","@id":"https:\/\/scootertime.ch\/#\/schema\/person\/7b982e4db7ec822a53954bf2b0df2537"},"headline":"Pot Polini pour vespa","datePublished":"2022-02-04T11:59:35+00:00","dateModified":"2022-03-04T19:12:45+00:00","mainEntityOfPage":{"@id":"https:\/\/scootertime.ch\/fr\/pot-polini-pour-vespa\/"},"wordCount":186,"commentCount":0,"publisher":{"@id":"https:\/\/scootertime.ch\/#organization"},"image":{"@id":"https:\/\/scootertime.ch\/fr\/pot-polini-pour-vespa\/#primaryimage"},"thumbnailUrl":"https:\/\/scootertime.ch\/wp-content\/uploads\/2022\/02\/200_2032_34-scaled-1.jpg","articleSection":["Habillement et accessoires","News"],"inLanguage":"fr-FR"},{"@type":"WebPage","@id":"https:\/\/scootertime.ch\/fr\/pot-polini-pour-vespa\/","url":"https:\/\/scootertime.ch\/fr\/pot-polini-pour-vespa\/","name":"Pot Polini pour vespa - Scootertime","isPartOf":{"@id":"https:\/\/scootertime.ch\/#website"},"primaryImageOfPage":{"@id":"https:\/\/scootertime.ch\/fr\/pot-polini-pour-vespa\/#primaryimage"},"image":{"@id":"https:\/\/scootertime.ch\/fr\/pot-polini-pour-vespa\/#primaryimage"},"thumbnailUrl":"https:\/\/scootertime.ch\/wp-content\/uploads\/2022\/02\/200_2032_34-scaled-1.jpg","datePublished":"2022-02-04T11:59:35+00:00","dateModified":"2022-03-04T19:12:45+00:00","breadcrumb":{"@id":"https:\/\/scootertime.ch\/fr\/pot-polini-pour-vespa\/#breadcrumb"},"inLanguage":"fr-FR","potentialAction":[{"@type":"ReadAction","target":["https:\/\/scootertime.ch\/fr\/pot-polini-pour-vespa\/"]}]},{"@type":"ImageObject","inLanguage":"fr-FR","@id":"https:\/\/scootertime.ch\/fr\/pot-polini-pour-vespa\/#primaryimage","url":"https:\/\/scootertime.ch\/wp-content\/uploads\/2022\/02\/200_2032_34-scaled-1.jpg","contentUrl":"https:\/\/scootertime.ch\/wp-content\/uploads\/2022\/02\/200_2032_34-scaled-1.jpg","width":700,"height":560,"caption":"Polini muffler for Vespa"},{"@type":"BreadcrumbList","@id":"https:\/\/scootertime.ch\/fr\/pot-polini-pour-vespa\/#breadcrumb","itemListElement":[{"@type":"ListItem","position":1,"name":"Home","item":"https:\/\/scootertime.ch\/fr\/"},{"@type":"ListItem","position":2,"name":"Pot Polini pour vespa"}]},{"@type":"WebSite","@id":"https:\/\/scootertime.ch\/#website","url":"https:\/\/scootertime.ch\/","name":"Scootertime","description":"Das erste Schweizer Rollermagazin","publisher":{"@id":"https:\/\/scootertime.ch\/#organization"},"potentialAction":[{"@type":"SearchAction","target":{"@type":"EntryPoint","urlTemplate":"https:\/\/scootertime.ch\/?s={search_term_string}"},"query-input":{"@type":"PropertyValueSpecification","valueRequired":true,"valueName":"search_term_string"}}],"inLanguage":"fr-FR"},{"@type":"Organization","@id":"https:\/\/scootertime.ch\/#organization","name":"Scootertime","url":"https:\/\/scootertime.ch\/","logo":{"@type":"ImageObject","inLanguage":"fr-FR","@id":"https:\/\/scootertime.ch\/#\/schema\/logo\/image\/","url":"https:\/\/scootertime.ch\/wp-content\/uploads\/2018\/04\/cropped-testata-fondo-nero.jpg","contentUrl":"https:\/\/scootertime.ch\/wp-content\/uploads\/2018\/04\/cropped-testata-fondo-nero.jpg","width":280,"height":90,"caption":"Scootertime"},"image":{"@id":"https:\/\/scootertime.ch\/#\/schema\/logo\/image\/"}},{"@type":"Person","@id":"https:\/\/scootertime.ch\/#\/schema\/person\/7b982e4db7ec822a53954bf2b0df2537","name":"Red. SCT","image":{"@type":"ImageObject","inLanguage":"fr-FR","@id":"https:\/\/secure.gravatar.com\/avatar\/919071c8ee7b6d7474a8e74a8fb9c3b6d7b4606b6d24134ae156375f0b34bc19?s=96&d=mm&r=g","url":"https:\/\/secure.gravatar.com\/avatar\/919071c8ee7b6d7474a8e74a8fb9c3b6d7b4606b6d24134ae156375f0b34bc19?s=96&d=mm&r=g","contentUrl":"https:\/\/secure.gravatar.com\/avatar\/919071c8ee7b6d7474a8e74a8fb9c3b6d7b4606b6d24134ae156375f0b34bc19?s=96&d=mm&r=g","caption":"Red. SCT"},"url":"https:\/\/scootertime.ch\/fr\/author\/admin\/"}]}},"_links":{"self":[{"href":"https:\/\/scootertime.ch\/fr\/wp-json\/wp\/v2\/posts\/6916","targetHints":{"allow":["GET"]}}],"collection":[{"href":"https:\/\/scootertime.ch\/fr\/wp-json\/wp\/v2\/posts"}],"about":[{"href":"https:\/\/scootertime.ch\/fr\/wp-json\/wp\/v2\/types\/post"}],"author":[{"embeddable":true,"href":"https:\/\/scootertime.ch\/fr\/wp-json\/wp\/v2\/users\/1"}],"replies":[{"embeddable":true,"href":"https:\/\/scootertime.ch\/fr\/wp-json\/wp\/v2\/comments?post=6916"}],"version-history":[{"count":3,"href":"https:\/\/scootertime.ch\/fr\/wp-json\/wp\/v2\/posts\/6916\/revisions"}],"predecessor-version":[{"id":7005,"href":"https:\/\/scootertime.ch\/fr\/wp-json\/wp\/v2\/posts\/6916\/revisions\/7005"}],"wp:featuredmedia":[{"embeddable":true,"href":"https:\/\/scootertime.ch\/fr\/wp-json\/wp\/v2\/media\/6911"}],"wp:attachment":[{"href":"https:\/\/scootertime.ch\/fr\/wp-json\/wp\/v2\/media?parent=6916"}],"wp:term":[{"taxonomy":"category","embeddable":true,"href":"https:\/\/scootertime.ch\/fr\/wp-json\/wp\/v2\/categories?post=6916"},{"taxonomy":"post_tag","embeddable":true,"href":"https:\/\/scootertime.ch\/fr\/wp-json\/wp\/v2\/tags?post=6916"}],"curies":[{"name":"wp","href":"https:\/\/api.w.org\/{rel}","templated":true}]}}