{"id":7157,"date":"2022-04-13T16:03:50","date_gmt":"2022-04-13T16:03:50","guid":{"rendered":"http:\/\/scootertime.ch\/?p=7157"},"modified":"2022-04-13T16:17:17","modified_gmt":"2022-04-13T16:17:17","slug":"justin-bieber-x-vespa","status":"publish","type":"post","link":"https:\/\/scootertime.ch\/fr\/justin-bieber-x-vespa\/","title":{"rendered":"Justin Bieber X Vespa"},"content":{"rendered":"\n<p>QUE SE\nPASSE-T-IL LORSQUE DEUX IC\u00d4NES DE LA POP SE RENCONTRENT ? \n\nLE R\u00c9SULTAT EST UN PROJET UNIQUE QUI C\u00c9L\u00c8BRE LA\nLIBERT\u00c9 ET LA PASSION POUR LE STYLE ET LE DESIGN, \u00c0 TRAVERS UN M\u00c9LANGE EXPLOSIF\nDE CR\u00c9ATIVIT\u00c9 QUI COMBINE COOLNESS, POP CULTURE ET CONTEMPORAN\u00c9IT\u00c9\n\n\n\n<\/p>\n\n\n\n<figure class=\"wp-block-embed-youtube wp-block-embed is-type-video is-provider-youtube wp-embed-aspect-4-3 wp-has-aspect-ratio\"><div class=\"wp-block-embed__wrapper\">\n<iframe loading=\"lazy\" title=\"Justin Bieber X Vespa\" width=\"1200\" height=\"900\" src=\"https:\/\/www.youtube.com\/embed\/tGGVyFDNoQ8?feature=oembed\" frameborder=\"0\" allow=\"accelerometer; autoplay; clipboard-write; encrypted-media; gyroscope; picture-in-picture; web-share\" referrerpolicy=\"strict-origin-when-cross-origin\" allowfullscreen><\/iframe>\n<\/div><\/figure>\n\n\n\n<p>Los Angeles, 11 avril 2022 &#8211; Vespa a toujours inspir\u00e9 l&rsquo;imagination des artistes, stylistes et designers du monde entier. Ces derni\u00e8res ann\u00e9es, de grands noms tels que Giorgio Armani, Christian Dior et Sean Wotherspoon ont associ\u00e9 le style inimitable de Vespa \u00e0 leur propre cr\u00e9ativit\u00e9 pour cr\u00e9er des collections exclusives.<\/p>\n<p><strong>Cette ann\u00e9e,<\/strong> c&rsquo;est le tour d&rsquo;une collaboration extraordinaire et sans pr\u00e9c\u00e9dent sur la sc\u00e8ne pop mondiale : Justin Bieber, la star internationale de la musique aux millions de fans dans le monde, et Vespa d\u00e9voilent JUSTIN BIEBER X VESPA, un nouveau mod\u00e8le exclusif de Vespa con\u00e7u et dessin\u00e9 personnellement par la pop star.<\/p>\n<p><strong><a href=\"http:\/\/scootertime.ch\/fr\/01_jb-vespa-2\/\"><img loading=\"lazy\" decoding=\"async\" class=\"size-full wp-image-7146 alignright\" src=\"https:\/\/scootertime.ch\/wp-content\/uploads\/2022\/04\/01_JB-Vespa.jpg\" alt=\"JB Vespa\" width=\"266\" height=\"400\" srcset=\"https:\/\/scootertime.ch\/wp-content\/uploads\/2022\/04\/01_JB-Vespa.jpg 266w, https:\/\/scootertime.ch\/wp-content\/uploads\/2022\/04\/01_JB-Vespa-200x300.jpg 200w\" sizes=\"auto, (max-width: 266px) 100vw, 266px\" \/><\/a>La passion de Bieber pour les Vespa est bien connue :<\/strong> <em>\u00ab\u00a0La premi\u00e8re fois que je suis mont\u00e9 sur une Vespa, c&rsquo;\u00e9tait quelque part en Europe, probablement \u00e0 Londres ou \u00e0 Paris. Je me souviens d&rsquo;avoir vu une Vespa et d&rsquo;avoir pens\u00e9 : je veux en monter une ! C&rsquo;\u00e9tait une exp\u00e9rience unique. Le vent qui souffle dans mes cheveux, l&rsquo;incroyable sentiment de libert\u00e9&#8230; c&rsquo;\u00e9tait amusant\u00a0\u00bb<\/em>, commente Justin Bieber.<\/p>\n<p>Glam et intemporelle, la nouvelle Vespa con\u00e7ue par Justin Bieber est l&rsquo;expression de sa cr\u00e9ativit\u00e9, qui aboutit toujours \u00e0 quelque chose d&rsquo;unique qui devient une pure inspiration.<\/p>\n<p><strong>\u00ab\u00a0J&rsquo;adore Vespa<\/strong> et collaborer avec une marque aussi embl\u00e9matique est vraiment cool. Avoir la possibilit\u00e9 de m&rsquo;exprimer, que ce soit par l&rsquo;art, la musique, les images ou l&rsquo;esth\u00e9tique, cr\u00e9er quelque chose \u00e0 partir de rien fait partie de moi. Parce que le but, dans la cr\u00e9ation et le design, est toujours de donner sa touche personnelle aux choses\u00a0\u00bb, a d\u00e9clar\u00e9 Justin Bieber.<\/p>\n<p><strong>Le monochrome<\/strong><strong> est le concept stylistique qui caract\u00e9rise la Vespa de Bieber.<\/strong><\/p>\n<p><a href=\"http:\/\/scootertime.ch\/fr\/03_jb-vespa-2\/\"><img loading=\"lazy\" decoding=\"async\" class=\"aligncenter size-full wp-image-7152\" src=\"https:\/\/scootertime.ch\/wp-content\/uploads\/2022\/04\/03_JB-Vespa.jpg\" alt=\"JB Vespa\" width=\"599\" height=\"400\" srcset=\"https:\/\/scootertime.ch\/wp-content\/uploads\/2022\/04\/03_JB-Vespa.jpg 599w, https:\/\/scootertime.ch\/wp-content\/uploads\/2022\/04\/03_JB-Vespa-300x200.jpg 300w, https:\/\/scootertime.ch\/wp-content\/uploads\/2022\/04\/03_JB-Vespa-435x290.jpg 435w, https:\/\/scootertime.ch\/wp-content\/uploads\/2022\/04\/03_JB-Vespa-150x100.jpg 150w, https:\/\/scootertime.ch\/wp-content\/uploads\/2022\/04\/03_JB-Vespa-370x247.jpg 370w\" sizes=\"auto, (max-width: 599px) 100vw, 599px\" \/><\/a>Le blanc, couleur choisie par la pop star mondiale, unit tous les \u00e9l\u00e9ments de la nouvelle Vespa Sprint : de la selle aux poign\u00e9es et aux rayons des jantes. Le logo de la marque et les flammes dessin\u00e9es sur la carrosserie du v\u00e9hicule sont \u00e9galement ton sur ton, une touche que l&rsquo;artiste a voulu donner pour repr\u00e9senter l&rsquo;\u00e9lan cr\u00e9atif, le dynamisme et la vitalit\u00e9, valeurs partag\u00e9es par Bieber et Vespa.<\/p>\n<p><strong>JUSTIN BIEBER X VESPA<\/strong> est propos\u00e9 avec le moteur classique de 125 cm3, disponible dans le respect des r\u00e9glementations environnementales les plus strictes. Les lignes jeunes de la carrosserie constituent un corps l\u00e9ger mais protecteur, tandis que le guidon, caract\u00e9ris\u00e9 par l&rsquo;incontournable et \u00e9vocateur phare rectangulaire, abrite un \u00e9cran multifonction TFT couleur ultramoderne, qui peut \u00eatre connect\u00e9 \u00e0 toutes les fonctions du smartphone. Les phares Full-Led et les spectaculaires jantes de 12 pouces sont des signes ind\u00e9niables de style et de technologie.<\/p>\n<p><strong>Une \u00e9dition limit\u00e9e exclusive,<\/strong> accompagn\u00e9e d&rsquo;une collection d&rsquo;accessoires irr\u00e9sistibles. Sac, gants et casque blanc total avec l&rsquo;ajout des vraies flammes \u00ab\u00a0Justin spin\u00a0\u00bb rendront l&rsquo;exp\u00e9rience Vespa encore plus cool !<\/p>\n<p>Pour plus d&rsquo;informations : <a href=\"http:\/\/www.vespa.com\">vespa.com<\/a> ou la page d\u00e9di\u00e9e <a href=\"https:\/\/www.vespa.com\/en_EN\/landing-page\/justin-bieber-for-vespa\/\">justin-bieber-for-vespa<\/a><\/p>\n","protected":false},"excerpt":{"rendered":"<p>QUE SE PASSE-T-IL LORSQUE DEUX IC\u00d4NES DE LA POP SE RENCONTRENT ?\u2026<\/p>\n","protected":false},"author":1,"featured_media":7149,"comment_status":"open","ping_status":"open","sticky":false,"template":"","format":"standard","meta":{"footnotes":""},"categories":[26],"tags":[],"class_list":["post-7157","post","type-post","status-publish","format-standard","has-post-thumbnail","hentry","category-news-fr"],"yoast_head":"<!-- This site is optimized with the Yoast SEO plugin v27.4 - https:\/\/yoast.com\/product\/yoast-seo-wordpress\/ -->\n<title>Justin Bieber X Vespa - Scootertime<\/title>\n<meta name=\"robots\" content=\"index, follow, max-snippet:-1, max-image-preview:large, max-video-preview:-1\" \/>\n<link rel=\"canonical\" href=\"https:\/\/scootertime.ch\/fr\/justin-bieber-x-vespa\/\" \/>\n<meta property=\"og:locale\" content=\"fr_FR\" \/>\n<meta property=\"og:type\" content=\"article\" \/>\n<meta property=\"og:title\" content=\"Justin Bieber X Vespa - Scootertime\" \/>\n<meta property=\"og:description\" content=\"QUE SE PASSE-T-IL LORSQUE DEUX IC\u00d4NES DE LA POP SE RENCONTRENT ?\u2026\" \/>\n<meta property=\"og:url\" content=\"https:\/\/scootertime.ch\/fr\/justin-bieber-x-vespa\/\" \/>\n<meta property=\"og:site_name\" content=\"Scootertime\" \/>\n<meta property=\"article:published_time\" content=\"2022-04-13T16:03:50+00:00\" \/>\n<meta property=\"article:modified_time\" content=\"2022-04-13T16:17:17+00:00\" \/>\n<meta property=\"og:image\" content=\"https:\/\/scootertime.ch\/wp-content\/uploads\/2022\/04\/02_JB-Vespa.jpg\" \/>\n\t<meta property=\"og:image:width\" content=\"599\" \/>\n\t<meta property=\"og:image:height\" content=\"400\" \/>\n\t<meta property=\"og:image:type\" content=\"image\/jpeg\" \/>\n<meta name=\"author\" content=\"Red. SCT\" \/>\n<meta name=\"twitter:card\" content=\"summary_large_image\" \/>\n<meta name=\"twitter:label1\" content=\"\u00c9crit par\" \/>\n\t<meta name=\"twitter:data1\" content=\"Red. SCT\" \/>\n\t<meta name=\"twitter:label2\" content=\"Dur\u00e9e de lecture estim\u00e9e\" \/>\n\t<meta name=\"twitter:data2\" content=\"3 minutes\" \/>\n<script type=\"application\/ld+json\" class=\"yoast-schema-graph\">{\"@context\":\"https:\\\/\\\/schema.org\",\"@graph\":[{\"@type\":\"Article\",\"@id\":\"https:\\\/\\\/scootertime.ch\\\/fr\\\/justin-bieber-x-vespa\\\/#article\",\"isPartOf\":{\"@id\":\"https:\\\/\\\/scootertime.ch\\\/fr\\\/justin-bieber-x-vespa\\\/\"},\"author\":{\"name\":\"Red. SCT\",\"@id\":\"https:\\\/\\\/scootertime.ch\\\/#\\\/schema\\\/person\\\/7b982e4db7ec822a53954bf2b0df2537\"},\"headline\":\"Justin Bieber X Vespa\",\"datePublished\":\"2022-04-13T16:03:50+00:00\",\"dateModified\":\"2022-04-13T16:17:17+00:00\",\"mainEntityOfPage\":{\"@id\":\"https:\\\/\\\/scootertime.ch\\\/fr\\\/justin-bieber-x-vespa\\\/\"},\"wordCount\":567,\"commentCount\":0,\"publisher\":{\"@id\":\"https:\\\/\\\/scootertime.ch\\\/#organization\"},\"image\":{\"@id\":\"https:\\\/\\\/scootertime.ch\\\/fr\\\/justin-bieber-x-vespa\\\/#primaryimage\"},\"thumbnailUrl\":\"https:\\\/\\\/scootertime.ch\\\/wp-content\\\/uploads\\\/2022\\\/04\\\/02_JB-Vespa.jpg\",\"articleSection\":[\"News\"],\"inLanguage\":\"fr-FR\"},{\"@type\":\"WebPage\",\"@id\":\"https:\\\/\\\/scootertime.ch\\\/fr\\\/justin-bieber-x-vespa\\\/\",\"url\":\"https:\\\/\\\/scootertime.ch\\\/fr\\\/justin-bieber-x-vespa\\\/\",\"name\":\"Justin Bieber X Vespa - Scootertime\",\"isPartOf\":{\"@id\":\"https:\\\/\\\/scootertime.ch\\\/#website\"},\"primaryImageOfPage\":{\"@id\":\"https:\\\/\\\/scootertime.ch\\\/fr\\\/justin-bieber-x-vespa\\\/#primaryimage\"},\"image\":{\"@id\":\"https:\\\/\\\/scootertime.ch\\\/fr\\\/justin-bieber-x-vespa\\\/#primaryimage\"},\"thumbnailUrl\":\"https:\\\/\\\/scootertime.ch\\\/wp-content\\\/uploads\\\/2022\\\/04\\\/02_JB-Vespa.jpg\",\"datePublished\":\"2022-04-13T16:03:50+00:00\",\"dateModified\":\"2022-04-13T16:17:17+00:00\",\"breadcrumb\":{\"@id\":\"https:\\\/\\\/scootertime.ch\\\/fr\\\/justin-bieber-x-vespa\\\/#breadcrumb\"},\"inLanguage\":\"fr-FR\",\"potentialAction\":[{\"@type\":\"ReadAction\",\"target\":[\"https:\\\/\\\/scootertime.ch\\\/fr\\\/justin-bieber-x-vespa\\\/\"]}]},{\"@type\":\"ImageObject\",\"inLanguage\":\"fr-FR\",\"@id\":\"https:\\\/\\\/scootertime.ch\\\/fr\\\/justin-bieber-x-vespa\\\/#primaryimage\",\"url\":\"https:\\\/\\\/scootertime.ch\\\/wp-content\\\/uploads\\\/2022\\\/04\\\/02_JB-Vespa.jpg\",\"contentUrl\":\"https:\\\/\\\/scootertime.ch\\\/wp-content\\\/uploads\\\/2022\\\/04\\\/02_JB-Vespa.jpg\",\"width\":599,\"height\":400,\"caption\":\"JB Vespa\"},{\"@type\":\"BreadcrumbList\",\"@id\":\"https:\\\/\\\/scootertime.ch\\\/fr\\\/justin-bieber-x-vespa\\\/#breadcrumb\",\"itemListElement\":[{\"@type\":\"ListItem\",\"position\":1,\"name\":\"Home\",\"item\":\"https:\\\/\\\/scootertime.ch\\\/fr\\\/\"},{\"@type\":\"ListItem\",\"position\":2,\"name\":\"Justin Bieber X Vespa\"}]},{\"@type\":\"WebSite\",\"@id\":\"https:\\\/\\\/scootertime.ch\\\/#website\",\"url\":\"https:\\\/\\\/scootertime.ch\\\/\",\"name\":\"Scootertime\",\"description\":\"Das erste Schweizer Rollermagazin\",\"publisher\":{\"@id\":\"https:\\\/\\\/scootertime.ch\\\/#organization\"},\"potentialAction\":[{\"@type\":\"SearchAction\",\"target\":{\"@type\":\"EntryPoint\",\"urlTemplate\":\"https:\\\/\\\/scootertime.ch\\\/?s={search_term_string}\"},\"query-input\":{\"@type\":\"PropertyValueSpecification\",\"valueRequired\":true,\"valueName\":\"search_term_string\"}}],\"inLanguage\":\"fr-FR\"},{\"@type\":\"Organization\",\"@id\":\"https:\\\/\\\/scootertime.ch\\\/#organization\",\"name\":\"Scootertime\",\"url\":\"https:\\\/\\\/scootertime.ch\\\/\",\"logo\":{\"@type\":\"ImageObject\",\"inLanguage\":\"fr-FR\",\"@id\":\"https:\\\/\\\/scootertime.ch\\\/#\\\/schema\\\/logo\\\/image\\\/\",\"url\":\"https:\\\/\\\/scootertime.ch\\\/wp-content\\\/uploads\\\/2018\\\/04\\\/cropped-testata-fondo-nero.jpg\",\"contentUrl\":\"https:\\\/\\\/scootertime.ch\\\/wp-content\\\/uploads\\\/2018\\\/04\\\/cropped-testata-fondo-nero.jpg\",\"width\":280,\"height\":90,\"caption\":\"Scootertime\"},\"image\":{\"@id\":\"https:\\\/\\\/scootertime.ch\\\/#\\\/schema\\\/logo\\\/image\\\/\"}},{\"@type\":\"Person\",\"@id\":\"https:\\\/\\\/scootertime.ch\\\/#\\\/schema\\\/person\\\/7b982e4db7ec822a53954bf2b0df2537\",\"name\":\"Red. SCT\",\"image\":{\"@type\":\"ImageObject\",\"inLanguage\":\"fr-FR\",\"@id\":\"https:\\\/\\\/secure.gravatar.com\\\/avatar\\\/919071c8ee7b6d7474a8e74a8fb9c3b6d7b4606b6d24134ae156375f0b34bc19?s=96&d=mm&r=g\",\"url\":\"https:\\\/\\\/secure.gravatar.com\\\/avatar\\\/919071c8ee7b6d7474a8e74a8fb9c3b6d7b4606b6d24134ae156375f0b34bc19?s=96&d=mm&r=g\",\"contentUrl\":\"https:\\\/\\\/secure.gravatar.com\\\/avatar\\\/919071c8ee7b6d7474a8e74a8fb9c3b6d7b4606b6d24134ae156375f0b34bc19?s=96&d=mm&r=g\",\"caption\":\"Red. SCT\"},\"url\":\"https:\\\/\\\/scootertime.ch\\\/fr\\\/author\\\/admin\\\/\"}]}<\/script>\n<!-- \/ Yoast SEO plugin. -->","yoast_head_json":{"title":"Justin Bieber X Vespa - Scootertime","robots":{"index":"index","follow":"follow","max-snippet":"max-snippet:-1","max-image-preview":"max-image-preview:large","max-video-preview":"max-video-preview:-1"},"canonical":"https:\/\/scootertime.ch\/fr\/justin-bieber-x-vespa\/","og_locale":"fr_FR","og_type":"article","og_title":"Justin Bieber X Vespa - Scootertime","og_description":"QUE SE PASSE-T-IL LORSQUE DEUX IC\u00d4NES DE LA POP SE RENCONTRENT ?\u2026","og_url":"https:\/\/scootertime.ch\/fr\/justin-bieber-x-vespa\/","og_site_name":"Scootertime","article_published_time":"2022-04-13T16:03:50+00:00","article_modified_time":"2022-04-13T16:17:17+00:00","og_image":[{"width":599,"height":400,"url":"https:\/\/scootertime.ch\/wp-content\/uploads\/2022\/04\/02_JB-Vespa.jpg","type":"image\/jpeg"}],"author":"Red. SCT","twitter_card":"summary_large_image","twitter_misc":{"\u00c9crit par":"Red. SCT","Dur\u00e9e de lecture estim\u00e9e":"3 minutes"},"schema":{"@context":"https:\/\/schema.org","@graph":[{"@type":"Article","@id":"https:\/\/scootertime.ch\/fr\/justin-bieber-x-vespa\/#article","isPartOf":{"@id":"https:\/\/scootertime.ch\/fr\/justin-bieber-x-vespa\/"},"author":{"name":"Red. SCT","@id":"https:\/\/scootertime.ch\/#\/schema\/person\/7b982e4db7ec822a53954bf2b0df2537"},"headline":"Justin Bieber X Vespa","datePublished":"2022-04-13T16:03:50+00:00","dateModified":"2022-04-13T16:17:17+00:00","mainEntityOfPage":{"@id":"https:\/\/scootertime.ch\/fr\/justin-bieber-x-vespa\/"},"wordCount":567,"commentCount":0,"publisher":{"@id":"https:\/\/scootertime.ch\/#organization"},"image":{"@id":"https:\/\/scootertime.ch\/fr\/justin-bieber-x-vespa\/#primaryimage"},"thumbnailUrl":"https:\/\/scootertime.ch\/wp-content\/uploads\/2022\/04\/02_JB-Vespa.jpg","articleSection":["News"],"inLanguage":"fr-FR"},{"@type":"WebPage","@id":"https:\/\/scootertime.ch\/fr\/justin-bieber-x-vespa\/","url":"https:\/\/scootertime.ch\/fr\/justin-bieber-x-vespa\/","name":"Justin Bieber X Vespa - Scootertime","isPartOf":{"@id":"https:\/\/scootertime.ch\/#website"},"primaryImageOfPage":{"@id":"https:\/\/scootertime.ch\/fr\/justin-bieber-x-vespa\/#primaryimage"},"image":{"@id":"https:\/\/scootertime.ch\/fr\/justin-bieber-x-vespa\/#primaryimage"},"thumbnailUrl":"https:\/\/scootertime.ch\/wp-content\/uploads\/2022\/04\/02_JB-Vespa.jpg","datePublished":"2022-04-13T16:03:50+00:00","dateModified":"2022-04-13T16:17:17+00:00","breadcrumb":{"@id":"https:\/\/scootertime.ch\/fr\/justin-bieber-x-vespa\/#breadcrumb"},"inLanguage":"fr-FR","potentialAction":[{"@type":"ReadAction","target":["https:\/\/scootertime.ch\/fr\/justin-bieber-x-vespa\/"]}]},{"@type":"ImageObject","inLanguage":"fr-FR","@id":"https:\/\/scootertime.ch\/fr\/justin-bieber-x-vespa\/#primaryimage","url":"https:\/\/scootertime.ch\/wp-content\/uploads\/2022\/04\/02_JB-Vespa.jpg","contentUrl":"https:\/\/scootertime.ch\/wp-content\/uploads\/2022\/04\/02_JB-Vespa.jpg","width":599,"height":400,"caption":"JB Vespa"},{"@type":"BreadcrumbList","@id":"https:\/\/scootertime.ch\/fr\/justin-bieber-x-vespa\/#breadcrumb","itemListElement":[{"@type":"ListItem","position":1,"name":"Home","item":"https:\/\/scootertime.ch\/fr\/"},{"@type":"ListItem","position":2,"name":"Justin Bieber X Vespa"}]},{"@type":"WebSite","@id":"https:\/\/scootertime.ch\/#website","url":"https:\/\/scootertime.ch\/","name":"Scootertime","description":"Das erste Schweizer Rollermagazin","publisher":{"@id":"https:\/\/scootertime.ch\/#organization"},"potentialAction":[{"@type":"SearchAction","target":{"@type":"EntryPoint","urlTemplate":"https:\/\/scootertime.ch\/?s={search_term_string}"},"query-input":{"@type":"PropertyValueSpecification","valueRequired":true,"valueName":"search_term_string"}}],"inLanguage":"fr-FR"},{"@type":"Organization","@id":"https:\/\/scootertime.ch\/#organization","name":"Scootertime","url":"https:\/\/scootertime.ch\/","logo":{"@type":"ImageObject","inLanguage":"fr-FR","@id":"https:\/\/scootertime.ch\/#\/schema\/logo\/image\/","url":"https:\/\/scootertime.ch\/wp-content\/uploads\/2018\/04\/cropped-testata-fondo-nero.jpg","contentUrl":"https:\/\/scootertime.ch\/wp-content\/uploads\/2018\/04\/cropped-testata-fondo-nero.jpg","width":280,"height":90,"caption":"Scootertime"},"image":{"@id":"https:\/\/scootertime.ch\/#\/schema\/logo\/image\/"}},{"@type":"Person","@id":"https:\/\/scootertime.ch\/#\/schema\/person\/7b982e4db7ec822a53954bf2b0df2537","name":"Red. SCT","image":{"@type":"ImageObject","inLanguage":"fr-FR","@id":"https:\/\/secure.gravatar.com\/avatar\/919071c8ee7b6d7474a8e74a8fb9c3b6d7b4606b6d24134ae156375f0b34bc19?s=96&d=mm&r=g","url":"https:\/\/secure.gravatar.com\/avatar\/919071c8ee7b6d7474a8e74a8fb9c3b6d7b4606b6d24134ae156375f0b34bc19?s=96&d=mm&r=g","contentUrl":"https:\/\/secure.gravatar.com\/avatar\/919071c8ee7b6d7474a8e74a8fb9c3b6d7b4606b6d24134ae156375f0b34bc19?s=96&d=mm&r=g","caption":"Red. SCT"},"url":"https:\/\/scootertime.ch\/fr\/author\/admin\/"}]}},"_links":{"self":[{"href":"https:\/\/scootertime.ch\/fr\/wp-json\/wp\/v2\/posts\/7157","targetHints":{"allow":["GET"]}}],"collection":[{"href":"https:\/\/scootertime.ch\/fr\/wp-json\/wp\/v2\/posts"}],"about":[{"href":"https:\/\/scootertime.ch\/fr\/wp-json\/wp\/v2\/types\/post"}],"author":[{"embeddable":true,"href":"https:\/\/scootertime.ch\/fr\/wp-json\/wp\/v2\/users\/1"}],"replies":[{"embeddable":true,"href":"https:\/\/scootertime.ch\/fr\/wp-json\/wp\/v2\/comments?post=7157"}],"version-history":[{"count":2,"href":"https:\/\/scootertime.ch\/fr\/wp-json\/wp\/v2\/posts\/7157\/revisions"}],"predecessor-version":[{"id":7163,"href":"https:\/\/scootertime.ch\/fr\/wp-json\/wp\/v2\/posts\/7157\/revisions\/7163"}],"wp:featuredmedia":[{"embeddable":true,"href":"https:\/\/scootertime.ch\/fr\/wp-json\/wp\/v2\/media\/7149"}],"wp:attachment":[{"href":"https:\/\/scootertime.ch\/fr\/wp-json\/wp\/v2\/media?parent=7157"}],"wp:term":[{"taxonomy":"category","embeddable":true,"href":"https:\/\/scootertime.ch\/fr\/wp-json\/wp\/v2\/categories?post=7157"},{"taxonomy":"post_tag","embeddable":true,"href":"https:\/\/scootertime.ch\/fr\/wp-json\/wp\/v2\/tags?post=7157"}],"curies":[{"name":"wp","href":"https:\/\/api.w.org\/{rel}","templated":true}]}}