{"id":7262,"date":"2022-05-25T08:52:06","date_gmt":"2022-05-25T08:52:06","guid":{"rendered":"http:\/\/scootertime.ch\/?p=7262"},"modified":"2022-05-25T08:52:07","modified_gmt":"2022-05-25T08:52:07","slug":"hoschi-days-2022-un-franc-succes-pour-levenement-moto-et-bike","status":"publish","type":"post","link":"https:\/\/scootertime.ch\/fr\/hoschi-days-2022-un-franc-succes-pour-levenement-moto-et-bike\/","title":{"rendered":"Hoschi Days 2022 \u2013 un franc succ\u00e8s pour l\u2019\u00e9v\u00e9nement moto et bike"},"content":{"rendered":"\n<h4 class=\"wp-block-heading\"> CE SONT PRES DE 8 500 PERSONNES, DE TOUS AGES, QUI ONT AINSI PU PROFITER D\u2019UN PROGRAMME VARIE &#8211; <\/h4>\n\n\n\n<figure class=\"wp-block-image size-large\"><img loading=\"lazy\" decoding=\"async\" width=\"1024\" height=\"683\" src=\"https:\/\/scootertime.ch\/wp-content\/uploads\/2022\/05\/Hoschidays_Tag2-4-1024x683.jpg\" alt=\"Hoschidays 2022\" class=\"wp-image-7275\" srcset=\"https:\/\/scootertime.ch\/wp-content\/uploads\/2022\/05\/Hoschidays_Tag2-4-1024x683.jpg 1024w, https:\/\/scootertime.ch\/wp-content\/uploads\/2022\/05\/Hoschidays_Tag2-4-300x200.jpg 300w, https:\/\/scootertime.ch\/wp-content\/uploads\/2022\/05\/Hoschidays_Tag2-4-768x512.jpg 768w, https:\/\/scootertime.ch\/wp-content\/uploads\/2022\/05\/Hoschidays_Tag2-4-1536x1024.jpg 1536w, https:\/\/scootertime.ch\/wp-content\/uploads\/2022\/05\/Hoschidays_Tag2-4-2048x1366.jpg 2048w, https:\/\/scootertime.ch\/wp-content\/uploads\/2022\/05\/Hoschidays_Tag2-4-435x290.jpg 435w, https:\/\/scootertime.ch\/wp-content\/uploads\/2022\/05\/Hoschidays_Tag2-4-150x100.jpg 150w, https:\/\/scootertime.ch\/wp-content\/uploads\/2022\/05\/Hoschidays_Tag2-4-370x247.jpg 370w\" sizes=\"auto, (max-width: 1024px) 100vw, 1024px\" \/><\/figure>\n\n\n\n<p>Lors des \u00ab Hoschi Days \u00bb organis\u00e9s les 21 et 22 mai \u00e0 Sursee par hostettler group, visiteuses et visiteurs ont v\u00e9cu des moments forts en action, distraction et d\u00e9tente, gr\u00e2ce notamment \u00e0 la pr\u00e9sence de prestigieux invit\u00e9s de la course de moto internationale et d\u2019autres grands noms du FMX, du Trial et du Bike. Ce sont pr\u00e8s de 8 500 personnes, de tous \u00e2ges, qui ont ainsi pu profiter d\u2019un programme vari\u00e9 !<a href=\"http:\/\/scootertime.ch\/fr\/hoschi-days-2022-un-franc-succes-pour-levenement-moto-et-bike\/hoschidays_tag2-45\/\" rel=\"attachment wp-att-7272\"><img loading=\"lazy\" decoding=\"async\" class=\"aligncenter size-full wp-image-7272\" src=\"https:\/\/scootertime.ch\/wp-content\/uploads\/2022\/05\/Hoschidays_Tag2-45.jpg\" alt=\"Hoschidays 2022\" width=\"2458\" height=\"1639\" srcset=\"https:\/\/scootertime.ch\/wp-content\/uploads\/2022\/05\/Hoschidays_Tag2-45.jpg 2458w, https:\/\/scootertime.ch\/wp-content\/uploads\/2022\/05\/Hoschidays_Tag2-45-300x200.jpg 300w, https:\/\/scootertime.ch\/wp-content\/uploads\/2022\/05\/Hoschidays_Tag2-45-1024x683.jpg 1024w, https:\/\/scootertime.ch\/wp-content\/uploads\/2022\/05\/Hoschidays_Tag2-45-768x512.jpg 768w, https:\/\/scootertime.ch\/wp-content\/uploads\/2022\/05\/Hoschidays_Tag2-45-1536x1024.jpg 1536w, https:\/\/scootertime.ch\/wp-content\/uploads\/2022\/05\/Hoschidays_Tag2-45-2048x1366.jpg 2048w, https:\/\/scootertime.ch\/wp-content\/uploads\/2022\/05\/Hoschidays_Tag2-45-435x290.jpg 435w, https:\/\/scootertime.ch\/wp-content\/uploads\/2022\/05\/Hoschidays_Tag2-45-150x100.jpg 150w, https:\/\/scootertime.ch\/wp-content\/uploads\/2022\/05\/Hoschidays_Tag2-45-370x247.jpg 370w\" sizes=\"auto, (max-width: 2458px) 100vw, 2458px\" \/><\/a><\/p>\n<p><strong>Quel que soit leur \u00e2ge,<\/strong> l\u2019ensemble des visiteuses et visiteurs ont trouv\u00e9 leur bonheur durant ces deux jours des Hoschi Days 2022. Tandis que les plus jeunes se sont essay\u00e9s au Bike Pump Track ou fait des tours sur le mini-parcours de cross \u2013 il n\u2019est jamais trop t\u00f4t pour devenir un pilote passionn\u00e9 \u2013 les plus grands ont pu tester le simulateur de course, s\u2019informer aux nombreux stands sur la large offre d\u2019\u00e9quipements de moto et de cycle de grandes marques ou encore faire un essai sur un mod\u00e8le Yamaha. Vincent Mentha de Yamaha Suisse s\u2019est montr\u00e9 satisfait: \u00abAvec nos 43 v\u00e9hicules et quelque 280 essais ainsi que le stand de pi\u00e8ces d\u00e9tach\u00e9es et d\u2019accessoires, nous avons r\u00e9ussi \u00e0 faire vivre la marque Yamaha aupr\u00e8s de nombreux fans de moto.\u00bb<a href=\"http:\/\/scootertime.ch\/fr\/hoschi-days-2022-un-franc-succes-pour-levenement-moto-et-bike\/hoschidays_tag2-23\/\" rel=\"attachment wp-att-7281\"><img loading=\"lazy\" decoding=\"async\" class=\"aligncenter size-full wp-image-7281\" src=\"https:\/\/scootertime.ch\/wp-content\/uploads\/2022\/05\/Hoschidays_Tag2-23.jpg\" alt=\"Hoschidays 2022\" width=\"1023\" height=\"670\" srcset=\"https:\/\/scootertime.ch\/wp-content\/uploads\/2022\/05\/Hoschidays_Tag2-23.jpg 1023w, https:\/\/scootertime.ch\/wp-content\/uploads\/2022\/05\/Hoschidays_Tag2-23-300x196.jpg 300w, https:\/\/scootertime.ch\/wp-content\/uploads\/2022\/05\/Hoschidays_Tag2-23-768x503.jpg 768w, https:\/\/scootertime.ch\/wp-content\/uploads\/2022\/05\/Hoschidays_Tag2-23-292x190.jpg 292w\" sizes=\"auto, (max-width: 1023px) 100vw, 1023px\" \/><\/a><\/p>\n<p><strong>Adr\u00e9naline pure<\/strong><\/p>\n<p>La pouss\u00e9e d\u2019adr\u00e9naline a \u00e9t\u00e9 assur\u00e9e gr\u00e2ce au programme d\u2019animation tr\u00e8s diversifi\u00e9. Les amatrices et amateurs de cross ont ainsi suivi les <strong>figures de FMX<\/strong> de Mat Rebeaud et assist\u00e9 au spectacle de trial pr\u00e9sent\u00e9 par le Circus Trial Crew. Au programme : des sauts p\u00e9rilleux dans tous les sens. Les fans de Chris B\u00f6hm, pour leur part, ont pu s\u2019enflammer lors de son show de <strong>BMX Flatland<\/strong>. Action et figures \u00e9poustouflantes \u00e9taient au rendez-vous. Les membres de la <strong>Flying Metal Crew<\/strong> ont certainement eu la t\u00eate qui tournait aussi sur leur MTB virevoltant dans les airs. Un spectacle grandiose, avec frissons garantis !<\/p>\n<figure id=\"attachment_7269\" aria-describedby=\"caption-attachment-7269\" style=\"width: 2448px\" class=\"wp-caption aligncenter\"><a href=\"http:\/\/scootertime.ch\/fr\/hoschi-days-2022-un-franc-succes-pour-levenement-moto-et-bike\/hoschidays_tag2-111\/\" rel=\"attachment wp-att-7269\"><img loading=\"lazy\" decoding=\"async\" class=\"size-full wp-image-7269\" src=\"https:\/\/scootertime.ch\/wp-content\/uploads\/2022\/05\/Hoschidays_Tag2-111.jpg\" alt=\"Hoschidays 2022\" width=\"2458\" height=\"1639\" srcset=\"https:\/\/scootertime.ch\/wp-content\/uploads\/2022\/05\/Hoschidays_Tag2-111.jpg 2458w, https:\/\/scootertime.ch\/wp-content\/uploads\/2022\/05\/Hoschidays_Tag2-111-300x200.jpg 300w, https:\/\/scootertime.ch\/wp-content\/uploads\/2022\/05\/Hoschidays_Tag2-111-1024x683.jpg 1024w, https:\/\/scootertime.ch\/wp-content\/uploads\/2022\/05\/Hoschidays_Tag2-111-768x512.jpg 768w, https:\/\/scootertime.ch\/wp-content\/uploads\/2022\/05\/Hoschidays_Tag2-111-1536x1024.jpg 1536w, https:\/\/scootertime.ch\/wp-content\/uploads\/2022\/05\/Hoschidays_Tag2-111-2048x1366.jpg 2048w, https:\/\/scootertime.ch\/wp-content\/uploads\/2022\/05\/Hoschidays_Tag2-111-435x290.jpg 435w, https:\/\/scootertime.ch\/wp-content\/uploads\/2022\/05\/Hoschidays_Tag2-111-150x100.jpg 150w, https:\/\/scootertime.ch\/wp-content\/uploads\/2022\/05\/Hoschidays_Tag2-111-370x247.jpg 370w\" sizes=\"auto, (max-width: 2458px) 100vw, 2458px\" \/><\/a><figcaption id=\"caption-attachment-7269\" class=\"wp-caption-text\">P. Hostettler, G. Agostini, P. Coulon<\/figcaption><\/figure>\n<p><strong>Un pilote de l\u00e9gende \u00e0 Sursee : Giacomo Agostini<br \/><\/strong>Des longues files d\u2019attente ont accompagn\u00e9 les s\u00e9ances d\u2019autographes des invit\u00e9s sp\u00e9ciaux, surtout pour Giacomo Agostini, consid\u00e9r\u00e9 comme le meilleur pilote de vitesse de tous les temps. \u00c0 son palmar\u00e8s, il compte 15 titres de champion du monde, 122 Grand Prix, 117 meilleurs tours en course ainsi que dix victoires au TT de l\u2019\u00eele de Man. Aucun autre n\u2019en a fait autant. Pas \u00e9tonnant donc que ses fans munis de photos, livres, casques et autres objets aient attendu si longtemps pour le voir. Toutes et tous voulaient faire signer leurs souvenirs d\u2019un autographe original du meilleur pilote de tous les temps.<\/p>\n<figure id=\"attachment_7278\" aria-describedby=\"caption-attachment-7278\" style=\"width: 2448px\" class=\"wp-caption aligncenter\"><a href=\"http:\/\/scootertime.ch\/fr\/hoschi-days-2022-un-franc-succes-pour-levenement-moto-et-bike\/hoschidays_tag2-66\/\" rel=\"attachment wp-att-7278\"><img loading=\"lazy\" decoding=\"async\" class=\"size-full wp-image-7278\" src=\"https:\/\/scootertime.ch\/wp-content\/uploads\/2022\/05\/Hoschidays_Tag2-66.jpg\" alt=\"Hoschidays 2022\" width=\"2458\" height=\"1639\" srcset=\"https:\/\/scootertime.ch\/wp-content\/uploads\/2022\/05\/Hoschidays_Tag2-66.jpg 2458w, https:\/\/scootertime.ch\/wp-content\/uploads\/2022\/05\/Hoschidays_Tag2-66-300x200.jpg 300w, https:\/\/scootertime.ch\/wp-content\/uploads\/2022\/05\/Hoschidays_Tag2-66-1024x683.jpg 1024w, https:\/\/scootertime.ch\/wp-content\/uploads\/2022\/05\/Hoschidays_Tag2-66-768x512.jpg 768w, https:\/\/scootertime.ch\/wp-content\/uploads\/2022\/05\/Hoschidays_Tag2-66-1536x1024.jpg 1536w, https:\/\/scootertime.ch\/wp-content\/uploads\/2022\/05\/Hoschidays_Tag2-66-2048x1366.jpg 2048w, https:\/\/scootertime.ch\/wp-content\/uploads\/2022\/05\/Hoschidays_Tag2-66-435x290.jpg 435w, https:\/\/scootertime.ch\/wp-content\/uploads\/2022\/05\/Hoschidays_Tag2-66-150x100.jpg 150w, https:\/\/scootertime.ch\/wp-content\/uploads\/2022\/05\/Hoschidays_Tag2-66-370x247.jpg 370w\" sizes=\"auto, (max-width: 2458px) 100vw, 2458px\" \/><\/a><figcaption id=\"caption-attachment-7278\" class=\"wp-caption-text\">Franco Morbidelli<\/figcaption><\/figure>\n<p><strong>Des pilotes d\u2019usine de Yamaha MotoGP et MXGP sur le d\u00e9part<br \/><\/strong>Yamaha a envoy\u00e9 simultan\u00e9ment \u00e0 Sursee deux pilotes de ses \u00e9quipes pour les s\u00e9ances d\u2019autographes. Le samedi, ce sont les fans du Suisse Jeremy Seewer de l\u2019\u00e9quipe d\u2019usine de Yamaha de motocross (MXGP) qui ont r\u00e9cup\u00e9r\u00e9 une pr\u00e9cieuse signature. Tandis que le dimanche, c\u2019est le pilote de l\u2019\u00e9quipe d\u2019usine Yamaha de MotoGP, Franco Morbidelli, qui a pos\u00e9 pour des selfies et sign\u00e9 des autographes pour sa communaut\u00e9 de fans. Morbidelli a \u00e9t\u00e9 champion du monde en Moto2 et vice-champion du monde en MotoGP en 2020.<a href=\"http:\/\/scootertime.ch\/fr\/hoschi-days-2022-un-franc-succes-pour-levenement-moto-et-bike\/hoschidays_tag2-3\/\" rel=\"attachment wp-att-7263\"><img loading=\"lazy\" decoding=\"async\" class=\"aligncenter wp-image-7263 size-full\" title=\"Hoschidays 2022\" src=\"https:\/\/scootertime.ch\/wp-content\/uploads\/2022\/05\/Hoschidays_Tag2-3.jpg\" alt=\"Hoschidays 2022\" width=\"2458\" height=\"1639\" srcset=\"https:\/\/scootertime.ch\/wp-content\/uploads\/2022\/05\/Hoschidays_Tag2-3.jpg 2458w, https:\/\/scootertime.ch\/wp-content\/uploads\/2022\/05\/Hoschidays_Tag2-3-300x200.jpg 300w, https:\/\/scootertime.ch\/wp-content\/uploads\/2022\/05\/Hoschidays_Tag2-3-1024x683.jpg 1024w, https:\/\/scootertime.ch\/wp-content\/uploads\/2022\/05\/Hoschidays_Tag2-3-768x512.jpg 768w, https:\/\/scootertime.ch\/wp-content\/uploads\/2022\/05\/Hoschidays_Tag2-3-1536x1024.jpg 1536w, https:\/\/scootertime.ch\/wp-content\/uploads\/2022\/05\/Hoschidays_Tag2-3-2048x1366.jpg 2048w, https:\/\/scootertime.ch\/wp-content\/uploads\/2022\/05\/Hoschidays_Tag2-3-435x290.jpg 435w, https:\/\/scootertime.ch\/wp-content\/uploads\/2022\/05\/Hoschidays_Tag2-3-150x100.jpg 150w, https:\/\/scootertime.ch\/wp-content\/uploads\/2022\/05\/Hoschidays_Tag2-3-370x247.jpg 370w\" sizes=\"auto, (max-width: 2458px) 100vw, 2458px\" \/><\/a><\/p>\n<p><strong>L\u2019iXS Family a galvanis\u00e9 le public<br \/><\/strong>De nombreux membres de l\u2019iXS Family a su mobiliser les foules. Tom L\u00fcthi, Horst Saiger, Mat Rebeaud, Chris B\u00f6hm et bien d\u2019autres ont pu \u00eatre salu\u00e9s. Car, quand hostettler \u00ab appelle \u00bb, tous viennent toujours avec plaisir \u00e0 Sursee. Les pilotes comme le public. Avec quelque 8 500 visiteuses et visiteurs sur les deux jours, le public a \u00e9t\u00e9 nombreux, et m\u00eame <strong>Peter Hostettler<\/strong> s\u2019en f\u00e9licite : <em>\u00ab C\u2019est grandiose ce que les collaboratrices et collaborateurs de hostettler ont r\u00e9ussi \u00e0 mettre sur pied. \u00bb<\/em> Son bilan est bref mais clair : Teamwork = Fun = Happyness! <em>\u00ab Je vous remercie toutes et tous sinc\u00e8rement pour votre investissement et je suis fier de ce que nous avons propos\u00e9 pendant ces deux jours \u00e0 Sursee \u00bb<\/em>, indique Peter Hostettler.<\/p>\n<p><strong>Une large palette d\u2019offres<\/strong><\/p>\n<p>Le site hostettler avait des allures de grand parc d\u2019attractions : de nombreuses marques hostettler ont pr\u00e9sent\u00e9 leur offre diversifi\u00e9e, les entreprises hostettler, leurs formidables produits tout comme les diff\u00e9rents sites, et les \u00e9l\u00e8ves, leurs professions. Et pour le plaisir des papilles, une offre culinaire tr\u00e8s vari\u00e9e \u00e9tait propos\u00e9e. Il est certain que personne n\u2019a d\u00fb quitter le site le ventre vide. Une animation musicale \u00e9tait \u00e9galement au programme.<br \/><br \/><strong>Bilan positif<\/strong><\/p>\n<p>Le pr\u00e9sident du comit\u00e9 d\u2019organisation des Hoschi Days 2022, Raymond Wapf, s\u2019est \u00e9galement montr\u00e9 satisfait : \u00ab Les Hoschi Days ont \u00e9t\u00e9 deux formidables journ\u00e9es. Nous avons eu de multiples retours positifs et nous sommes persuad\u00e9s que ce coup d\u2019envoi de la saison 2022 a \u00e9t\u00e9 tr\u00e8s r\u00e9ussi. \u00bb<\/p>\n","protected":false},"excerpt":{"rendered":"<p>CE SONT PRES DE 8 500 PERSONNES, DE TOUS AGES, QUI ONT\u2026<\/p>\n","protected":false},"author":1,"featured_media":7266,"comment_status":"open","ping_status":"open","sticky":false,"template":"","format":"standard","meta":{"footnotes":""},"categories":[26],"tags":[],"class_list":["post-7262","post","type-post","status-publish","format-standard","has-post-thumbnail","hentry","category-news-fr"],"yoast_head":"<!-- This site is optimized with the Yoast SEO plugin v27.4 - https:\/\/yoast.com\/product\/yoast-seo-wordpress\/ -->\n<title>Hoschi Days 2022 \u2013 un franc succ\u00e8s pour l\u2019\u00e9v\u00e9nement moto et bike - Scootertime<\/title>\n<meta name=\"robots\" content=\"index, follow, max-snippet:-1, max-image-preview:large, max-video-preview:-1\" \/>\n<link rel=\"canonical\" href=\"https:\/\/scootertime.ch\/fr\/hoschi-days-2022-un-franc-succes-pour-levenement-moto-et-bike\/\" \/>\n<meta property=\"og:locale\" content=\"fr_FR\" \/>\n<meta property=\"og:type\" content=\"article\" \/>\n<meta property=\"og:title\" content=\"Hoschi Days 2022 \u2013 un franc succ\u00e8s pour l\u2019\u00e9v\u00e9nement moto et bike - Scootertime\" \/>\n<meta property=\"og:description\" content=\"CE SONT PRES DE 8 500 PERSONNES, DE TOUS AGES, QUI ONT\u2026\" \/>\n<meta property=\"og:url\" content=\"https:\/\/scootertime.ch\/fr\/hoschi-days-2022-un-franc-succes-pour-levenement-moto-et-bike\/\" \/>\n<meta property=\"og:site_name\" content=\"Scootertime\" \/>\n<meta property=\"article:published_time\" content=\"2022-05-25T08:52:06+00:00\" \/>\n<meta property=\"article:modified_time\" content=\"2022-05-25T08:52:07+00:00\" \/>\n<meta property=\"og:image\" content=\"https:\/\/scootertime.ch\/wp-content\/uploads\/2022\/05\/Hoschidays_Tag2-87.jpg\" \/>\n\t<meta property=\"og:image:width\" content=\"2458\" \/>\n\t<meta property=\"og:image:height\" content=\"1639\" \/>\n\t<meta property=\"og:image:type\" content=\"image\/jpeg\" \/>\n<meta name=\"author\" content=\"Red. SCT\" \/>\n<meta name=\"twitter:card\" content=\"summary_large_image\" \/>\n<meta name=\"twitter:label1\" content=\"\u00c9crit par\" \/>\n\t<meta name=\"twitter:data1\" content=\"Red. SCT\" \/>\n\t<meta name=\"twitter:label2\" content=\"Dur\u00e9e de lecture estim\u00e9e\" \/>\n\t<meta name=\"twitter:data2\" content=\"4 minutes\" \/>\n<script type=\"application\/ld+json\" class=\"yoast-schema-graph\">{\"@context\":\"https:\\\/\\\/schema.org\",\"@graph\":[{\"@type\":\"Article\",\"@id\":\"https:\\\/\\\/scootertime.ch\\\/fr\\\/hoschi-days-2022-un-franc-succes-pour-levenement-moto-et-bike\\\/#article\",\"isPartOf\":{\"@id\":\"https:\\\/\\\/scootertime.ch\\\/fr\\\/hoschi-days-2022-un-franc-succes-pour-levenement-moto-et-bike\\\/\"},\"author\":{\"name\":\"Red. SCT\",\"@id\":\"https:\\\/\\\/scootertime.ch\\\/#\\\/schema\\\/person\\\/7b982e4db7ec822a53954bf2b0df2537\"},\"headline\":\"Hoschi Days 2022 \u2013 un franc succ\u00e8s pour l\u2019\u00e9v\u00e9nement moto et bike\",\"datePublished\":\"2022-05-25T08:52:06+00:00\",\"dateModified\":\"2022-05-25T08:52:07+00:00\",\"mainEntityOfPage\":{\"@id\":\"https:\\\/\\\/scootertime.ch\\\/fr\\\/hoschi-days-2022-un-franc-succes-pour-levenement-moto-et-bike\\\/\"},\"wordCount\":873,\"commentCount\":0,\"publisher\":{\"@id\":\"https:\\\/\\\/scootertime.ch\\\/#organization\"},\"image\":{\"@id\":\"https:\\\/\\\/scootertime.ch\\\/fr\\\/hoschi-days-2022-un-franc-succes-pour-levenement-moto-et-bike\\\/#primaryimage\"},\"thumbnailUrl\":\"https:\\\/\\\/scootertime.ch\\\/wp-content\\\/uploads\\\/2022\\\/05\\\/Hoschidays_Tag2-87.jpg\",\"articleSection\":[\"News\"],\"inLanguage\":\"fr-FR\"},{\"@type\":\"WebPage\",\"@id\":\"https:\\\/\\\/scootertime.ch\\\/fr\\\/hoschi-days-2022-un-franc-succes-pour-levenement-moto-et-bike\\\/\",\"url\":\"https:\\\/\\\/scootertime.ch\\\/fr\\\/hoschi-days-2022-un-franc-succes-pour-levenement-moto-et-bike\\\/\",\"name\":\"Hoschi Days 2022 \u2013 un franc succ\u00e8s pour l\u2019\u00e9v\u00e9nement moto et bike - Scootertime\",\"isPartOf\":{\"@id\":\"https:\\\/\\\/scootertime.ch\\\/#website\"},\"primaryImageOfPage\":{\"@id\":\"https:\\\/\\\/scootertime.ch\\\/fr\\\/hoschi-days-2022-un-franc-succes-pour-levenement-moto-et-bike\\\/#primaryimage\"},\"image\":{\"@id\":\"https:\\\/\\\/scootertime.ch\\\/fr\\\/hoschi-days-2022-un-franc-succes-pour-levenement-moto-et-bike\\\/#primaryimage\"},\"thumbnailUrl\":\"https:\\\/\\\/scootertime.ch\\\/wp-content\\\/uploads\\\/2022\\\/05\\\/Hoschidays_Tag2-87.jpg\",\"datePublished\":\"2022-05-25T08:52:06+00:00\",\"dateModified\":\"2022-05-25T08:52:07+00:00\",\"breadcrumb\":{\"@id\":\"https:\\\/\\\/scootertime.ch\\\/fr\\\/hoschi-days-2022-un-franc-succes-pour-levenement-moto-et-bike\\\/#breadcrumb\"},\"inLanguage\":\"fr-FR\",\"potentialAction\":[{\"@type\":\"ReadAction\",\"target\":[\"https:\\\/\\\/scootertime.ch\\\/fr\\\/hoschi-days-2022-un-franc-succes-pour-levenement-moto-et-bike\\\/\"]}]},{\"@type\":\"ImageObject\",\"inLanguage\":\"fr-FR\",\"@id\":\"https:\\\/\\\/scootertime.ch\\\/fr\\\/hoschi-days-2022-un-franc-succes-pour-levenement-moto-et-bike\\\/#primaryimage\",\"url\":\"https:\\\/\\\/scootertime.ch\\\/wp-content\\\/uploads\\\/2022\\\/05\\\/Hoschidays_Tag2-87.jpg\",\"contentUrl\":\"https:\\\/\\\/scootertime.ch\\\/wp-content\\\/uploads\\\/2022\\\/05\\\/Hoschidays_Tag2-87.jpg\",\"width\":2458,\"height\":1639,\"caption\":\"Giacomo Agostini\"},{\"@type\":\"BreadcrumbList\",\"@id\":\"https:\\\/\\\/scootertime.ch\\\/fr\\\/hoschi-days-2022-un-franc-succes-pour-levenement-moto-et-bike\\\/#breadcrumb\",\"itemListElement\":[{\"@type\":\"ListItem\",\"position\":1,\"name\":\"Home\",\"item\":\"https:\\\/\\\/scootertime.ch\\\/fr\\\/\"},{\"@type\":\"ListItem\",\"position\":2,\"name\":\"Hoschi Days 2022 \u2013 un franc succ\u00e8s pour l\u2019\u00e9v\u00e9nement moto et bike\"}]},{\"@type\":\"WebSite\",\"@id\":\"https:\\\/\\\/scootertime.ch\\\/#website\",\"url\":\"https:\\\/\\\/scootertime.ch\\\/\",\"name\":\"Scootertime\",\"description\":\"Das erste Schweizer Rollermagazin\",\"publisher\":{\"@id\":\"https:\\\/\\\/scootertime.ch\\\/#organization\"},\"potentialAction\":[{\"@type\":\"SearchAction\",\"target\":{\"@type\":\"EntryPoint\",\"urlTemplate\":\"https:\\\/\\\/scootertime.ch\\\/?s={search_term_string}\"},\"query-input\":{\"@type\":\"PropertyValueSpecification\",\"valueRequired\":true,\"valueName\":\"search_term_string\"}}],\"inLanguage\":\"fr-FR\"},{\"@type\":\"Organization\",\"@id\":\"https:\\\/\\\/scootertime.ch\\\/#organization\",\"name\":\"Scootertime\",\"url\":\"https:\\\/\\\/scootertime.ch\\\/\",\"logo\":{\"@type\":\"ImageObject\",\"inLanguage\":\"fr-FR\",\"@id\":\"https:\\\/\\\/scootertime.ch\\\/#\\\/schema\\\/logo\\\/image\\\/\",\"url\":\"https:\\\/\\\/scootertime.ch\\\/wp-content\\\/uploads\\\/2018\\\/04\\\/cropped-testata-fondo-nero.jpg\",\"contentUrl\":\"https:\\\/\\\/scootertime.ch\\\/wp-content\\\/uploads\\\/2018\\\/04\\\/cropped-testata-fondo-nero.jpg\",\"width\":280,\"height\":90,\"caption\":\"Scootertime\"},\"image\":{\"@id\":\"https:\\\/\\\/scootertime.ch\\\/#\\\/schema\\\/logo\\\/image\\\/\"}},{\"@type\":\"Person\",\"@id\":\"https:\\\/\\\/scootertime.ch\\\/#\\\/schema\\\/person\\\/7b982e4db7ec822a53954bf2b0df2537\",\"name\":\"Red. SCT\",\"image\":{\"@type\":\"ImageObject\",\"inLanguage\":\"fr-FR\",\"@id\":\"https:\\\/\\\/secure.gravatar.com\\\/avatar\\\/919071c8ee7b6d7474a8e74a8fb9c3b6d7b4606b6d24134ae156375f0b34bc19?s=96&d=mm&r=g\",\"url\":\"https:\\\/\\\/secure.gravatar.com\\\/avatar\\\/919071c8ee7b6d7474a8e74a8fb9c3b6d7b4606b6d24134ae156375f0b34bc19?s=96&d=mm&r=g\",\"contentUrl\":\"https:\\\/\\\/secure.gravatar.com\\\/avatar\\\/919071c8ee7b6d7474a8e74a8fb9c3b6d7b4606b6d24134ae156375f0b34bc19?s=96&d=mm&r=g\",\"caption\":\"Red. SCT\"},\"url\":\"https:\\\/\\\/scootertime.ch\\\/fr\\\/author\\\/admin\\\/\"}]}<\/script>\n<!-- \/ Yoast SEO plugin. -->","yoast_head_json":{"title":"Hoschi Days 2022 \u2013 un franc succ\u00e8s pour l\u2019\u00e9v\u00e9nement moto et bike - Scootertime","robots":{"index":"index","follow":"follow","max-snippet":"max-snippet:-1","max-image-preview":"max-image-preview:large","max-video-preview":"max-video-preview:-1"},"canonical":"https:\/\/scootertime.ch\/fr\/hoschi-days-2022-un-franc-succes-pour-levenement-moto-et-bike\/","og_locale":"fr_FR","og_type":"article","og_title":"Hoschi Days 2022 \u2013 un franc succ\u00e8s pour l\u2019\u00e9v\u00e9nement moto et bike - Scootertime","og_description":"CE SONT PRES DE 8 500 PERSONNES, DE TOUS AGES, QUI ONT\u2026","og_url":"https:\/\/scootertime.ch\/fr\/hoschi-days-2022-un-franc-succes-pour-levenement-moto-et-bike\/","og_site_name":"Scootertime","article_published_time":"2022-05-25T08:52:06+00:00","article_modified_time":"2022-05-25T08:52:07+00:00","og_image":[{"width":2458,"height":1639,"url":"https:\/\/scootertime.ch\/wp-content\/uploads\/2022\/05\/Hoschidays_Tag2-87.jpg","type":"image\/jpeg"}],"author":"Red. SCT","twitter_card":"summary_large_image","twitter_misc":{"\u00c9crit par":"Red. SCT","Dur\u00e9e de lecture estim\u00e9e":"4 minutes"},"schema":{"@context":"https:\/\/schema.org","@graph":[{"@type":"Article","@id":"https:\/\/scootertime.ch\/fr\/hoschi-days-2022-un-franc-succes-pour-levenement-moto-et-bike\/#article","isPartOf":{"@id":"https:\/\/scootertime.ch\/fr\/hoschi-days-2022-un-franc-succes-pour-levenement-moto-et-bike\/"},"author":{"name":"Red. SCT","@id":"https:\/\/scootertime.ch\/#\/schema\/person\/7b982e4db7ec822a53954bf2b0df2537"},"headline":"Hoschi Days 2022 \u2013 un franc succ\u00e8s pour l\u2019\u00e9v\u00e9nement moto et bike","datePublished":"2022-05-25T08:52:06+00:00","dateModified":"2022-05-25T08:52:07+00:00","mainEntityOfPage":{"@id":"https:\/\/scootertime.ch\/fr\/hoschi-days-2022-un-franc-succes-pour-levenement-moto-et-bike\/"},"wordCount":873,"commentCount":0,"publisher":{"@id":"https:\/\/scootertime.ch\/#organization"},"image":{"@id":"https:\/\/scootertime.ch\/fr\/hoschi-days-2022-un-franc-succes-pour-levenement-moto-et-bike\/#primaryimage"},"thumbnailUrl":"https:\/\/scootertime.ch\/wp-content\/uploads\/2022\/05\/Hoschidays_Tag2-87.jpg","articleSection":["News"],"inLanguage":"fr-FR"},{"@type":"WebPage","@id":"https:\/\/scootertime.ch\/fr\/hoschi-days-2022-un-franc-succes-pour-levenement-moto-et-bike\/","url":"https:\/\/scootertime.ch\/fr\/hoschi-days-2022-un-franc-succes-pour-levenement-moto-et-bike\/","name":"Hoschi Days 2022 \u2013 un franc succ\u00e8s pour l\u2019\u00e9v\u00e9nement moto et bike - Scootertime","isPartOf":{"@id":"https:\/\/scootertime.ch\/#website"},"primaryImageOfPage":{"@id":"https:\/\/scootertime.ch\/fr\/hoschi-days-2022-un-franc-succes-pour-levenement-moto-et-bike\/#primaryimage"},"image":{"@id":"https:\/\/scootertime.ch\/fr\/hoschi-days-2022-un-franc-succes-pour-levenement-moto-et-bike\/#primaryimage"},"thumbnailUrl":"https:\/\/scootertime.ch\/wp-content\/uploads\/2022\/05\/Hoschidays_Tag2-87.jpg","datePublished":"2022-05-25T08:52:06+00:00","dateModified":"2022-05-25T08:52:07+00:00","breadcrumb":{"@id":"https:\/\/scootertime.ch\/fr\/hoschi-days-2022-un-franc-succes-pour-levenement-moto-et-bike\/#breadcrumb"},"inLanguage":"fr-FR","potentialAction":[{"@type":"ReadAction","target":["https:\/\/scootertime.ch\/fr\/hoschi-days-2022-un-franc-succes-pour-levenement-moto-et-bike\/"]}]},{"@type":"ImageObject","inLanguage":"fr-FR","@id":"https:\/\/scootertime.ch\/fr\/hoschi-days-2022-un-franc-succes-pour-levenement-moto-et-bike\/#primaryimage","url":"https:\/\/scootertime.ch\/wp-content\/uploads\/2022\/05\/Hoschidays_Tag2-87.jpg","contentUrl":"https:\/\/scootertime.ch\/wp-content\/uploads\/2022\/05\/Hoschidays_Tag2-87.jpg","width":2458,"height":1639,"caption":"Giacomo Agostini"},{"@type":"BreadcrumbList","@id":"https:\/\/scootertime.ch\/fr\/hoschi-days-2022-un-franc-succes-pour-levenement-moto-et-bike\/#breadcrumb","itemListElement":[{"@type":"ListItem","position":1,"name":"Home","item":"https:\/\/scootertime.ch\/fr\/"},{"@type":"ListItem","position":2,"name":"Hoschi Days 2022 \u2013 un franc succ\u00e8s pour l\u2019\u00e9v\u00e9nement moto et bike"}]},{"@type":"WebSite","@id":"https:\/\/scootertime.ch\/#website","url":"https:\/\/scootertime.ch\/","name":"Scootertime","description":"Das erste Schweizer Rollermagazin","publisher":{"@id":"https:\/\/scootertime.ch\/#organization"},"potentialAction":[{"@type":"SearchAction","target":{"@type":"EntryPoint","urlTemplate":"https:\/\/scootertime.ch\/?s={search_term_string}"},"query-input":{"@type":"PropertyValueSpecification","valueRequired":true,"valueName":"search_term_string"}}],"inLanguage":"fr-FR"},{"@type":"Organization","@id":"https:\/\/scootertime.ch\/#organization","name":"Scootertime","url":"https:\/\/scootertime.ch\/","logo":{"@type":"ImageObject","inLanguage":"fr-FR","@id":"https:\/\/scootertime.ch\/#\/schema\/logo\/image\/","url":"https:\/\/scootertime.ch\/wp-content\/uploads\/2018\/04\/cropped-testata-fondo-nero.jpg","contentUrl":"https:\/\/scootertime.ch\/wp-content\/uploads\/2018\/04\/cropped-testata-fondo-nero.jpg","width":280,"height":90,"caption":"Scootertime"},"image":{"@id":"https:\/\/scootertime.ch\/#\/schema\/logo\/image\/"}},{"@type":"Person","@id":"https:\/\/scootertime.ch\/#\/schema\/person\/7b982e4db7ec822a53954bf2b0df2537","name":"Red. SCT","image":{"@type":"ImageObject","inLanguage":"fr-FR","@id":"https:\/\/secure.gravatar.com\/avatar\/919071c8ee7b6d7474a8e74a8fb9c3b6d7b4606b6d24134ae156375f0b34bc19?s=96&d=mm&r=g","url":"https:\/\/secure.gravatar.com\/avatar\/919071c8ee7b6d7474a8e74a8fb9c3b6d7b4606b6d24134ae156375f0b34bc19?s=96&d=mm&r=g","contentUrl":"https:\/\/secure.gravatar.com\/avatar\/919071c8ee7b6d7474a8e74a8fb9c3b6d7b4606b6d24134ae156375f0b34bc19?s=96&d=mm&r=g","caption":"Red. SCT"},"url":"https:\/\/scootertime.ch\/fr\/author\/admin\/"}]}},"_links":{"self":[{"href":"https:\/\/scootertime.ch\/fr\/wp-json\/wp\/v2\/posts\/7262","targetHints":{"allow":["GET"]}}],"collection":[{"href":"https:\/\/scootertime.ch\/fr\/wp-json\/wp\/v2\/posts"}],"about":[{"href":"https:\/\/scootertime.ch\/fr\/wp-json\/wp\/v2\/types\/post"}],"author":[{"embeddable":true,"href":"https:\/\/scootertime.ch\/fr\/wp-json\/wp\/v2\/users\/1"}],"replies":[{"embeddable":true,"href":"https:\/\/scootertime.ch\/fr\/wp-json\/wp\/v2\/comments?post=7262"}],"version-history":[{"count":2,"href":"https:\/\/scootertime.ch\/fr\/wp-json\/wp\/v2\/posts\/7262\/revisions"}],"predecessor-version":[{"id":7285,"href":"https:\/\/scootertime.ch\/fr\/wp-json\/wp\/v2\/posts\/7262\/revisions\/7285"}],"wp:featuredmedia":[{"embeddable":true,"href":"https:\/\/scootertime.ch\/fr\/wp-json\/wp\/v2\/media\/7266"}],"wp:attachment":[{"href":"https:\/\/scootertime.ch\/fr\/wp-json\/wp\/v2\/media?parent=7262"}],"wp:term":[{"taxonomy":"category","embeddable":true,"href":"https:\/\/scootertime.ch\/fr\/wp-json\/wp\/v2\/categories?post=7262"},{"taxonomy":"post_tag","embeddable":true,"href":"https:\/\/scootertime.ch\/fr\/wp-json\/wp\/v2\/tags?post=7262"}],"curies":[{"name":"wp","href":"https:\/\/api.w.org\/{rel}","templated":true}]}}