{"id":9308,"date":"2023-11-06T16:37:08","date_gmt":"2023-11-06T16:37:08","guid":{"rendered":"http:\/\/scootertime.ch\/?p=9308"},"modified":"2025-09-18T01:03:59","modified_gmt":"2025-09-18T00:03:59","slug":"scooters-yamaha-pour-2024-le-pouvoir-dajouter-une-autre-dimension","status":"publish","type":"post","link":"https:\/\/scootertime.ch\/fr\/scooters-yamaha-pour-2024-le-pouvoir-dajouter-une-autre-dimension\/","title":{"rendered":"SCOOTERS YAMAHA POUR 2024 : LE POUVOIR D\u2019AJOUTER UNE AUTRE DIMENSION"},"content":{"rendered":"\n<h4 class=\"wp-block-heading\"><strong>Le tout nouveau scooter urbain RayZR et la nouvelle gamme coloris \u00e9clatants de scooters \u2013<\/strong><\/h4>\n\n\n\n<figure class=\"wp-block-image size-large\"><img loading=\"lazy\" decoding=\"async\" width=\"710\" height=\"400\" src=\"https:\/\/scootertime.ch\/wp-content\/uploads\/2023\/11\/350TluHxaEi9B-B_zcRtUJ.jpg\" alt=\"350TluHxaEi9B-B_zcRtUJ\" class=\"wp-image-9295\" srcset=\"https:\/\/scootertime.ch\/wp-content\/uploads\/2023\/11\/350TluHxaEi9B-B_zcRtUJ.jpg 710w, https:\/\/scootertime.ch\/wp-content\/uploads\/2023\/11\/350TluHxaEi9B-B_zcRtUJ-300x169.jpg 300w\" sizes=\"auto, (max-width: 710px) 100vw, 710px\" \/><\/figure>\n\n\n\n<p>La gamme 2024 de Yamaha offre aux scoot\u00e9ristes europ\u00e9ens le plus grand choix de mod\u00e8les dans toutes les cat\u00e9gories. Fond\u00e9e en 1955 par Genichi Kawakami, la Yamaha Motor Company s\u2019est attach\u00e9e \u00e0 cr\u00e9er des machines innovantes et gratifiantes, con\u00e7ues pour offrir le KANDO \u00e0 ses clients, le sentiment int\u00e9rieur de profonde satisfaction et d\u2019excitation intense ressenti lorsqu\u2019on d\u00e9couvre quelque chose d\u2019une valeur, d\u2019une qualit\u00e9 et d\u2019une performance exceptionnelles.<\/p>\n<div id='gallery-1' class='gallery galleryid-9308 gallery-columns-2 gallery-size-full'><figure class='gallery-item'>\n\t\t\t<div class='gallery-icon landscape'>\n\t\t\t\t<a href='https:\/\/scootertime.ch\/fr\/0gfvem8w44d93enkuaa3ge-2\/'><img loading=\"lazy\" decoding=\"async\" width=\"710\" height=\"400\" src=\"https:\/\/scootertime.ch\/wp-content\/uploads\/2023\/11\/0GfVeM8w44D93enKUaA3GE.jpg\" class=\"attachment-full size-full\" alt=\"0GfVeM8w44D93enKUaA3GE\" srcset=\"https:\/\/scootertime.ch\/wp-content\/uploads\/2023\/11\/0GfVeM8w44D93enKUaA3GE.jpg 710w, https:\/\/scootertime.ch\/wp-content\/uploads\/2023\/11\/0GfVeM8w44D93enKUaA3GE-300x169.jpg 300w\" sizes=\"auto, (max-width: 710px) 100vw, 710px\" \/><\/a>\n\t\t\t<\/div><\/figure><figure class='gallery-item'>\n\t\t\t<div class='gallery-icon landscape'>\n\t\t\t\t<a href='https:\/\/scootertime.ch\/fr\/1e-_o1y-avy9iqaep7alwh-2\/'><img loading=\"lazy\" decoding=\"async\" width=\"710\" height=\"400\" src=\"https:\/\/scootertime.ch\/wp-content\/uploads\/2023\/11\/1E-_o1y-avy9iqAep7ALWH.jpg\" class=\"attachment-full size-full\" alt=\"1E-_o1y-avy9iqAep7ALWH\" srcset=\"https:\/\/scootertime.ch\/wp-content\/uploads\/2023\/11\/1E-_o1y-avy9iqAep7ALWH.jpg 710w, https:\/\/scootertime.ch\/wp-content\/uploads\/2023\/11\/1E-_o1y-avy9iqAep7ALWH-300x169.jpg 300w\" sizes=\"auto, (max-width: 710px) 100vw, 710px\" \/><\/a>\n\t\t\t<\/div><\/figure>\n\t\t<\/div>\n\n<p><strong>Sport Scooter &#8211; <\/strong>La gamme dynamique MAX de Yamaha est la ligne la plus r\u00e9ussie dans le monde des Sport Scooter. Tout a commenc\u00e9 en\u00a02001 avec l\u2019embl\u00e9matique Yamaha TMAX, une machine vraiment remarquable qui a totalement transform\u00e9 le march\u00e9 il y a deux d\u00e9cennies en offrant les performances et la maniabilit\u00e9 d\u2019une moto avec la simplicit\u00e9 et la commodit\u00e9 d\u2019un scooter. En 2006, les mod\u00e8les XMAX originaux ont ouvert un tout nouveau march\u00e9 et permis \u00e0 des milliers de clients de d\u00e9couvrir un moyen amusant, \u00e9l\u00e9gant et \u00e9conomique de se d\u00e9placer pendant la semaine, tout en ayant la possibilit\u00e9 de profiter d\u2019une conduite de loisirs dynamique et sportive le week-end.<a href=\"http:\/\/scootertime.ch\/fr\/c8lyol26kedayyzz8-j2qx-2\/\"><img loading=\"lazy\" decoding=\"async\" class=\"aligncenter size-full wp-image-9298\" src=\"https:\/\/scootertime.ch\/wp-content\/uploads\/2023\/11\/C8LYoL26KEDAYYzZ8-J2Qx.jpg\" alt=\"C8LYoL26KEDAYYzZ8-J2Qx\" width=\"710\" height=\"400\" srcset=\"https:\/\/scootertime.ch\/wp-content\/uploads\/2023\/11\/C8LYoL26KEDAYYzZ8-J2Qx.jpg 710w, https:\/\/scootertime.ch\/wp-content\/uploads\/2023\/11\/C8LYoL26KEDAYYzZ8-J2Qx-300x169.jpg 300w\" sizes=\"auto, (max-width: 710px) 100vw, 710px\" \/><\/a><\/p>\n<p>Offrant \u00e0 chacun l\u2019exp\u00e9rience de conduite ultime tout en inspirant une fiert\u00e9 de propri\u00e9taire in\u00e9gal\u00e9e, la derni\u00e8re gamme MAX connect\u00e9e repr\u00e9sente l\u2019une des plus grandes avanc\u00e9es dans la conception des scooters de sport Yamaha de ces derni\u00e8res ann\u00e9es.<\/p>\n<p>En 2024, tous les mod\u00e8les de scooters de sport seront disponibles dans un nouveau coloris et dans un coloris conserv\u00e9.<\/p>\n<p>TMAX Tech MAX<br \/>Nouveau : Dark Magma<br \/>Conserv\u00e9 : Tech Black<\/p>\n<p>TMAX<br \/>Nouveau : Icon Black<br \/>Conserv\u00e9 : Sword Grey<\/p>\n<p>XMAX 300 Tech MAX<br \/>Nouveau : Dark Magma<br \/>Conserv\u00e9 : Tech Black<\/p>\n<p>XMAX 300<br \/>Nouveau : Icon Black<br \/>Conserv\u00e9 : Sonic Grey<\/p>\n<p>XMAX 125 Tech MAX<br \/>Nouveau : Dark Magma<br \/>Conserv\u00e9 : Tech Black<\/p>\n<p>XMAX 125<br \/>Nouveau : Icon Black<br \/>Conserv\u00e9 : Sonic Grey<\/p>\n<p><strong>Disponibilit\u00e9<br \/><\/strong>Tous les mod\u00e8les de scooters sportifs seront disponibles chez les partenaires Yamaha \u00e0 partir de d\u00e9cembre 2023.<a href=\"http:\/\/scootertime.ch\/fr\/7ppfu0xlkowb8hyzsfngez-2\/\"><img loading=\"lazy\" decoding=\"async\" class=\"aligncenter size-full wp-image-9289\" src=\"https:\/\/scootertime.ch\/wp-content\/uploads\/2023\/11\/7PPfU0xLKOwB8HYzSfNGEZ.jpg\" alt=\"7PPfU0xLKOwB8HYzSfNGEZ\" width=\"710\" height=\"400\" srcset=\"https:\/\/scootertime.ch\/wp-content\/uploads\/2023\/11\/7PPfU0xLKOwB8HYzSfNGEZ.jpg 710w, https:\/\/scootertime.ch\/wp-content\/uploads\/2023\/11\/7PPfU0xLKOwB8HYzSfNGEZ-300x169.jpg 300w\" sizes=\"auto, (max-width: 710px) 100vw, 710px\" \/><\/a><\/p>\n<p><strong>Urban Mobility &#8211; Nouveau scooter d\u2019entr\u00e9e de gamme RayZR<\/strong><\/p>\n<p>RayZR est un choix d\u2019entr\u00e9e de gamme facile et abordable pour les navetteurs qui recherchent la fiabilit\u00e9, la simplicit\u00e9, l\u2019allure sportive et un prix bas pour leurs trajets en ville. Dot\u00e9 d\u2019une carrosserie dynamique de type moto, ce scooter d\u2019un bon rapport qualit\u00e9-prix est propuls\u00e9 par un moteur \u00e9conomique de 125 cm\u00b3 Euro 5 Blue Core dot\u00e9 d\u2019un syst\u00e8me d\u2019assistance \u00e9lectrique sp\u00e9cial pour des acc\u00e9l\u00e9rations plus rapides.<\/p>\n<div id='gallery-2' class='gallery galleryid-9308 gallery-columns-2 gallery-size-full'><figure class='gallery-item'>\n\t\t\t<div class='gallery-icon landscape'>\n\t\t\t\t<a href='https:\/\/scootertime.ch\/fr\/dtt7-edcq4bacw28y2jqsr-2\/'><img loading=\"lazy\" decoding=\"async\" width=\"710\" height=\"400\" src=\"https:\/\/scootertime.ch\/wp-content\/uploads\/2023\/11\/DTt7-EdCq4BAcW28Y2JQSr.jpg\" class=\"attachment-full size-full\" alt=\"DTt7-EdCq4BAcW28Y2JQSr\" srcset=\"https:\/\/scootertime.ch\/wp-content\/uploads\/2023\/11\/DTt7-EdCq4BAcW28Y2JQSr.jpg 710w, https:\/\/scootertime.ch\/wp-content\/uploads\/2023\/11\/DTt7-EdCq4BAcW28Y2JQSr-300x169.jpg 300w\" sizes=\"auto, (max-width: 710px) 100vw, 710px\" \/><\/a>\n\t\t\t<\/div><\/figure><figure class='gallery-item'>\n\t\t\t<div class='gallery-icon landscape'>\n\t\t\t\t<a href='https:\/\/scootertime.ch\/fr\/edsqel3q4rh9p4ftrzxdiw-2\/'><img loading=\"lazy\" decoding=\"async\" width=\"710\" height=\"400\" src=\"https:\/\/scootertime.ch\/wp-content\/uploads\/2023\/11\/EDSqEl3Q4RH9p4FTRzXdIW.jpg\" class=\"attachment-full size-full\" alt=\"EDSqEl3Q4RH9p4FTRzXdIW\" srcset=\"https:\/\/scootertime.ch\/wp-content\/uploads\/2023\/11\/EDSqEl3Q4RH9p4FTRzXdIW.jpg 710w, https:\/\/scootertime.ch\/wp-content\/uploads\/2023\/11\/EDSqEl3Q4RH9p4FTRzXdIW-300x169.jpg 300w\" sizes=\"auto, (max-width: 710px) 100vw, 710px\" \/><\/a>\n\t\t\t<\/div><\/figure>\n\t\t<\/div>\n\n<p>Avec son poids de 99 kg seulement, ce qui en fait le scooter le plus l\u00e9ger de Yamaha, le RayZR est tr\u00e8s agile dans la circulation urbaine dense et dispose d\u2019un espace de rangement sous la selle qui peut accueillir un casque* ou un sac de courses. Le syst\u00e8me \u00e9cologique Start &amp; Stop de RayZR coupe automatiquement le moteur lorsque le scooter s\u2019arr\u00eate aux feux de circulation ou aux carrefours, ce qui permet d\u2019am\u00e9liorer la consommation de carburant jusqu\u2019\u00e0 4 %. Le nouveau g\u00e9n\u00e9rateur innovant Smart Motor assure en outre des d\u00e9marrages ultra-silencieux.<\/p>\n<p>Dans de nombreux pays, le RayZR n\u00e9cessite un permis B**, et gr\u00e2ce \u00e0 la fiabilit\u00e9 r\u00e9put\u00e9e de Yamaha et \u00e0 un vaste r\u00e9seau de concessionnaires, ce scooter 125 cm\u00b3 au prix comp\u00e9titif offre aux citadins la possibilit\u00e9 d\u2019acheter une marque haut de gamme et d\u2019avoir l\u2019esprit tranquille.<\/p>\n<p><strong>Disponibilit\u00e9<\/strong><br \/>Le RayZR sera disponible chez les partenaires Yamaha \u00e0 partir de mars 2024.<\/p>\n<p>RayZR<br \/>Nouveau : Anodized Red<br \/>Nouveau : Midnight Black<a href=\"http:\/\/scootertime.ch\/fr\/7jwsef-f4gsalsbvja54wu-2\/\"><img loading=\"lazy\" decoding=\"async\" class=\"aligncenter size-full wp-image-9286\" src=\"https:\/\/scootertime.ch\/wp-content\/uploads\/2023\/11\/7jwsef-F4GsAlsBVJa54Wu.jpg\" alt=\"7jwsef-F4GsAlsBVJa54Wu\" width=\"710\" height=\"400\" srcset=\"https:\/\/scootertime.ch\/wp-content\/uploads\/2023\/11\/7jwsef-F4GsAlsBVJa54Wu.jpg 710w, https:\/\/scootertime.ch\/wp-content\/uploads\/2023\/11\/7jwsef-F4GsAlsBVJa54Wu-300x169.jpg 300w\" sizes=\"auto, (max-width: 710px) 100vw, 710px\" \/><\/a><\/p>\n<p><strong>Se d\u00e9placer en ville devient plus facile et plus agr\u00e9able avec un scooter Yamaha Urban Mobility<\/strong><\/p>\n<p>Avec une gamme tr\u00e8s diversifi\u00e9e comprenant des mod\u00e8les 2 et 3\u00a0roues de 125 cm\u00b3 \u00e0 300 cm\u00b3, ainsi qu\u2019en version \u00e9lectrique, la gamme Urban Mobility de Yamaha r\u00e9pond \u00e0 de nombreux styles de vie et go\u00fbts.<\/p>\n<p>Les trois-roues Tricity (300\u00a0cm\u00b3\/155\u00a0cm\u00b3\/125\u00a0cm\u00b3) offrent une sensation de confiance accrue sur les surfaces mouill\u00e9es ou bossel\u00e9es, ce qui en fait l\u2019id\u00e9al pour les nouveaux conducteurs. Le Tricity 300 peut \u00eatre conduit avec un permis B dans de nombreux pays.** Avec le NMAX 125, le mod\u00e8le le plus vendu, et le NMAX 155, plus puissant, ainsi que le D\u2019elight, facile \u00e0 conduire, et les NEO\u2019s \u00e9lectriques, Yamaha continue \u00e0 fournir la meilleure gamme de solutions de transport alternatif pour la ville.<\/p>\n<p>Pour 2024, tous les mod\u00e8les Urban Mobility seront disponibles dans une ou plusieurs nouvelles couleurs, \u00e0 l\u2019exception des NMAX 125 \/ 155 et des NEO\u2019s, pour lesquels toutes les couleurs sont conserv\u00e9es.<\/p>\n<p><em>* Selon la forme du casque, certains mod\u00e8les peuvent ne pas convenir.<\/em><\/p>\n<p><em>\u00a0** Des limites et restrictions peuvent s\u2019appliquer selon le pays en vertu des lois locales en vigueur. En Suisse, un permis de conduire de cat\u00e9gorie A1 est n\u00e9cessaire pour conduire des mod\u00e8les de 125 cm3. Le Tricity 300 peut \u00eatre conduit en Suisse avec un permis de conduire de la cat\u00e9gorie A limit\u00e9e. De plus, Yamaha recommande vivement \u00e0 tous les conducteurs de suivre des stages de formation avant de conduire un v\u00e9hicule \u00e0 deux ou trois roues.<\/em><\/p>\n<p>Tricity 300<br \/>Nouveau : Zen Green<br \/>Conserv\u00e9 : Petrol Blue, Power Grey<\/p>\n<p>Tricity 155<br \/>Nouveau : Zen Green<br \/>Conserv\u00e9 : Petrol Blue, Matt Grey<\/p>\n<p>Tricity 125<br \/>Nouveau : Zen Green<br \/>Conserv\u00e9 : Petrol Blue, Matt Grey<\/p>\n<p>D\u2019elight<br \/>Nouveau : Milky White<br \/>Nouveau : Power Black<br \/>Nouveau : Trendy Red<\/p>\n<p><strong>Disponibilit\u00e9<\/strong><br \/>Tous les mod\u00e8les Tricity (300\/155\/125) seront disponibles chez les partenaires Yamaha \u00e0 partir de janvier 2024. D\u2019elight sera disponible \u00e0 partir de mai 2024.<\/p>\n","protected":false},"excerpt":{"rendered":"<p>Le tout nouveau scooter urbain RayZR et la nouvelle gamme coloris \u00e9clatants\u2026<\/p>\n","protected":false},"author":1,"featured_media":9283,"comment_status":"closed","ping_status":"closed","sticky":false,"template":"","format":"standard","meta":{"footnotes":""},"categories":[26],"tags":[],"class_list":["post-9308","post","type-post","status-publish","format-standard","has-post-thumbnail","hentry","category-news-fr"],"yoast_head":"<!-- This site is optimized with the Yoast SEO plugin v27.4 - https:\/\/yoast.com\/product\/yoast-seo-wordpress\/ -->\n<title>SCOOTERS YAMAHA POUR 2024 : LE POUVOIR D\u2019AJOUTER UNE AUTRE DIMENSION - Scootertime<\/title>\n<meta name=\"robots\" content=\"index, follow, max-snippet:-1, max-image-preview:large, max-video-preview:-1\" \/>\n<link rel=\"canonical\" href=\"https:\/\/scootertime.ch\/fr\/scooters-yamaha-pour-2024-le-pouvoir-dajouter-une-autre-dimension\/\" \/>\n<meta property=\"og:locale\" content=\"fr_FR\" \/>\n<meta property=\"og:type\" content=\"article\" \/>\n<meta property=\"og:title\" content=\"SCOOTERS YAMAHA POUR 2024 : LE POUVOIR D\u2019AJOUTER UNE AUTRE DIMENSION - Scootertime\" \/>\n<meta property=\"og:description\" content=\"Le tout nouveau scooter urbain RayZR et la nouvelle gamme coloris \u00e9clatants\u2026\" \/>\n<meta property=\"og:url\" content=\"https:\/\/scootertime.ch\/fr\/scooters-yamaha-pour-2024-le-pouvoir-dajouter-une-autre-dimension\/\" \/>\n<meta property=\"og:site_name\" content=\"Scootertime\" \/>\n<meta property=\"article:published_time\" content=\"2023-11-06T16:37:08+00:00\" \/>\n<meta property=\"article:modified_time\" content=\"2025-09-18T00:03:59+00:00\" \/>\n<meta property=\"og:image\" content=\"https:\/\/scootertime.ch\/wp-content\/uploads\/2023\/11\/5x90TX0_4vx9aP4qiQfJT2.jpg\" \/>\n\t<meta property=\"og:image:width\" content=\"710\" \/>\n\t<meta property=\"og:image:height\" content=\"400\" \/>\n\t<meta property=\"og:image:type\" content=\"image\/jpeg\" \/>\n<meta name=\"author\" content=\"Red. SCT\" \/>\n<meta name=\"twitter:card\" content=\"summary_large_image\" \/>\n<meta name=\"twitter:label1\" content=\"\u00c9crit par\" \/>\n\t<meta name=\"twitter:data1\" content=\"Red. SCT\" \/>\n\t<meta name=\"twitter:label2\" content=\"Dur\u00e9e de lecture estim\u00e9e\" \/>\n\t<meta name=\"twitter:data2\" content=\"6 minutes\" \/>\n<script type=\"application\/ld+json\" class=\"yoast-schema-graph\">{\"@context\":\"https:\\\/\\\/schema.org\",\"@graph\":[{\"@type\":\"Article\",\"@id\":\"https:\\\/\\\/scootertime.ch\\\/fr\\\/scooters-yamaha-pour-2024-le-pouvoir-dajouter-une-autre-dimension\\\/#article\",\"isPartOf\":{\"@id\":\"https:\\\/\\\/scootertime.ch\\\/fr\\\/scooters-yamaha-pour-2024-le-pouvoir-dajouter-une-autre-dimension\\\/\"},\"author\":{\"name\":\"Red. SCT\",\"@id\":\"https:\\\/\\\/scootertime.ch\\\/#\\\/schema\\\/person\\\/7b982e4db7ec822a53954bf2b0df2537\"},\"headline\":\"SCOOTERS YAMAHA POUR 2024 : LE POUVOIR D\u2019AJOUTER UNE AUTRE DIMENSION\",\"datePublished\":\"2023-11-06T16:37:08+00:00\",\"dateModified\":\"2025-09-18T00:03:59+00:00\",\"mainEntityOfPage\":{\"@id\":\"https:\\\/\\\/scootertime.ch\\\/fr\\\/scooters-yamaha-pour-2024-le-pouvoir-dajouter-une-autre-dimension\\\/\"},\"wordCount\":933,\"publisher\":{\"@id\":\"https:\\\/\\\/scootertime.ch\\\/#organization\"},\"image\":{\"@id\":\"https:\\\/\\\/scootertime.ch\\\/fr\\\/scooters-yamaha-pour-2024-le-pouvoir-dajouter-une-autre-dimension\\\/#primaryimage\"},\"thumbnailUrl\":\"https:\\\/\\\/scootertime.ch\\\/wp-content\\\/uploads\\\/2023\\\/11\\\/5x90TX0_4vx9aP4qiQfJT2.jpg\",\"articleSection\":[\"News\"],\"inLanguage\":\"fr-FR\"},{\"@type\":\"WebPage\",\"@id\":\"https:\\\/\\\/scootertime.ch\\\/fr\\\/scooters-yamaha-pour-2024-le-pouvoir-dajouter-une-autre-dimension\\\/\",\"url\":\"https:\\\/\\\/scootertime.ch\\\/fr\\\/scooters-yamaha-pour-2024-le-pouvoir-dajouter-une-autre-dimension\\\/\",\"name\":\"SCOOTERS YAMAHA POUR 2024 : LE POUVOIR D\u2019AJOUTER UNE AUTRE DIMENSION - Scootertime\",\"isPartOf\":{\"@id\":\"https:\\\/\\\/scootertime.ch\\\/#website\"},\"primaryImageOfPage\":{\"@id\":\"https:\\\/\\\/scootertime.ch\\\/fr\\\/scooters-yamaha-pour-2024-le-pouvoir-dajouter-une-autre-dimension\\\/#primaryimage\"},\"image\":{\"@id\":\"https:\\\/\\\/scootertime.ch\\\/fr\\\/scooters-yamaha-pour-2024-le-pouvoir-dajouter-une-autre-dimension\\\/#primaryimage\"},\"thumbnailUrl\":\"https:\\\/\\\/scootertime.ch\\\/wp-content\\\/uploads\\\/2023\\\/11\\\/5x90TX0_4vx9aP4qiQfJT2.jpg\",\"datePublished\":\"2023-11-06T16:37:08+00:00\",\"dateModified\":\"2025-09-18T00:03:59+00:00\",\"breadcrumb\":{\"@id\":\"https:\\\/\\\/scootertime.ch\\\/fr\\\/scooters-yamaha-pour-2024-le-pouvoir-dajouter-une-autre-dimension\\\/#breadcrumb\"},\"inLanguage\":\"fr-FR\",\"potentialAction\":[{\"@type\":\"ReadAction\",\"target\":[\"https:\\\/\\\/scootertime.ch\\\/fr\\\/scooters-yamaha-pour-2024-le-pouvoir-dajouter-une-autre-dimension\\\/\"]}]},{\"@type\":\"ImageObject\",\"inLanguage\":\"fr-FR\",\"@id\":\"https:\\\/\\\/scootertime.ch\\\/fr\\\/scooters-yamaha-pour-2024-le-pouvoir-dajouter-une-autre-dimension\\\/#primaryimage\",\"url\":\"https:\\\/\\\/scootertime.ch\\\/wp-content\\\/uploads\\\/2023\\\/11\\\/5x90TX0_4vx9aP4qiQfJT2.jpg\",\"contentUrl\":\"https:\\\/\\\/scootertime.ch\\\/wp-content\\\/uploads\\\/2023\\\/11\\\/5x90TX0_4vx9aP4qiQfJT2.jpg\",\"width\":710,\"height\":400,\"caption\":\"Le tout nouveau scooter urbain Yamaha RayZR\"},{\"@type\":\"BreadcrumbList\",\"@id\":\"https:\\\/\\\/scootertime.ch\\\/fr\\\/scooters-yamaha-pour-2024-le-pouvoir-dajouter-une-autre-dimension\\\/#breadcrumb\",\"itemListElement\":[{\"@type\":\"ListItem\",\"position\":1,\"name\":\"Home\",\"item\":\"https:\\\/\\\/scootertime.ch\\\/fr\\\/\"},{\"@type\":\"ListItem\",\"position\":2,\"name\":\"SCOOTERS YAMAHA POUR 2024 : LE POUVOIR D\u2019AJOUTER UNE AUTRE DIMENSION\"}]},{\"@type\":\"WebSite\",\"@id\":\"https:\\\/\\\/scootertime.ch\\\/#website\",\"url\":\"https:\\\/\\\/scootertime.ch\\\/\",\"name\":\"Scootertime\",\"description\":\"Das erste Schweizer Rollermagazin\",\"publisher\":{\"@id\":\"https:\\\/\\\/scootertime.ch\\\/#organization\"},\"potentialAction\":[{\"@type\":\"SearchAction\",\"target\":{\"@type\":\"EntryPoint\",\"urlTemplate\":\"https:\\\/\\\/scootertime.ch\\\/?s={search_term_string}\"},\"query-input\":{\"@type\":\"PropertyValueSpecification\",\"valueRequired\":true,\"valueName\":\"search_term_string\"}}],\"inLanguage\":\"fr-FR\"},{\"@type\":\"Organization\",\"@id\":\"https:\\\/\\\/scootertime.ch\\\/#organization\",\"name\":\"Scootertime\",\"url\":\"https:\\\/\\\/scootertime.ch\\\/\",\"logo\":{\"@type\":\"ImageObject\",\"inLanguage\":\"fr-FR\",\"@id\":\"https:\\\/\\\/scootertime.ch\\\/#\\\/schema\\\/logo\\\/image\\\/\",\"url\":\"https:\\\/\\\/scootertime.ch\\\/wp-content\\\/uploads\\\/2018\\\/04\\\/cropped-testata-fondo-nero.jpg\",\"contentUrl\":\"https:\\\/\\\/scootertime.ch\\\/wp-content\\\/uploads\\\/2018\\\/04\\\/cropped-testata-fondo-nero.jpg\",\"width\":280,\"height\":90,\"caption\":\"Scootertime\"},\"image\":{\"@id\":\"https:\\\/\\\/scootertime.ch\\\/#\\\/schema\\\/logo\\\/image\\\/\"}},{\"@type\":\"Person\",\"@id\":\"https:\\\/\\\/scootertime.ch\\\/#\\\/schema\\\/person\\\/7b982e4db7ec822a53954bf2b0df2537\",\"name\":\"Red. SCT\",\"image\":{\"@type\":\"ImageObject\",\"inLanguage\":\"fr-FR\",\"@id\":\"https:\\\/\\\/secure.gravatar.com\\\/avatar\\\/919071c8ee7b6d7474a8e74a8fb9c3b6d7b4606b6d24134ae156375f0b34bc19?s=96&d=mm&r=g\",\"url\":\"https:\\\/\\\/secure.gravatar.com\\\/avatar\\\/919071c8ee7b6d7474a8e74a8fb9c3b6d7b4606b6d24134ae156375f0b34bc19?s=96&d=mm&r=g\",\"contentUrl\":\"https:\\\/\\\/secure.gravatar.com\\\/avatar\\\/919071c8ee7b6d7474a8e74a8fb9c3b6d7b4606b6d24134ae156375f0b34bc19?s=96&d=mm&r=g\",\"caption\":\"Red. SCT\"},\"url\":\"https:\\\/\\\/scootertime.ch\\\/fr\\\/author\\\/admin\\\/\"}]}<\/script>\n<!-- \/ Yoast SEO plugin. -->","yoast_head_json":{"title":"SCOOTERS YAMAHA POUR 2024 : LE POUVOIR D\u2019AJOUTER UNE AUTRE DIMENSION - Scootertime","robots":{"index":"index","follow":"follow","max-snippet":"max-snippet:-1","max-image-preview":"max-image-preview:large","max-video-preview":"max-video-preview:-1"},"canonical":"https:\/\/scootertime.ch\/fr\/scooters-yamaha-pour-2024-le-pouvoir-dajouter-une-autre-dimension\/","og_locale":"fr_FR","og_type":"article","og_title":"SCOOTERS YAMAHA POUR 2024 : LE POUVOIR D\u2019AJOUTER UNE AUTRE DIMENSION - Scootertime","og_description":"Le tout nouveau scooter urbain RayZR et la nouvelle gamme coloris \u00e9clatants\u2026","og_url":"https:\/\/scootertime.ch\/fr\/scooters-yamaha-pour-2024-le-pouvoir-dajouter-une-autre-dimension\/","og_site_name":"Scootertime","article_published_time":"2023-11-06T16:37:08+00:00","article_modified_time":"2025-09-18T00:03:59+00:00","og_image":[{"width":710,"height":400,"url":"https:\/\/scootertime.ch\/wp-content\/uploads\/2023\/11\/5x90TX0_4vx9aP4qiQfJT2.jpg","type":"image\/jpeg"}],"author":"Red. SCT","twitter_card":"summary_large_image","twitter_misc":{"\u00c9crit par":"Red. SCT","Dur\u00e9e de lecture estim\u00e9e":"6 minutes"},"schema":{"@context":"https:\/\/schema.org","@graph":[{"@type":"Article","@id":"https:\/\/scootertime.ch\/fr\/scooters-yamaha-pour-2024-le-pouvoir-dajouter-une-autre-dimension\/#article","isPartOf":{"@id":"https:\/\/scootertime.ch\/fr\/scooters-yamaha-pour-2024-le-pouvoir-dajouter-une-autre-dimension\/"},"author":{"name":"Red. SCT","@id":"https:\/\/scootertime.ch\/#\/schema\/person\/7b982e4db7ec822a53954bf2b0df2537"},"headline":"SCOOTERS YAMAHA POUR 2024 : LE POUVOIR D\u2019AJOUTER UNE AUTRE DIMENSION","datePublished":"2023-11-06T16:37:08+00:00","dateModified":"2025-09-18T00:03:59+00:00","mainEntityOfPage":{"@id":"https:\/\/scootertime.ch\/fr\/scooters-yamaha-pour-2024-le-pouvoir-dajouter-une-autre-dimension\/"},"wordCount":933,"publisher":{"@id":"https:\/\/scootertime.ch\/#organization"},"image":{"@id":"https:\/\/scootertime.ch\/fr\/scooters-yamaha-pour-2024-le-pouvoir-dajouter-une-autre-dimension\/#primaryimage"},"thumbnailUrl":"https:\/\/scootertime.ch\/wp-content\/uploads\/2023\/11\/5x90TX0_4vx9aP4qiQfJT2.jpg","articleSection":["News"],"inLanguage":"fr-FR"},{"@type":"WebPage","@id":"https:\/\/scootertime.ch\/fr\/scooters-yamaha-pour-2024-le-pouvoir-dajouter-une-autre-dimension\/","url":"https:\/\/scootertime.ch\/fr\/scooters-yamaha-pour-2024-le-pouvoir-dajouter-une-autre-dimension\/","name":"SCOOTERS YAMAHA POUR 2024 : LE POUVOIR D\u2019AJOUTER UNE AUTRE DIMENSION - Scootertime","isPartOf":{"@id":"https:\/\/scootertime.ch\/#website"},"primaryImageOfPage":{"@id":"https:\/\/scootertime.ch\/fr\/scooters-yamaha-pour-2024-le-pouvoir-dajouter-une-autre-dimension\/#primaryimage"},"image":{"@id":"https:\/\/scootertime.ch\/fr\/scooters-yamaha-pour-2024-le-pouvoir-dajouter-une-autre-dimension\/#primaryimage"},"thumbnailUrl":"https:\/\/scootertime.ch\/wp-content\/uploads\/2023\/11\/5x90TX0_4vx9aP4qiQfJT2.jpg","datePublished":"2023-11-06T16:37:08+00:00","dateModified":"2025-09-18T00:03:59+00:00","breadcrumb":{"@id":"https:\/\/scootertime.ch\/fr\/scooters-yamaha-pour-2024-le-pouvoir-dajouter-une-autre-dimension\/#breadcrumb"},"inLanguage":"fr-FR","potentialAction":[{"@type":"ReadAction","target":["https:\/\/scootertime.ch\/fr\/scooters-yamaha-pour-2024-le-pouvoir-dajouter-une-autre-dimension\/"]}]},{"@type":"ImageObject","inLanguage":"fr-FR","@id":"https:\/\/scootertime.ch\/fr\/scooters-yamaha-pour-2024-le-pouvoir-dajouter-une-autre-dimension\/#primaryimage","url":"https:\/\/scootertime.ch\/wp-content\/uploads\/2023\/11\/5x90TX0_4vx9aP4qiQfJT2.jpg","contentUrl":"https:\/\/scootertime.ch\/wp-content\/uploads\/2023\/11\/5x90TX0_4vx9aP4qiQfJT2.jpg","width":710,"height":400,"caption":"Le tout nouveau scooter urbain Yamaha RayZR"},{"@type":"BreadcrumbList","@id":"https:\/\/scootertime.ch\/fr\/scooters-yamaha-pour-2024-le-pouvoir-dajouter-une-autre-dimension\/#breadcrumb","itemListElement":[{"@type":"ListItem","position":1,"name":"Home","item":"https:\/\/scootertime.ch\/fr\/"},{"@type":"ListItem","position":2,"name":"SCOOTERS YAMAHA POUR 2024 : LE POUVOIR D\u2019AJOUTER UNE AUTRE DIMENSION"}]},{"@type":"WebSite","@id":"https:\/\/scootertime.ch\/#website","url":"https:\/\/scootertime.ch\/","name":"Scootertime","description":"Das erste Schweizer Rollermagazin","publisher":{"@id":"https:\/\/scootertime.ch\/#organization"},"potentialAction":[{"@type":"SearchAction","target":{"@type":"EntryPoint","urlTemplate":"https:\/\/scootertime.ch\/?s={search_term_string}"},"query-input":{"@type":"PropertyValueSpecification","valueRequired":true,"valueName":"search_term_string"}}],"inLanguage":"fr-FR"},{"@type":"Organization","@id":"https:\/\/scootertime.ch\/#organization","name":"Scootertime","url":"https:\/\/scootertime.ch\/","logo":{"@type":"ImageObject","inLanguage":"fr-FR","@id":"https:\/\/scootertime.ch\/#\/schema\/logo\/image\/","url":"https:\/\/scootertime.ch\/wp-content\/uploads\/2018\/04\/cropped-testata-fondo-nero.jpg","contentUrl":"https:\/\/scootertime.ch\/wp-content\/uploads\/2018\/04\/cropped-testata-fondo-nero.jpg","width":280,"height":90,"caption":"Scootertime"},"image":{"@id":"https:\/\/scootertime.ch\/#\/schema\/logo\/image\/"}},{"@type":"Person","@id":"https:\/\/scootertime.ch\/#\/schema\/person\/7b982e4db7ec822a53954bf2b0df2537","name":"Red. SCT","image":{"@type":"ImageObject","inLanguage":"fr-FR","@id":"https:\/\/secure.gravatar.com\/avatar\/919071c8ee7b6d7474a8e74a8fb9c3b6d7b4606b6d24134ae156375f0b34bc19?s=96&d=mm&r=g","url":"https:\/\/secure.gravatar.com\/avatar\/919071c8ee7b6d7474a8e74a8fb9c3b6d7b4606b6d24134ae156375f0b34bc19?s=96&d=mm&r=g","contentUrl":"https:\/\/secure.gravatar.com\/avatar\/919071c8ee7b6d7474a8e74a8fb9c3b6d7b4606b6d24134ae156375f0b34bc19?s=96&d=mm&r=g","caption":"Red. SCT"},"url":"https:\/\/scootertime.ch\/fr\/author\/admin\/"}]}},"_links":{"self":[{"href":"https:\/\/scootertime.ch\/fr\/wp-json\/wp\/v2\/posts\/9308","targetHints":{"allow":["GET"]}}],"collection":[{"href":"https:\/\/scootertime.ch\/fr\/wp-json\/wp\/v2\/posts"}],"about":[{"href":"https:\/\/scootertime.ch\/fr\/wp-json\/wp\/v2\/types\/post"}],"author":[{"embeddable":true,"href":"https:\/\/scootertime.ch\/fr\/wp-json\/wp\/v2\/users\/1"}],"replies":[{"embeddable":true,"href":"https:\/\/scootertime.ch\/fr\/wp-json\/wp\/v2\/comments?post=9308"}],"version-history":[{"count":3,"href":"https:\/\/scootertime.ch\/fr\/wp-json\/wp\/v2\/posts\/9308\/revisions"}],"predecessor-version":[{"id":12993,"href":"https:\/\/scootertime.ch\/fr\/wp-json\/wp\/v2\/posts\/9308\/revisions\/12993"}],"wp:featuredmedia":[{"embeddable":true,"href":"https:\/\/scootertime.ch\/fr\/wp-json\/wp\/v2\/media\/9283"}],"wp:attachment":[{"href":"https:\/\/scootertime.ch\/fr\/wp-json\/wp\/v2\/media?parent=9308"}],"wp:term":[{"taxonomy":"category","embeddable":true,"href":"https:\/\/scootertime.ch\/fr\/wp-json\/wp\/v2\/categories?post=9308"},{"taxonomy":"post_tag","embeddable":true,"href":"https:\/\/scootertime.ch\/fr\/wp-json\/wp\/v2\/tags?post=9308"}],"curies":[{"name":"wp","href":"https:\/\/api.w.org\/{rel}","templated":true}]}}